{"id":7124,"date":"2018-08-28T19:52:18","date_gmt":"2018-08-28T19:52:18","guid":{"rendered":"https:\/\/diazreus.com\/marcela-blanco-y-javier-coronado-presentan-ponencia-sobre-lavado-de-activos-seguros-y-seguridad-social-en-foro-organizado-por-la-universidad-de-la-sabana-bogota\/"},"modified":"2021-01-13T16:57:36","modified_gmt":"2021-01-13T16:57:36","slug":"marcela-blanco-y-javier-coronado-presentan-ponencia-sobre-lavado-de-activos-seguros-y-seguridad-social-en-foro-organizado-por-la-universidad-de-la-sabana-bogota","status":"publish","type":"post","link":"https:\/\/diazreus.com\/ru\/marcela-blanco-y-javier-coronado-presentan-ponencia-sobre-lavado-de-activos-seguros-y-seguridad-social-en-foro-organizado-por-la-universidad-de-la-sabana-bogota\/","title":{"rendered":"Marcela Blanco y Javier Coronado presentan ponencia sobre \u201cLavado de Activos, Seguros y Seguridad Social\u201d en foro organizado por la Universidad de la Sabana (Bogot\u00e1)"},"content":{"rendered":"<p><a class=\"dt-pswp-item\" href=\"https:\/\/diazreus.com\/wp-content\/uploads\/2018\/08\/IMG_2138.jpg\" data-dt-img-description=\"\" data-large_image_width=\"640\" data-large_image_height=\"480\"><img loading=\"lazy\" decoding=\"async\" class=\"size-medium wp-image-15196 alignleft\" src=\"https:\/\/diazreus.com\/wp-content\/uploads\/2020\/11\/IMG_2138-300x225-1.jpg\" alt=\"\" width=\"300\" height=\"225\" \/><\/a>25 de agosto, 2018<\/p>\n<p>El 25 de agosto de 2018, <a href=\"https:\/\/diazreus.com\/dt_team\/marcela-cristina-blanco-2\/\">Marcela Blanco<\/a>, directora de las oficinas de Diaz Reus en Bogot\u00e1, y <a href=\"https:\/\/diazreus.com\/dt_team\/javier-coronado-diaz\/\">Javier Coronado,<\/a>abogado asociado, presentaron una ponencia sobre los\u00a0\u201cLavado de Activos, Seguros y Seguridad Social\u201d\u00a0en el evento acad\u00e9mico organizado por la Facultad de Derecho y Ciencias Pol\u00edticas de la Universidad de la Sabana (Bogot\u00e1) para celebrar los 20 a\u00f1os de la especializaci\u00f3n en seguros y seguridad social.\u00a0\u00a0En su ponencia, Marcela y Javier se refirieron a los desaf\u00edos que enfrentan las compa\u00f1\u00edas aseguradoras y las entidades del Sistema de Seguridad Social en Colombia, para detectar y prevenir el lavado de activos.\u00a0Tambi\u00e9n presentaron sus recomendaciones para la debida implementaci\u00f3n de Sistemas de Administraci\u00f3n del Riesgo de Lavado de Activos y Financiaci\u00f3n del Terrorismo -SARLAFT-.<\/p>\n<p>El evento reuni\u00f3 a m\u00e1s de 50 profesionales del sector asegurador y de la seguridad social en Colombia.<\/p>\n","protected":false},"excerpt":{"rendered":"<p>El 25 de agosto de 2018, Marcela Blanco, directora de las oficinas de Diaz Reus en Bogot\u00e1, y Javier Coronado,abogado asociado, presentaron una ponencia sobre los\u00a0\u201cLavado de Activos, Seguros y Seguridad Social\u201d\u00a0en el evento acad\u00e9mico organizado por la Facultad de Derecho y Ciencias Pol\u00edticas de la Universidad de la Sabana (Bogot\u00e1) para celebrar los 20 a\u00f1os de la especializaci\u00f3n en seguros y seguridad social.<\/p>\n","protected":false},"author":1,"featured_media":4256,"comment_status":"closed","ping_status":"open","sticky":false,"template":"","format":"standard","meta":{"_acf_changed":false,"rs_blank_template":"","rs_page_bg_color":"#ffffff","slide_template_v7":"","inline_featured_image":false,"footnotes":""},"categories":[551],"tags":[],"class_list":["post-7124","post","type-post","status-publish","format-standard","has-post-thumbnail","hentry","category-551"],"acf":[],"yoast_head":"<!-- This site is optimized with the Yoast SEO plugin v27.5 - https:\/\/yoast.com\/product\/yoast-seo-wordpress\/ -->\n<title>Marcela Blanco y Javier Coronado presentan ponencia sobre \u201cLavado de Activos, Seguros y Seguridad Social\u201d en foro organizado por la Universidad de la Sabana (Bogot\u00e1)<\/title>\n<meta name=\"robots\" content=\"index, follow, max-snippet:-1, max-image-preview:large, max-video-preview:-1\" \/>\n<link rel=\"canonical\" href=\"https:\/\/diazreus.com\/ru\/marcela-blanco-y-javier-coronado-presentan-ponencia-sobre-lavado-de-activos-seguros-y-seguridad-social-en-foro-organizado-por-la-universidad-de-la-sabana-bogota\/\" \/>\n<meta property=\"og:locale\" content=\"ru_RU\" \/>\n<meta property=\"og:type\" content=\"article\" \/>\n<meta property=\"og:title\" content=\"Marcela Blanco y Javier Coronado presentan ponencia sobre \u201cLavado de Activos, Seguros y Seguridad Social\u201d en foro organizado por la Universidad de la Sabana (Bogot\u00e1)\" \/>\n<meta property=\"og:description\" content=\"El 25 de agosto de 2018, Marcela Blanco, directora de las oficinas de Diaz Reus en Bogot\u00e1, y Javier Coronado,abogado asociado, presentaron una ponencia sobre los\u00a0\u201cLavado de Activos, Seguros y Seguridad Social\u201d\u00a0en el evento acad\u00e9mico organizado por la Facultad de Derecho y Ciencias Pol\u00edticas de la Universidad de la Sabana (Bogot\u00e1) para celebrar los 20 a\u00f1os de la especializaci\u00f3n en seguros y seguridad social.\" \/>\n<meta property=\"og:url\" content=\"https:\/\/diazreus.com\/ru\/marcela-blanco-y-javier-coronado-presentan-ponencia-sobre-lavado-de-activos-seguros-y-seguridad-social-en-foro-organizado-por-la-universidad-de-la-sabana-bogota\/\" \/>\n<meta property=\"og:site_name\" content=\"Diaz Reus\" \/>\n<meta property=\"article:published_time\" content=\"2018-08-28T19:52:18+00:00\" \/>\n<meta property=\"article:modified_time\" content=\"2021-01-13T16:57:36+00:00\" \/>\n<meta property=\"og:image\" content=\"https:\/\/diazreus.com\/wp-content\/uploads\/2020\/11\/IMG_2138.jpg\" \/>\n\t<meta property=\"og:image:width\" content=\"640\" \/>\n\t<meta property=\"og:image:height\" content=\"480\" \/>\n\t<meta property=\"og:image:type\" content=\"image\/jpeg\" \/>\n<meta name=\"author\" content=\"adpptv\" \/>\n<meta name=\"twitter:card\" content=\"summary_large_image\" \/>\n<meta name=\"twitter:label1\" content=\"\u041d\u0430\u043f\u0438\u0441\u0430\u043d\u043e \u0430\u0432\u0442\u043e\u0440\u043e\u043c\" \/>\n\t<meta name=\"twitter:data1\" content=\"adpptv\" \/>\n\t<meta name=\"twitter:label2\" content=\"\u041f\u0440\u0438\u043c\u0435\u0440\u043d\u043e\u0435 \u0432\u0440\u0435\u043c\u044f \u0434\u043b\u044f \u0447\u0442\u0435\u043d\u0438\u044f\" \/>\n\t<meta name=\"twitter:data2\" content=\"1 \u043c\u0438\u043d\u0443\u0442\u0430\" \/>\n<script type=\"application\/ld+json\" class=\"yoast-schema-graph\">{\"@context\":\"https:\\\/\\\/schema.org\",\"@graph\":[{\"@type\":\"Article\",\"@id\":\"https:\\\/\\\/diazreus.com\\\/ru\\\/marcela-blanco-y-javier-coronado-presentan-ponencia-sobre-lavado-de-activos-seguros-y-seguridad-social-en-foro-organizado-por-la-universidad-de-la-sabana-bogota\\\/#article\",\"isPartOf\":{\"@id\":\"https:\\\/\\\/diazreus.com\\\/ru\\\/marcela-blanco-y-javier-coronado-presentan-ponencia-sobre-lavado-de-activos-seguros-y-seguridad-social-en-foro-organizado-por-la-universidad-de-la-sabana-bogota\\\/\"},\"author\":{\"name\":\"adpptv\",\"@id\":\"https:\\\/\\\/diazreus.com\\\/ru\\\/#\\\/schema\\\/person\\\/5ae8f6489baef735a4aac7ae8bea6e3d\"},\"headline\":\"Marcela Blanco y Javier Coronado presentan ponencia sobre \u201cLavado de Activos, Seguros y Seguridad Social\u201d en foro organizado por la Universidad de la Sabana (Bogot\u00e1)\",\"datePublished\":\"2018-08-28T19:52:18+00:00\",\"dateModified\":\"2021-01-13T16:57:36+00:00\",\"mainEntityOfPage\":{\"@id\":\"https:\\\/\\\/diazreus.com\\\/ru\\\/marcela-blanco-y-javier-coronado-presentan-ponencia-sobre-lavado-de-activos-seguros-y-seguridad-social-en-foro-organizado-por-la-universidad-de-la-sabana-bogota\\\/\"},\"wordCount\":176,\"image\":{\"@id\":\"https:\\\/\\\/diazreus.com\\\/ru\\\/marcela-blanco-y-javier-coronado-presentan-ponencia-sobre-lavado-de-activos-seguros-y-seguridad-social-en-foro-organizado-por-la-universidad-de-la-sabana-bogota\\\/#primaryimage\"},\"thumbnailUrl\":\"https:\\\/\\\/diazreus.com\\\/wp-content\\\/uploads\\\/2020\\\/11\\\/IMG_2138.jpg\",\"articleSection\":[\"\u0441\u043e\u0431\u044b\u0442\u0438\u044f\"],\"inLanguage\":\"ru-RU\"},{\"@type\":\"WebPage\",\"@id\":\"https:\\\/\\\/diazreus.com\\\/ru\\\/marcela-blanco-y-javier-coronado-presentan-ponencia-sobre-lavado-de-activos-seguros-y-seguridad-social-en-foro-organizado-por-la-universidad-de-la-sabana-bogota\\\/\",\"url\":\"https:\\\/\\\/diazreus.com\\\/ru\\\/marcela-blanco-y-javier-coronado-presentan-ponencia-sobre-lavado-de-activos-seguros-y-seguridad-social-en-foro-organizado-por-la-universidad-de-la-sabana-bogota\\\/\",\"name\":\"Marcela Blanco y Javier Coronado presentan ponencia sobre \u201cLavado de Activos, Seguros y Seguridad Social\u201d en foro organizado por la Universidad de la Sabana (Bogot\u00e1)\",\"isPartOf\":{\"@id\":\"https:\\\/\\\/diazreus.com\\\/ru\\\/#website\"},\"primaryImageOfPage\":{\"@id\":\"https:\\\/\\\/diazreus.com\\\/ru\\\/marcela-blanco-y-javier-coronado-presentan-ponencia-sobre-lavado-de-activos-seguros-y-seguridad-social-en-foro-organizado-por-la-universidad-de-la-sabana-bogota\\\/#primaryimage\"},\"image\":{\"@id\":\"https:\\\/\\\/diazreus.com\\\/ru\\\/marcela-blanco-y-javier-coronado-presentan-ponencia-sobre-lavado-de-activos-seguros-y-seguridad-social-en-foro-organizado-por-la-universidad-de-la-sabana-bogota\\\/#primaryimage\"},\"thumbnailUrl\":\"https:\\\/\\\/diazreus.com\\\/wp-content\\\/uploads\\\/2020\\\/11\\\/IMG_2138.jpg\",\"datePublished\":\"2018-08-28T19:52:18+00:00\",\"dateModified\":\"2021-01-13T16:57:36+00:00\",\"author\":{\"@id\":\"https:\\\/\\\/diazreus.com\\\/ru\\\/#\\\/schema\\\/person\\\/5ae8f6489baef735a4aac7ae8bea6e3d\"},\"breadcrumb\":{\"@id\":\"https:\\\/\\\/diazreus.com\\\/ru\\\/marcela-blanco-y-javier-coronado-presentan-ponencia-sobre-lavado-de-activos-seguros-y-seguridad-social-en-foro-organizado-por-la-universidad-de-la-sabana-bogota\\\/#breadcrumb\"},\"inLanguage\":\"ru-RU\",\"potentialAction\":[{\"@type\":\"ReadAction\",\"target\":[\"https:\\\/\\\/diazreus.com\\\/ru\\\/marcela-blanco-y-javier-coronado-presentan-ponencia-sobre-lavado-de-activos-seguros-y-seguridad-social-en-foro-organizado-por-la-universidad-de-la-sabana-bogota\\\/\"]}]},{\"@type\":\"ImageObject\",\"inLanguage\":\"ru-RU\",\"@id\":\"https:\\\/\\\/diazreus.com\\\/ru\\\/marcela-blanco-y-javier-coronado-presentan-ponencia-sobre-lavado-de-activos-seguros-y-seguridad-social-en-foro-organizado-por-la-universidad-de-la-sabana-bogota\\\/#primaryimage\",\"url\":\"https:\\\/\\\/diazreus.com\\\/wp-content\\\/uploads\\\/2020\\\/11\\\/IMG_2138.jpg\",\"contentUrl\":\"https:\\\/\\\/diazreus.com\\\/wp-content\\\/uploads\\\/2020\\\/11\\\/IMG_2138.jpg\",\"width\":640,\"height\":480},{\"@type\":\"BreadcrumbList\",\"@id\":\"https:\\\/\\\/diazreus.com\\\/ru\\\/marcela-blanco-y-javier-coronado-presentan-ponencia-sobre-lavado-de-activos-seguros-y-seguridad-social-en-foro-organizado-por-la-universidad-de-la-sabana-bogota\\\/#breadcrumb\",\"itemListElement\":[{\"@type\":\"ListItem\",\"position\":1,\"name\":\"Home\",\"item\":\"https:\\\/\\\/diazreus.com\\\/ru\\\/home-russian\\\/\"},{\"@type\":\"ListItem\",\"position\":2,\"name\":\"Marcela Blanco y Javier Coronado presentan ponencia sobre \u201cLavado de Activos, Seguros y Seguridad Social\u201d en foro organizado por la Universidad de la Sabana (Bogot\u00e1)\"}]},{\"@type\":\"WebSite\",\"@id\":\"https:\\\/\\\/diazreus.com\\\/ru\\\/#website\",\"url\":\"https:\\\/\\\/diazreus.com\\\/ru\\\/\",\"name\":\"Diaz Reus\",\"description\":\"\",\"potentialAction\":[{\"@type\":\"SearchAction\",\"target\":{\"@type\":\"EntryPoint\",\"urlTemplate\":\"https:\\\/\\\/diazreus.com\\\/ru\\\/?s={search_term_string}\"},\"query-input\":{\"@type\":\"PropertyValueSpecification\",\"valueRequired\":true,\"valueName\":\"search_term_string\"}}],\"inLanguage\":\"ru-RU\"},{\"@type\":\"Person\",\"@id\":\"https:\\\/\\\/diazreus.com\\\/ru\\\/#\\\/schema\\\/person\\\/5ae8f6489baef735a4aac7ae8bea6e3d\",\"name\":\"adpptv\",\"sameAs\":[\"https:\\\/\\\/diazreus.com\"],\"url\":\"https:\\\/\\\/diazreus.com\\\/ru\\\/author\\\/adpptv\\\/\"}]}<\/script>\n<!-- \/ Yoast SEO plugin. -->","yoast_head_json":{"title":"Marcela Blanco y Javier Coronado presentan ponencia sobre \u201cLavado de Activos, Seguros y Seguridad Social\u201d en foro organizado por la Universidad de la Sabana (Bogot\u00e1)","robots":{"index":"index","follow":"follow","max-snippet":"max-snippet:-1","max-image-preview":"max-image-preview:large","max-video-preview":"max-video-preview:-1"},"canonical":"https:\/\/diazreus.com\/ru\/marcela-blanco-y-javier-coronado-presentan-ponencia-sobre-lavado-de-activos-seguros-y-seguridad-social-en-foro-organizado-por-la-universidad-de-la-sabana-bogota\/","og_locale":"ru_RU","og_type":"article","og_title":"Marcela Blanco y Javier Coronado presentan ponencia sobre \u201cLavado de Activos, Seguros y Seguridad Social\u201d en foro organizado por la Universidad de la Sabana (Bogot\u00e1)","og_description":"El 25 de agosto de 2018, Marcela Blanco, directora de las oficinas de Diaz Reus en Bogot\u00e1, y Javier Coronado,abogado asociado, presentaron una ponencia sobre los\u00a0\u201cLavado de Activos, Seguros y Seguridad Social\u201d\u00a0en el evento acad\u00e9mico organizado por la Facultad de Derecho y Ciencias Pol\u00edticas de la Universidad de la Sabana (Bogot\u00e1) para celebrar los 20 a\u00f1os de la especializaci\u00f3n en seguros y seguridad social.","og_url":"https:\/\/diazreus.com\/ru\/marcela-blanco-y-javier-coronado-presentan-ponencia-sobre-lavado-de-activos-seguros-y-seguridad-social-en-foro-organizado-por-la-universidad-de-la-sabana-bogota\/","og_site_name":"Diaz Reus","article_published_time":"2018-08-28T19:52:18+00:00","article_modified_time":"2021-01-13T16:57:36+00:00","og_image":[{"width":640,"height":480,"url":"https:\/\/diazreus.com\/wp-content\/uploads\/2020\/11\/IMG_2138.jpg","type":"image\/jpeg"}],"author":"adpptv","twitter_card":"summary_large_image","twitter_misc":{"\u041d\u0430\u043f\u0438\u0441\u0430\u043d\u043e \u0430\u0432\u0442\u043e\u0440\u043e\u043c":"adpptv","\u041f\u0440\u0438\u043c\u0435\u0440\u043d\u043e\u0435 \u0432\u0440\u0435\u043c\u044f \u0434\u043b\u044f \u0447\u0442\u0435\u043d\u0438\u044f":"1 \u043c\u0438\u043d\u0443\u0442\u0430"},"schema":{"@context":"https:\/\/schema.org","@graph":[{"@type":"Article","@id":"https:\/\/diazreus.com\/ru\/marcela-blanco-y-javier-coronado-presentan-ponencia-sobre-lavado-de-activos-seguros-y-seguridad-social-en-foro-organizado-por-la-universidad-de-la-sabana-bogota\/#article","isPartOf":{"@id":"https:\/\/diazreus.com\/ru\/marcela-blanco-y-javier-coronado-presentan-ponencia-sobre-lavado-de-activos-seguros-y-seguridad-social-en-foro-organizado-por-la-universidad-de-la-sabana-bogota\/"},"author":{"name":"adpptv","@id":"https:\/\/diazreus.com\/ru\/#\/schema\/person\/5ae8f6489baef735a4aac7ae8bea6e3d"},"headline":"Marcela Blanco y Javier Coronado presentan ponencia sobre \u201cLavado de Activos, Seguros y Seguridad Social\u201d en foro organizado por la Universidad de la Sabana (Bogot\u00e1)","datePublished":"2018-08-28T19:52:18+00:00","dateModified":"2021-01-13T16:57:36+00:00","mainEntityOfPage":{"@id":"https:\/\/diazreus.com\/ru\/marcela-blanco-y-javier-coronado-presentan-ponencia-sobre-lavado-de-activos-seguros-y-seguridad-social-en-foro-organizado-por-la-universidad-de-la-sabana-bogota\/"},"wordCount":176,"image":{"@id":"https:\/\/diazreus.com\/ru\/marcela-blanco-y-javier-coronado-presentan-ponencia-sobre-lavado-de-activos-seguros-y-seguridad-social-en-foro-organizado-por-la-universidad-de-la-sabana-bogota\/#primaryimage"},"thumbnailUrl":"https:\/\/diazreus.com\/wp-content\/uploads\/2020\/11\/IMG_2138.jpg","articleSection":["\u0441\u043e\u0431\u044b\u0442\u0438\u044f"],"inLanguage":"ru-RU"},{"@type":"WebPage","@id":"https:\/\/diazreus.com\/ru\/marcela-blanco-y-javier-coronado-presentan-ponencia-sobre-lavado-de-activos-seguros-y-seguridad-social-en-foro-organizado-por-la-universidad-de-la-sabana-bogota\/","url":"https:\/\/diazreus.com\/ru\/marcela-blanco-y-javier-coronado-presentan-ponencia-sobre-lavado-de-activos-seguros-y-seguridad-social-en-foro-organizado-por-la-universidad-de-la-sabana-bogota\/","name":"Marcela Blanco y Javier Coronado presentan ponencia sobre \u201cLavado de Activos, Seguros y Seguridad Social\u201d en foro organizado por la Universidad de la Sabana (Bogot\u00e1)","isPartOf":{"@id":"https:\/\/diazreus.com\/ru\/#website"},"primaryImageOfPage":{"@id":"https:\/\/diazreus.com\/ru\/marcela-blanco-y-javier-coronado-presentan-ponencia-sobre-lavado-de-activos-seguros-y-seguridad-social-en-foro-organizado-por-la-universidad-de-la-sabana-bogota\/#primaryimage"},"image":{"@id":"https:\/\/diazreus.com\/ru\/marcela-blanco-y-javier-coronado-presentan-ponencia-sobre-lavado-de-activos-seguros-y-seguridad-social-en-foro-organizado-por-la-universidad-de-la-sabana-bogota\/#primaryimage"},"thumbnailUrl":"https:\/\/diazreus.com\/wp-content\/uploads\/2020\/11\/IMG_2138.jpg","datePublished":"2018-08-28T19:52:18+00:00","dateModified":"2021-01-13T16:57:36+00:00","author":{"@id":"https:\/\/diazreus.com\/ru\/#\/schema\/person\/5ae8f6489baef735a4aac7ae8bea6e3d"},"breadcrumb":{"@id":"https:\/\/diazreus.com\/ru\/marcela-blanco-y-javier-coronado-presentan-ponencia-sobre-lavado-de-activos-seguros-y-seguridad-social-en-foro-organizado-por-la-universidad-de-la-sabana-bogota\/#breadcrumb"},"inLanguage":"ru-RU","potentialAction":[{"@type":"ReadAction","target":["https:\/\/diazreus.com\/ru\/marcela-blanco-y-javier-coronado-presentan-ponencia-sobre-lavado-de-activos-seguros-y-seguridad-social-en-foro-organizado-por-la-universidad-de-la-sabana-bogota\/"]}]},{"@type":"ImageObject","inLanguage":"ru-RU","@id":"https:\/\/diazreus.com\/ru\/marcela-blanco-y-javier-coronado-presentan-ponencia-sobre-lavado-de-activos-seguros-y-seguridad-social-en-foro-organizado-por-la-universidad-de-la-sabana-bogota\/#primaryimage","url":"https:\/\/diazreus.com\/wp-content\/uploads\/2020\/11\/IMG_2138.jpg","contentUrl":"https:\/\/diazreus.com\/wp-content\/uploads\/2020\/11\/IMG_2138.jpg","width":640,"height":480},{"@type":"BreadcrumbList","@id":"https:\/\/diazreus.com\/ru\/marcela-blanco-y-javier-coronado-presentan-ponencia-sobre-lavado-de-activos-seguros-y-seguridad-social-en-foro-organizado-por-la-universidad-de-la-sabana-bogota\/#breadcrumb","itemListElement":[{"@type":"ListItem","position":1,"name":"Home","item":"https:\/\/diazreus.com\/ru\/home-russian\/"},{"@type":"ListItem","position":2,"name":"Marcela Blanco y Javier Coronado presentan ponencia sobre \u201cLavado de Activos, Seguros y Seguridad Social\u201d en foro organizado por la Universidad de la Sabana (Bogot\u00e1)"}]},{"@type":"WebSite","@id":"https:\/\/diazreus.com\/ru\/#website","url":"https:\/\/diazreus.com\/ru\/","name":"Diaz Reus","description":"","potentialAction":[{"@type":"SearchAction","target":{"@type":"EntryPoint","urlTemplate":"https:\/\/diazreus.com\/ru\/?s={search_term_string}"},"query-input":{"@type":"PropertyValueSpecification","valueRequired":true,"valueName":"search_term_string"}}],"inLanguage":"ru-RU"},{"@type":"Person","@id":"https:\/\/diazreus.com\/ru\/#\/schema\/person\/5ae8f6489baef735a4aac7ae8bea6e3d","name":"adpptv","sameAs":["https:\/\/diazreus.com"],"url":"https:\/\/diazreus.com\/ru\/author\/adpptv\/"}]}},"_links":{"self":[{"href":"https:\/\/diazreus.com\/ru\/wp-json\/wp\/v2\/posts\/7124","targetHints":{"allow":["GET"]}}],"collection":[{"href":"https:\/\/diazreus.com\/ru\/wp-json\/wp\/v2\/posts"}],"about":[{"href":"https:\/\/diazreus.com\/ru\/wp-json\/wp\/v2\/types\/post"}],"author":[{"embeddable":true,"href":"https:\/\/diazreus.com\/ru\/wp-json\/wp\/v2\/users\/1"}],"replies":[{"embeddable":true,"href":"https:\/\/diazreus.com\/ru\/wp-json\/wp\/v2\/comments?post=7124"}],"version-history":[{"count":1,"href":"https:\/\/diazreus.com\/ru\/wp-json\/wp\/v2\/posts\/7124\/revisions"}],"predecessor-version":[{"id":8658,"href":"https:\/\/diazreus.com\/ru\/wp-json\/wp\/v2\/posts\/7124\/revisions\/8658"}],"wp:featuredmedia":[{"embeddable":true,"href":"https:\/\/diazreus.com\/ru\/wp-json\/wp\/v2\/media\/4256"}],"wp:attachment":[{"href":"https:\/\/diazreus.com\/ru\/wp-json\/wp\/v2\/media?parent=7124"}],"wp:term":[{"taxonomy":"category","embeddable":true,"href":"https:\/\/diazreus.com\/ru\/wp-json\/wp\/v2\/categories?post=7124"},{"taxonomy":"post_tag","embeddable":true,"href":"https:\/\/diazreus.com\/ru\/wp-json\/wp\/v2\/tags?post=7124"}],"curies":[{"name":"wp","href":"https:\/\/api.w.org\/{rel}","templated":true}]}}