{"id":7005,"date":"2019-04-23T18:57:00","date_gmt":"2019-04-23T18:57:00","guid":{"rendered":"https:\/\/diazreus.com\/diaz-reus-opens-an-office-in-pakistan\/"},"modified":"2021-01-13T13:56:59","modified_gmt":"2021-01-13T13:56:59","slug":"diaz-reus-opens-an-office-in-pakistan","status":"publish","type":"post","link":"https:\/\/diazreus.com\/ru\/diaz-reus-opens-an-office-in-pakistan\/","title":{"rendered":"Diaz Reus opens an office in Pakistan"},"content":{"rendered":"<p>&nbsp;<\/p>\n<div align=\"justify\"><a class=\"dt-pswp-item\" href=\"https:\/\/diazreus.com\/wp-content\/uploads\/2019\/04\/pakistan.jpg\" data-dt-img-description=\"\" data-large_image_width=\"600\" data-large_image_height=\"400\"><img loading=\"lazy\" decoding=\"async\" class=\"size-medium wp-image-15763 alignleft\" src=\"https:\/\/diazreus.com\/wp-content\/uploads\/2020\/11\/pakistan-300x200-1.jpg\" alt=\"\" width=\"300\" height=\"200\" \/><\/a>MIAMI, April 22, 2019 \u2013 Miami-based global law firm\u00a0<a href=\"http:\/\/r20.rs6.net\/tn.jsp?f=001TsEBbME3CM-B7te-lJGxrQFkkZet11PK1z7tZjTQEq4Re77f7qzZzz266jBD7V13-zOjtKLCE2ZdMrlC6QK-PLFeFD1AqfaMZ62gKa5Sxx91jQ48fk4O9t0mwoFSj3SnnPJ75ECkrP7za_N82nz01Q==&amp;c=KzJD5O6Fp0iohLo4zt0XiNRXLVmeJAG0BvgT0p0oabATh8pB9FCs7g==&amp;ch=pKcwY3pq-5tQ5HX9WsBLI_NCwejq9j80Qrzy32YwF8FeFGSIWBWX_A==\" target=\"_blank\" rel=\"noopener noreferrer\" data-saferedirecturl=\"https:\/\/www.google.com\/url?q=http:\/\/r20.rs6.net\/tn.jsp?f%3D001TsEBbME3CM-B7te-lJGxrQFkkZet11PK1z7tZjTQEq4Re77f7qzZzz266jBD7V13-zOjtKLCE2ZdMrlC6QK-PLFeFD1AqfaMZ62gKa5Sxx91jQ48fk4O9t0mwoFSj3SnnPJ75ECkrP7za_N82nz01Q%3D%3D%26c%3DKzJD5O6Fp0iohLo4zt0XiNRXLVmeJAG0BvgT0p0oabATh8pB9FCs7g%3D%3D%26ch%3DpKcwY3pq-5tQ5HX9WsBLI_NCwejq9j80Qrzy32YwF8FeFGSIWBWX_A%3D%3D&amp;source=gmail&amp;ust=1556145708084000&amp;usg=AFQjCNHK-WjvcNySLIVjxkKoaqYegkrnzQ\">Diaz Reus &amp; Targ<\/a>\u00a0announced today that it has opened an office in Lahore, Pakistan, in partnership with <a href=\"http:\/\/r20.rs6.net\/tn.jsp?f=001TsEBbME3CM-B7te-lJGxrQFkkZet11PK1z7tZjTQEq4Re77f7qzZzyofZnZQAHpa0uZb7GhEUrga0p5RGYOniyGf4J5QGNCmxaAsilTYbHDQT399wCnkEJw1EsJNw8RwGzqovcMeqViq-D1KViL12Q==&amp;c=KzJD5O6Fp0iohLo4zt0XiNRXLVmeJAG0BvgT0p0oabATh8pB9FCs7g==&amp;ch=pKcwY3pq-5tQ5HX9WsBLI_NCwejq9j80Qrzy32YwF8FeFGSIWBWX_A==\" target=\"_blank\" rel=\"noopener noreferrer\" data-saferedirecturl=\"https:\/\/www.google.com\/url?q=http:\/\/r20.rs6.net\/tn.jsp?f%3D001TsEBbME3CM-B7te-lJGxrQFkkZet11PK1z7tZjTQEq4Re77f7qzZzyofZnZQAHpa0uZb7GhEUrga0p5RGYOniyGf4J5QGNCmxaAsilTYbHDQT399wCnkEJw1EsJNw8RwGzqovcMeqViq-D1KViL12Q%3D%3D%26c%3DKzJD5O6Fp0iohLo4zt0XiNRXLVmeJAG0BvgT0p0oabATh8pB9FCs7g%3D%3D%26ch%3DpKcwY3pq-5tQ5HX9WsBLI_NCwejq9j80Qrzy32YwF8FeFGSIWBWX_A%3D%3D&amp;source=gmail&amp;ust=1556145708084000&amp;usg=AFQjCNHZvutggFhx0iDWJqJjI7CHB38KmQ\">Awais Law Associates<\/a>.\u00a0\u00a0Awais Law Associates\u00a0has premier litigation, corporate, infrastructure, banking and finance, and regulatory practices in Pakistan, and advises some of Pakistan\u2019s largest companies, including multinationals with extensive operations in Pakistan and the Middle East.<\/div>\n<div align=\"justify\"><\/div>\n<div align=\"justify\">Diaz Reus\u2019s Pakistan office will be headed by <a href=\"http:\/\/r20.rs6.net\/tn.jsp?f=001TsEBbME3CM-B7te-lJGxrQFkkZet11PK1z7tZjTQEq4Re77f7qzZzyofZnZQAHpaxzj_mZo90we_m7JiZKtdJcFa8n581toqwVhg3CFMWUvqDOZeOXyE2P4HZyq_tuFpFVmqQrSvQ2tMQoD4GePfs_CzMRTftooniTQFNTYcEhk=&amp;c=KzJD5O6Fp0iohLo4zt0XiNRXLVmeJAG0BvgT0p0oabATh8pB9FCs7g==&amp;ch=pKcwY3pq-5tQ5HX9WsBLI_NCwejq9j80Qrzy32YwF8FeFGSIWBWX_A==\" target=\"_blank\" rel=\"noopener noreferrer\" data-saferedirecturl=\"https:\/\/www.google.com\/url?q=http:\/\/r20.rs6.net\/tn.jsp?f%3D001TsEBbME3CM-B7te-lJGxrQFkkZet11PK1z7tZjTQEq4Re77f7qzZzyofZnZQAHpaxzj_mZo90we_m7JiZKtdJcFa8n581toqwVhg3CFMWUvqDOZeOXyE2P4HZyq_tuFpFVmqQrSvQ2tMQoD4GePfs_CzMRTftooniTQFNTYcEhk%3D%26c%3DKzJD5O6Fp0iohLo4zt0XiNRXLVmeJAG0BvgT0p0oabATh8pB9FCs7g%3D%3D%26ch%3DpKcwY3pq-5tQ5HX9WsBLI_NCwejq9j80Qrzy32YwF8FeFGSIWBWX_A%3D%3D&amp;source=gmail&amp;ust=1556145708084000&amp;usg=AFQjCNFkODsFRlxQiygfY84AlxktthPXbw\">Ali Awais<\/a> who is transferring from the Diaz Reus\u2019s Dubai office where he was a local partner for the last four years. He has over 20 years of experience in providing strategic advice on corporate finance, cross border investments, including Public Private Partnerships structures, privatization, legislative, and policy reforms to governments, private sponsors and financial institutions, real estate developers.\u00a0\u00a0In addition, Mr. Awais has been advising investment banks, real estate developers, and private equity funds on corporate and project investments, M&amp;A and structured finance transactions, including project placements, equity and debt raising, and setting up structured products, including investment funds.<\/div>\n<div align=\"justify\"><\/div>\n<div align=\"justify\">Mr. Awais holds an LL.M. from the George Washington University, School of Law, and an LL.B. from Punjab University. Ali Awais commented: \u201cI am very honored to be in charge of the expansion of Diaz Reus in Pakistan, which\u00a0has a potential to become a huge market with a population of over 200 million people. Major development is underway in connection with the China-Pakistan Economic Corridor (CPEC) where investment of around USD100 billion will take place in Pakistan in the coming years.\u00a0With its footprint in the United Arab Emirates, China, Russia, and now Pakistan, Diaz Reus is uniquely positioned to play a key role in major cross-border transactions originating out of the region.\u201d<\/div>\n<div align=\"justify\"><\/div>\n<div align=\"justify\"><a href=\"http:\/\/r20.rs6.net\/tn.jsp?f=001TsEBbME3CM-B7te-lJGxrQFkkZet11PK1z7tZjTQEq4Re77f7qzZz1w5B7FJ6T3D697cxtMVQiMMgc0Mvjpmzrv_VfSfSbEVdxiX4jZ56GQl1NwToNpA3jTnlMyDGBS6dWv44eqePWh_YBmMmJ1Z1SlF0vWPUgH53QKjaRMOWVjwPIj8ztqL8g==&amp;c=KzJD5O6Fp0iohLo4zt0XiNRXLVmeJAG0BvgT0p0oabATh8pB9FCs7g==&amp;ch=pKcwY3pq-5tQ5HX9WsBLI_NCwejq9j80Qrzy32YwF8FeFGSIWBWX_A==\" target=\"_blank\" rel=\"noopener noreferrer\" data-saferedirecturl=\"https:\/\/www.google.com\/url?q=http:\/\/r20.rs6.net\/tn.jsp?f%3D001TsEBbME3CM-B7te-lJGxrQFkkZet11PK1z7tZjTQEq4Re77f7qzZz1w5B7FJ6T3D697cxtMVQiMMgc0Mvjpmzrv_VfSfSbEVdxiX4jZ56GQl1NwToNpA3jTnlMyDGBS6dWv44eqePWh_YBmMmJ1Z1SlF0vWPUgH53QKjaRMOWVjwPIj8ztqL8g%3D%3D%26c%3DKzJD5O6Fp0iohLo4zt0XiNRXLVmeJAG0BvgT0p0oabATh8pB9FCs7g%3D%3D%26ch%3DpKcwY3pq-5tQ5HX9WsBLI_NCwejq9j80Qrzy32YwF8FeFGSIWBWX_A%3D%3D&amp;source=gmail&amp;ust=1556145708084000&amp;usg=AFQjCNHXpnQSMUQFYXb2xxVVdZMA7B-COg\">Michael Diaz, Jr.<\/a>, Diaz Reus\u2019s Global Managing Partner, explained that \u201cThe addition of an office in Pakistan is key to our global strategy, and Ali Awais, a Pakistani national who already knows the Diaz Reus culture, is a major asset.\u201d<\/div>\n<p>&nbsp;<\/p>\n","protected":false},"excerpt":{"rendered":"<p>[:en]Miami-based global law firm Diaz Reus &#038; Targ announced today that it has opened an office in Lahore, Pakistan, in partnership with Awais Law Associates.[:es]El bufete de abogados global con sede en Miami, D\u00edaz Reus &#038; Targ, anunci\u00f3 el d\u00eda de hoy la apertura de una nueva oficina en Lahore, Pakist\u00e1n, en sociedad con Awais Law Associates.[:ru]Miami-based global law firm Diaz Reus &#038; Targ announced today that it has opened an office in Lahore, Pakistan, in partnership with Awais Law Associates.[:]<\/p>\n","protected":false},"author":1,"featured_media":4548,"comment_status":"closed","ping_status":"open","sticky":false,"template":"","format":"standard","meta":{"_acf_changed":false,"rs_blank_template":"","rs_page_bg_color":"#ffffff","slide_template_v7":"","inline_featured_image":false,"footnotes":""},"categories":[551],"tags":[],"class_list":["post-7005","post","type-post","status-publish","format-standard","has-post-thumbnail","hentry","category-551"],"acf":[],"yoast_head":"<!-- This site is optimized with the Yoast SEO plugin v27.5 - https:\/\/yoast.com\/product\/yoast-seo-wordpress\/ -->\n<title>Diaz Reus opens an office in Pakistan<\/title>\n<meta name=\"robots\" content=\"index, follow, max-snippet:-1, max-image-preview:large, max-video-preview:-1\" \/>\n<link rel=\"canonical\" href=\"https:\/\/diazreus.com\/ru\/diaz-reus-opens-an-office-in-pakistan\/\" \/>\n<meta property=\"og:locale\" content=\"ru_RU\" \/>\n<meta property=\"og:type\" content=\"article\" \/>\n<meta property=\"og:title\" content=\"Diaz Reus opens an office in Pakistan\" \/>\n<meta property=\"og:description\" content=\"[:en]Miami-based global law firm Diaz Reus &amp; Targ announced today that it has opened an office in Lahore, Pakistan, in partnership with Awais Law Associates.[:es]El bufete de abogados global con sede en Miami, D\u00edaz Reus &amp; Targ, anunci\u00f3 el d\u00eda de hoy la apertura de una nueva oficina en Lahore, Pakist\u00e1n, en sociedad con Awais Law Associates.[:ru]Miami-based global law firm Diaz Reus &amp; Targ announced today that it has opened an office in Lahore, Pakistan, in partnership with Awais Law Associates.[:]\" \/>\n<meta property=\"og:url\" content=\"https:\/\/diazreus.com\/ru\/diaz-reus-opens-an-office-in-pakistan\/\" \/>\n<meta property=\"og:site_name\" content=\"Diaz Reus\" \/>\n<meta property=\"article:published_time\" content=\"2019-04-23T18:57:00+00:00\" \/>\n<meta property=\"article:modified_time\" content=\"2021-01-13T13:56:59+00:00\" \/>\n<meta property=\"og:image\" content=\"https:\/\/diazreus.com\/wp-content\/uploads\/2020\/11\/pakistan.jpg\" \/>\n\t<meta property=\"og:image:width\" content=\"600\" \/>\n\t<meta property=\"og:image:height\" content=\"400\" \/>\n\t<meta property=\"og:image:type\" content=\"image\/jpeg\" \/>\n<meta name=\"author\" content=\"adpptv\" \/>\n<meta name=\"twitter:card\" content=\"summary_large_image\" \/>\n<meta name=\"twitter:label1\" content=\"\u041d\u0430\u043f\u0438\u0441\u0430\u043d\u043e \u0430\u0432\u0442\u043e\u0440\u043e\u043c\" \/>\n\t<meta name=\"twitter:data1\" content=\"adpptv\" \/>\n\t<meta name=\"twitter:label2\" content=\"\u041f\u0440\u0438\u043c\u0435\u0440\u043d\u043e\u0435 \u0432\u0440\u0435\u043c\u044f \u0434\u043b\u044f \u0447\u0442\u0435\u043d\u0438\u044f\" \/>\n\t<meta name=\"twitter:data2\" content=\"2 \u043c\u0438\u043d\u0443\u0442\u044b\" \/>\n<script type=\"application\/ld+json\" class=\"yoast-schema-graph\">{\"@context\":\"https:\\\/\\\/schema.org\",\"@graph\":[{\"@type\":\"Article\",\"@id\":\"https:\\\/\\\/diazreus.com\\\/ru\\\/diaz-reus-opens-an-office-in-pakistan\\\/#article\",\"isPartOf\":{\"@id\":\"https:\\\/\\\/diazreus.com\\\/ru\\\/diaz-reus-opens-an-office-in-pakistan\\\/\"},\"author\":{\"name\":\"adpptv\",\"@id\":\"https:\\\/\\\/diazreus.com\\\/ru\\\/#\\\/schema\\\/person\\\/5ae8f6489baef735a4aac7ae8bea6e3d\"},\"headline\":\"Diaz Reus opens an office in Pakistan\",\"datePublished\":\"2019-04-23T18:57:00+00:00\",\"dateModified\":\"2021-01-13T13:56:59+00:00\",\"mainEntityOfPage\":{\"@id\":\"https:\\\/\\\/diazreus.com\\\/ru\\\/diaz-reus-opens-an-office-in-pakistan\\\/\"},\"wordCount\":338,\"image\":{\"@id\":\"https:\\\/\\\/diazreus.com\\\/ru\\\/diaz-reus-opens-an-office-in-pakistan\\\/#primaryimage\"},\"thumbnailUrl\":\"https:\\\/\\\/diazreus.com\\\/wp-content\\\/uploads\\\/2020\\\/11\\\/pakistan.jpg\",\"articleSection\":[\"\u0441\u043e\u0431\u044b\u0442\u0438\u044f\"],\"inLanguage\":\"ru-RU\"},{\"@type\":\"WebPage\",\"@id\":\"https:\\\/\\\/diazreus.com\\\/ru\\\/diaz-reus-opens-an-office-in-pakistan\\\/\",\"url\":\"https:\\\/\\\/diazreus.com\\\/ru\\\/diaz-reus-opens-an-office-in-pakistan\\\/\",\"name\":\"Diaz Reus opens an office in Pakistan\",\"isPartOf\":{\"@id\":\"https:\\\/\\\/diazreus.com\\\/ru\\\/#website\"},\"primaryImageOfPage\":{\"@id\":\"https:\\\/\\\/diazreus.com\\\/ru\\\/diaz-reus-opens-an-office-in-pakistan\\\/#primaryimage\"},\"image\":{\"@id\":\"https:\\\/\\\/diazreus.com\\\/ru\\\/diaz-reus-opens-an-office-in-pakistan\\\/#primaryimage\"},\"thumbnailUrl\":\"https:\\\/\\\/diazreus.com\\\/wp-content\\\/uploads\\\/2020\\\/11\\\/pakistan.jpg\",\"datePublished\":\"2019-04-23T18:57:00+00:00\",\"dateModified\":\"2021-01-13T13:56:59+00:00\",\"author\":{\"@id\":\"https:\\\/\\\/diazreus.com\\\/ru\\\/#\\\/schema\\\/person\\\/5ae8f6489baef735a4aac7ae8bea6e3d\"},\"breadcrumb\":{\"@id\":\"https:\\\/\\\/diazreus.com\\\/ru\\\/diaz-reus-opens-an-office-in-pakistan\\\/#breadcrumb\"},\"inLanguage\":\"ru-RU\",\"potentialAction\":[{\"@type\":\"ReadAction\",\"target\":[\"https:\\\/\\\/diazreus.com\\\/ru\\\/diaz-reus-opens-an-office-in-pakistan\\\/\"]}]},{\"@type\":\"ImageObject\",\"inLanguage\":\"ru-RU\",\"@id\":\"https:\\\/\\\/diazreus.com\\\/ru\\\/diaz-reus-opens-an-office-in-pakistan\\\/#primaryimage\",\"url\":\"https:\\\/\\\/diazreus.com\\\/wp-content\\\/uploads\\\/2020\\\/11\\\/pakistan.jpg\",\"contentUrl\":\"https:\\\/\\\/diazreus.com\\\/wp-content\\\/uploads\\\/2020\\\/11\\\/pakistan.jpg\",\"width\":600,\"height\":400},{\"@type\":\"BreadcrumbList\",\"@id\":\"https:\\\/\\\/diazreus.com\\\/ru\\\/diaz-reus-opens-an-office-in-pakistan\\\/#breadcrumb\",\"itemListElement\":[{\"@type\":\"ListItem\",\"position\":1,\"name\":\"Home\",\"item\":\"https:\\\/\\\/diazreus.com\\\/ru\\\/home-russian\\\/\"},{\"@type\":\"ListItem\",\"position\":2,\"name\":\"Diaz Reus opens an office in Pakistan\"}]},{\"@type\":\"WebSite\",\"@id\":\"https:\\\/\\\/diazreus.com\\\/ru\\\/#website\",\"url\":\"https:\\\/\\\/diazreus.com\\\/ru\\\/\",\"name\":\"Diaz Reus\",\"description\":\"\",\"potentialAction\":[{\"@type\":\"SearchAction\",\"target\":{\"@type\":\"EntryPoint\",\"urlTemplate\":\"https:\\\/\\\/diazreus.com\\\/ru\\\/?s={search_term_string}\"},\"query-input\":{\"@type\":\"PropertyValueSpecification\",\"valueRequired\":true,\"valueName\":\"search_term_string\"}}],\"inLanguage\":\"ru-RU\"},{\"@type\":\"Person\",\"@id\":\"https:\\\/\\\/diazreus.com\\\/ru\\\/#\\\/schema\\\/person\\\/5ae8f6489baef735a4aac7ae8bea6e3d\",\"name\":\"adpptv\",\"sameAs\":[\"https:\\\/\\\/diazreus.com\"],\"url\":\"https:\\\/\\\/diazreus.com\\\/ru\\\/author\\\/adpptv\\\/\"}]}<\/script>\n<!-- \/ Yoast SEO plugin. -->","yoast_head_json":{"title":"Diaz Reus opens an office in Pakistan","robots":{"index":"index","follow":"follow","max-snippet":"max-snippet:-1","max-image-preview":"max-image-preview:large","max-video-preview":"max-video-preview:-1"},"canonical":"https:\/\/diazreus.com\/ru\/diaz-reus-opens-an-office-in-pakistan\/","og_locale":"ru_RU","og_type":"article","og_title":"Diaz Reus opens an office in Pakistan","og_description":"[:en]Miami-based global law firm Diaz Reus & Targ announced today that it has opened an office in Lahore, Pakistan, in partnership with Awais Law Associates.[:es]El bufete de abogados global con sede en Miami, D\u00edaz Reus & Targ, anunci\u00f3 el d\u00eda de hoy la apertura de una nueva oficina en Lahore, Pakist\u00e1n, en sociedad con Awais Law Associates.[:ru]Miami-based global law firm Diaz Reus & Targ announced today that it has opened an office in Lahore, Pakistan, in partnership with Awais Law Associates.[:]","og_url":"https:\/\/diazreus.com\/ru\/diaz-reus-opens-an-office-in-pakistan\/","og_site_name":"Diaz Reus","article_published_time":"2019-04-23T18:57:00+00:00","article_modified_time":"2021-01-13T13:56:59+00:00","og_image":[{"width":600,"height":400,"url":"https:\/\/diazreus.com\/wp-content\/uploads\/2020\/11\/pakistan.jpg","type":"image\/jpeg"}],"author":"adpptv","twitter_card":"summary_large_image","twitter_misc":{"\u041d\u0430\u043f\u0438\u0441\u0430\u043d\u043e \u0430\u0432\u0442\u043e\u0440\u043e\u043c":"adpptv","\u041f\u0440\u0438\u043c\u0435\u0440\u043d\u043e\u0435 \u0432\u0440\u0435\u043c\u044f \u0434\u043b\u044f \u0447\u0442\u0435\u043d\u0438\u044f":"2 \u043c\u0438\u043d\u0443\u0442\u044b"},"schema":{"@context":"https:\/\/schema.org","@graph":[{"@type":"Article","@id":"https:\/\/diazreus.com\/ru\/diaz-reus-opens-an-office-in-pakistan\/#article","isPartOf":{"@id":"https:\/\/diazreus.com\/ru\/diaz-reus-opens-an-office-in-pakistan\/"},"author":{"name":"adpptv","@id":"https:\/\/diazreus.com\/ru\/#\/schema\/person\/5ae8f6489baef735a4aac7ae8bea6e3d"},"headline":"Diaz Reus opens an office in Pakistan","datePublished":"2019-04-23T18:57:00+00:00","dateModified":"2021-01-13T13:56:59+00:00","mainEntityOfPage":{"@id":"https:\/\/diazreus.com\/ru\/diaz-reus-opens-an-office-in-pakistan\/"},"wordCount":338,"image":{"@id":"https:\/\/diazreus.com\/ru\/diaz-reus-opens-an-office-in-pakistan\/#primaryimage"},"thumbnailUrl":"https:\/\/diazreus.com\/wp-content\/uploads\/2020\/11\/pakistan.jpg","articleSection":["\u0441\u043e\u0431\u044b\u0442\u0438\u044f"],"inLanguage":"ru-RU"},{"@type":"WebPage","@id":"https:\/\/diazreus.com\/ru\/diaz-reus-opens-an-office-in-pakistan\/","url":"https:\/\/diazreus.com\/ru\/diaz-reus-opens-an-office-in-pakistan\/","name":"Diaz Reus opens an office in Pakistan","isPartOf":{"@id":"https:\/\/diazreus.com\/ru\/#website"},"primaryImageOfPage":{"@id":"https:\/\/diazreus.com\/ru\/diaz-reus-opens-an-office-in-pakistan\/#primaryimage"},"image":{"@id":"https:\/\/diazreus.com\/ru\/diaz-reus-opens-an-office-in-pakistan\/#primaryimage"},"thumbnailUrl":"https:\/\/diazreus.com\/wp-content\/uploads\/2020\/11\/pakistan.jpg","datePublished":"2019-04-23T18:57:00+00:00","dateModified":"2021-01-13T13:56:59+00:00","author":{"@id":"https:\/\/diazreus.com\/ru\/#\/schema\/person\/5ae8f6489baef735a4aac7ae8bea6e3d"},"breadcrumb":{"@id":"https:\/\/diazreus.com\/ru\/diaz-reus-opens-an-office-in-pakistan\/#breadcrumb"},"inLanguage":"ru-RU","potentialAction":[{"@type":"ReadAction","target":["https:\/\/diazreus.com\/ru\/diaz-reus-opens-an-office-in-pakistan\/"]}]},{"@type":"ImageObject","inLanguage":"ru-RU","@id":"https:\/\/diazreus.com\/ru\/diaz-reus-opens-an-office-in-pakistan\/#primaryimage","url":"https:\/\/diazreus.com\/wp-content\/uploads\/2020\/11\/pakistan.jpg","contentUrl":"https:\/\/diazreus.com\/wp-content\/uploads\/2020\/11\/pakistan.jpg","width":600,"height":400},{"@type":"BreadcrumbList","@id":"https:\/\/diazreus.com\/ru\/diaz-reus-opens-an-office-in-pakistan\/#breadcrumb","itemListElement":[{"@type":"ListItem","position":1,"name":"Home","item":"https:\/\/diazreus.com\/ru\/home-russian\/"},{"@type":"ListItem","position":2,"name":"Diaz Reus opens an office in Pakistan"}]},{"@type":"WebSite","@id":"https:\/\/diazreus.com\/ru\/#website","url":"https:\/\/diazreus.com\/ru\/","name":"Diaz Reus","description":"","potentialAction":[{"@type":"SearchAction","target":{"@type":"EntryPoint","urlTemplate":"https:\/\/diazreus.com\/ru\/?s={search_term_string}"},"query-input":{"@type":"PropertyValueSpecification","valueRequired":true,"valueName":"search_term_string"}}],"inLanguage":"ru-RU"},{"@type":"Person","@id":"https:\/\/diazreus.com\/ru\/#\/schema\/person\/5ae8f6489baef735a4aac7ae8bea6e3d","name":"adpptv","sameAs":["https:\/\/diazreus.com"],"url":"https:\/\/diazreus.com\/ru\/author\/adpptv\/"}]}},"_links":{"self":[{"href":"https:\/\/diazreus.com\/ru\/wp-json\/wp\/v2\/posts\/7005","targetHints":{"allow":["GET"]}}],"collection":[{"href":"https:\/\/diazreus.com\/ru\/wp-json\/wp\/v2\/posts"}],"about":[{"href":"https:\/\/diazreus.com\/ru\/wp-json\/wp\/v2\/types\/post"}],"author":[{"embeddable":true,"href":"https:\/\/diazreus.com\/ru\/wp-json\/wp\/v2\/users\/1"}],"replies":[{"embeddable":true,"href":"https:\/\/diazreus.com\/ru\/wp-json\/wp\/v2\/comments?post=7005"}],"version-history":[{"count":2,"href":"https:\/\/diazreus.com\/ru\/wp-json\/wp\/v2\/posts\/7005\/revisions"}],"predecessor-version":[{"id":8556,"href":"https:\/\/diazreus.com\/ru\/wp-json\/wp\/v2\/posts\/7005\/revisions\/8556"}],"wp:featuredmedia":[{"embeddable":true,"href":"https:\/\/diazreus.com\/ru\/wp-json\/wp\/v2\/media\/4548"}],"wp:attachment":[{"href":"https:\/\/diazreus.com\/ru\/wp-json\/wp\/v2\/media?parent=7005"}],"wp:term":[{"taxonomy":"category","embeddable":true,"href":"https:\/\/diazreus.com\/ru\/wp-json\/wp\/v2\/categories?post=7005"},{"taxonomy":"post_tag","embeddable":true,"href":"https:\/\/diazreus.com\/ru\/wp-json\/wp\/v2\/tags?post=7005"}],"curies":[{"name":"wp","href":"https:\/\/api.w.org\/{rel}","templated":true}]}}