{"id":6962,"date":"2019-07-08T19:43:46","date_gmt":"2019-07-08T19:43:46","guid":{"rendered":"https:\/\/diazreus.com\/diaz-reus-at-the-allianz-compliance-week\/"},"modified":"2021-01-12T20:31:11","modified_gmt":"2021-01-12T20:31:11","slug":"diaz-reus-at-the-allianz-compliance-week","status":"publish","type":"post","link":"https:\/\/diazreus.com\/ru\/diaz-reus-at-the-allianz-compliance-week\/","title":{"rendered":"Diaz Reus at the Allianz Compliance Week"},"content":{"rendered":"<p><a class=\"dt-pswp-item\" href=\"https:\/\/diazreus.com\/wp-content\/uploads\/2019\/07\/Allianz.jpg\" data-dt-img-description=\"\" data-large_image_width=\"960\" data-large_image_height=\"640\"><img loading=\"lazy\" decoding=\"async\" class=\"size-medium wp-image-15974 alignleft\" src=\"https:\/\/diazreus.com\/wp-content\/uploads\/2020\/11\/Allianz-300x200-1.jpg\" alt=\"\" width=\"300\" height=\"200\" \/><\/a>On July 3 and 4, 2019, Diaz Reus attorneys\u00a0<a href=\"https:\/\/diazreus.com\/es\/dt_team\/marcela-cristina-blanco-2\/\" target=\"_blank\" rel=\"noopener noreferrer\" data-saferedirecturl=\"https:\/\/www.google.com\/url?q=https:\/\/diazreus.com\/es\/dt_team\/marcela-cristina-blanco-2\/&amp;source=gmail&amp;ust=1562708882926000&amp;usg=AFQjCNGIqqFeywsXuSFNvYfR25edRlb0hg\">Marcela Blanco<\/a>\u00a0and\u00a0<a href=\"https:\/\/diazreus.com\/es\/dt_team\/javier-coronado-diaz\/\" target=\"_blank\" rel=\"noopener noreferrer\" data-saferedirecturl=\"https:\/\/www.google.com\/url?q=https:\/\/diazreus.com\/es\/dt_team\/javier-coronado-diaz\/&amp;source=gmail&amp;ust=1562708882927000&amp;usg=AFQjCNGy_WkG1wNU1VNOO9IAeKs-jLYVOg\">Javier Coronado<\/a>\u00a0took part in the second edition of the Allianz Compliance Week organized in Bogot\u00e1, Colombia, by Allianz&#8217; Legal and Compliance Department. During this event, Ms. Blanco and Mr. Coronado made presentations about &#171;Insurance and Asset Laundering&#187;, &#171;Insurance and Corruption&#187;, and &#171;Criminal Liability \u00a0of Legal Entities&#187; to more than 40 senior executives from different departments of Allianz in Colombia.<\/p>\n<p>&nbsp;<\/p>\n<p>&nbsp;<\/p>\n","protected":false},"excerpt":{"rendered":"<p>[:en]On July 3 and 4, 2019, Diaz Reus attorneys Marcela Blanco and Javier Coronado took part in the second edition of the Allianz Compliance Week organized in Bogot\u00e1, Colombia, by Allianz&#8217; Legal and Compliance Department[:es]Los d\u00edas 3 y 4 de julio de 2019, los abogados de Diaz Reus Marcela Blanco y Javier Coronado participaron en la segunda edici\u00f3n del evento Allianz Compliance Week organizado en Bogot\u00e1, Colombia, por la Gerencia Jur\u00eddica y de Cumplimiento de Allianz. [:ru]On July 3 and 4, 2019, Diaz Reus attorneys Marcela Blanco and Javier Coronado took part in the second edition of the Allianz Compliance Week organized in Bogot\u00e1, Colombia, by Allianz&#8217; Legal and Compliance Department[:]<\/p>\n","protected":false},"author":1,"featured_media":4683,"comment_status":"closed","ping_status":"open","sticky":false,"template":"","format":"standard","meta":{"_acf_changed":false,"rs_blank_template":"","rs_page_bg_color":"#ffffff","slide_template_v7":"","inline_featured_image":false,"footnotes":""},"categories":[551],"tags":[],"class_list":["post-6962","post","type-post","status-publish","format-standard","has-post-thumbnail","hentry","category-551"],"acf":[],"yoast_head":"<!-- This site is optimized with the Yoast SEO plugin v27.5 - https:\/\/yoast.com\/product\/yoast-seo-wordpress\/ -->\n<title>Diaz Reus at the Allianz Compliance Week<\/title>\n<meta name=\"robots\" content=\"index, follow, max-snippet:-1, max-image-preview:large, max-video-preview:-1\" \/>\n<link rel=\"canonical\" href=\"https:\/\/diazreus.com\/ru\/diaz-reus-at-the-allianz-compliance-week\/\" \/>\n<meta property=\"og:locale\" content=\"ru_RU\" \/>\n<meta property=\"og:type\" content=\"article\" \/>\n<meta property=\"og:title\" content=\"Diaz Reus at the Allianz Compliance Week\" \/>\n<meta property=\"og:description\" content=\"[:en]On July 3 and 4, 2019, Diaz Reus attorneys Marcela Blanco and Javier Coronado took part in the second edition of the Allianz Compliance Week organized in Bogot\u00e1, Colombia, by Allianz&#039; Legal and Compliance Department[:es]Los d\u00edas 3 y 4 de julio de 2019, los abogados de Diaz Reus Marcela Blanco y Javier Coronado participaron en la segunda edici\u00f3n del evento Allianz Compliance Week organizado en Bogot\u00e1, Colombia, por la Gerencia Jur\u00eddica y de Cumplimiento de Allianz. [:ru]On July 3 and 4, 2019, Diaz Reus attorneys Marcela Blanco and Javier Coronado took part in the second edition of the Allianz Compliance Week organized in Bogot\u00e1, Colombia, by Allianz&#039; Legal and Compliance Department[:]\" \/>\n<meta property=\"og:url\" content=\"https:\/\/diazreus.com\/ru\/diaz-reus-at-the-allianz-compliance-week\/\" \/>\n<meta property=\"og:site_name\" content=\"Diaz Reus\" \/>\n<meta property=\"article:published_time\" content=\"2019-07-08T19:43:46+00:00\" \/>\n<meta property=\"article:modified_time\" content=\"2021-01-12T20:31:11+00:00\" \/>\n<meta property=\"og:image\" content=\"https:\/\/diazreus.com\/wp-content\/uploads\/2020\/11\/Allianz.jpg\" \/>\n\t<meta property=\"og:image:width\" content=\"960\" \/>\n\t<meta property=\"og:image:height\" content=\"640\" \/>\n\t<meta property=\"og:image:type\" content=\"image\/jpeg\" \/>\n<meta name=\"author\" content=\"adpptv\" \/>\n<meta name=\"twitter:card\" content=\"summary_large_image\" \/>\n<meta name=\"twitter:label1\" content=\"\u041d\u0430\u043f\u0438\u0441\u0430\u043d\u043e \u0430\u0432\u0442\u043e\u0440\u043e\u043c\" \/>\n\t<meta name=\"twitter:data1\" content=\"adpptv\" \/>\n<script type=\"application\/ld+json\" class=\"yoast-schema-graph\">{\"@context\":\"https:\\\/\\\/schema.org\",\"@graph\":[{\"@type\":\"Article\",\"@id\":\"https:\\\/\\\/diazreus.com\\\/ru\\\/diaz-reus-at-the-allianz-compliance-week\\\/#article\",\"isPartOf\":{\"@id\":\"https:\\\/\\\/diazreus.com\\\/ru\\\/diaz-reus-at-the-allianz-compliance-week\\\/\"},\"author\":{\"name\":\"adpptv\",\"@id\":\"https:\\\/\\\/diazreus.com\\\/ru\\\/#\\\/schema\\\/person\\\/5ae8f6489baef735a4aac7ae8bea6e3d\"},\"headline\":\"Diaz Reus at the Allianz Compliance Week\",\"datePublished\":\"2019-07-08T19:43:46+00:00\",\"dateModified\":\"2021-01-12T20:31:11+00:00\",\"mainEntityOfPage\":{\"@id\":\"https:\\\/\\\/diazreus.com\\\/ru\\\/diaz-reus-at-the-allianz-compliance-week\\\/\"},\"wordCount\":77,\"image\":{\"@id\":\"https:\\\/\\\/diazreus.com\\\/ru\\\/diaz-reus-at-the-allianz-compliance-week\\\/#primaryimage\"},\"thumbnailUrl\":\"https:\\\/\\\/diazreus.com\\\/wp-content\\\/uploads\\\/2020\\\/11\\\/Allianz.jpg\",\"articleSection\":[\"\u0441\u043e\u0431\u044b\u0442\u0438\u044f\"],\"inLanguage\":\"ru-RU\"},{\"@type\":\"WebPage\",\"@id\":\"https:\\\/\\\/diazreus.com\\\/ru\\\/diaz-reus-at-the-allianz-compliance-week\\\/\",\"url\":\"https:\\\/\\\/diazreus.com\\\/ru\\\/diaz-reus-at-the-allianz-compliance-week\\\/\",\"name\":\"Diaz Reus at the Allianz Compliance Week\",\"isPartOf\":{\"@id\":\"https:\\\/\\\/diazreus.com\\\/ru\\\/#website\"},\"primaryImageOfPage\":{\"@id\":\"https:\\\/\\\/diazreus.com\\\/ru\\\/diaz-reus-at-the-allianz-compliance-week\\\/#primaryimage\"},\"image\":{\"@id\":\"https:\\\/\\\/diazreus.com\\\/ru\\\/diaz-reus-at-the-allianz-compliance-week\\\/#primaryimage\"},\"thumbnailUrl\":\"https:\\\/\\\/diazreus.com\\\/wp-content\\\/uploads\\\/2020\\\/11\\\/Allianz.jpg\",\"datePublished\":\"2019-07-08T19:43:46+00:00\",\"dateModified\":\"2021-01-12T20:31:11+00:00\",\"author\":{\"@id\":\"https:\\\/\\\/diazreus.com\\\/ru\\\/#\\\/schema\\\/person\\\/5ae8f6489baef735a4aac7ae8bea6e3d\"},\"breadcrumb\":{\"@id\":\"https:\\\/\\\/diazreus.com\\\/ru\\\/diaz-reus-at-the-allianz-compliance-week\\\/#breadcrumb\"},\"inLanguage\":\"ru-RU\",\"potentialAction\":[{\"@type\":\"ReadAction\",\"target\":[\"https:\\\/\\\/diazreus.com\\\/ru\\\/diaz-reus-at-the-allianz-compliance-week\\\/\"]}]},{\"@type\":\"ImageObject\",\"inLanguage\":\"ru-RU\",\"@id\":\"https:\\\/\\\/diazreus.com\\\/ru\\\/diaz-reus-at-the-allianz-compliance-week\\\/#primaryimage\",\"url\":\"https:\\\/\\\/diazreus.com\\\/wp-content\\\/uploads\\\/2020\\\/11\\\/Allianz.jpg\",\"contentUrl\":\"https:\\\/\\\/diazreus.com\\\/wp-content\\\/uploads\\\/2020\\\/11\\\/Allianz.jpg\",\"width\":960,\"height\":640},{\"@type\":\"BreadcrumbList\",\"@id\":\"https:\\\/\\\/diazreus.com\\\/ru\\\/diaz-reus-at-the-allianz-compliance-week\\\/#breadcrumb\",\"itemListElement\":[{\"@type\":\"ListItem\",\"position\":1,\"name\":\"Home\",\"item\":\"https:\\\/\\\/diazreus.com\\\/ru\\\/home-russian\\\/\"},{\"@type\":\"ListItem\",\"position\":2,\"name\":\"Diaz Reus at the Allianz Compliance Week\"}]},{\"@type\":\"WebSite\",\"@id\":\"https:\\\/\\\/diazreus.com\\\/ru\\\/#website\",\"url\":\"https:\\\/\\\/diazreus.com\\\/ru\\\/\",\"name\":\"Diaz Reus\",\"description\":\"\",\"potentialAction\":[{\"@type\":\"SearchAction\",\"target\":{\"@type\":\"EntryPoint\",\"urlTemplate\":\"https:\\\/\\\/diazreus.com\\\/ru\\\/?s={search_term_string}\"},\"query-input\":{\"@type\":\"PropertyValueSpecification\",\"valueRequired\":true,\"valueName\":\"search_term_string\"}}],\"inLanguage\":\"ru-RU\"},{\"@type\":\"Person\",\"@id\":\"https:\\\/\\\/diazreus.com\\\/ru\\\/#\\\/schema\\\/person\\\/5ae8f6489baef735a4aac7ae8bea6e3d\",\"name\":\"adpptv\",\"sameAs\":[\"https:\\\/\\\/diazreus.com\"],\"url\":\"https:\\\/\\\/diazreus.com\\\/ru\\\/author\\\/adpptv\\\/\"}]}<\/script>\n<!-- \/ Yoast SEO plugin. -->","yoast_head_json":{"title":"Diaz Reus at the Allianz Compliance Week","robots":{"index":"index","follow":"follow","max-snippet":"max-snippet:-1","max-image-preview":"max-image-preview:large","max-video-preview":"max-video-preview:-1"},"canonical":"https:\/\/diazreus.com\/ru\/diaz-reus-at-the-allianz-compliance-week\/","og_locale":"ru_RU","og_type":"article","og_title":"Diaz Reus at the Allianz Compliance Week","og_description":"[:en]On July 3 and 4, 2019, Diaz Reus attorneys Marcela Blanco and Javier Coronado took part in the second edition of the Allianz Compliance Week organized in Bogot\u00e1, Colombia, by Allianz' Legal and Compliance Department[:es]Los d\u00edas 3 y 4 de julio de 2019, los abogados de Diaz Reus Marcela Blanco y Javier Coronado participaron en la segunda edici\u00f3n del evento Allianz Compliance Week organizado en Bogot\u00e1, Colombia, por la Gerencia Jur\u00eddica y de Cumplimiento de Allianz. [:ru]On July 3 and 4, 2019, Diaz Reus attorneys Marcela Blanco and Javier Coronado took part in the second edition of the Allianz Compliance Week organized in Bogot\u00e1, Colombia, by Allianz' Legal and Compliance Department[:]","og_url":"https:\/\/diazreus.com\/ru\/diaz-reus-at-the-allianz-compliance-week\/","og_site_name":"Diaz Reus","article_published_time":"2019-07-08T19:43:46+00:00","article_modified_time":"2021-01-12T20:31:11+00:00","og_image":[{"width":960,"height":640,"url":"https:\/\/diazreus.com\/wp-content\/uploads\/2020\/11\/Allianz.jpg","type":"image\/jpeg"}],"author":"adpptv","twitter_card":"summary_large_image","twitter_misc":{"\u041d\u0430\u043f\u0438\u0441\u0430\u043d\u043e \u0430\u0432\u0442\u043e\u0440\u043e\u043c":"adpptv"},"schema":{"@context":"https:\/\/schema.org","@graph":[{"@type":"Article","@id":"https:\/\/diazreus.com\/ru\/diaz-reus-at-the-allianz-compliance-week\/#article","isPartOf":{"@id":"https:\/\/diazreus.com\/ru\/diaz-reus-at-the-allianz-compliance-week\/"},"author":{"name":"adpptv","@id":"https:\/\/diazreus.com\/ru\/#\/schema\/person\/5ae8f6489baef735a4aac7ae8bea6e3d"},"headline":"Diaz Reus at the Allianz Compliance Week","datePublished":"2019-07-08T19:43:46+00:00","dateModified":"2021-01-12T20:31:11+00:00","mainEntityOfPage":{"@id":"https:\/\/diazreus.com\/ru\/diaz-reus-at-the-allianz-compliance-week\/"},"wordCount":77,"image":{"@id":"https:\/\/diazreus.com\/ru\/diaz-reus-at-the-allianz-compliance-week\/#primaryimage"},"thumbnailUrl":"https:\/\/diazreus.com\/wp-content\/uploads\/2020\/11\/Allianz.jpg","articleSection":["\u0441\u043e\u0431\u044b\u0442\u0438\u044f"],"inLanguage":"ru-RU"},{"@type":"WebPage","@id":"https:\/\/diazreus.com\/ru\/diaz-reus-at-the-allianz-compliance-week\/","url":"https:\/\/diazreus.com\/ru\/diaz-reus-at-the-allianz-compliance-week\/","name":"Diaz Reus at the Allianz Compliance Week","isPartOf":{"@id":"https:\/\/diazreus.com\/ru\/#website"},"primaryImageOfPage":{"@id":"https:\/\/diazreus.com\/ru\/diaz-reus-at-the-allianz-compliance-week\/#primaryimage"},"image":{"@id":"https:\/\/diazreus.com\/ru\/diaz-reus-at-the-allianz-compliance-week\/#primaryimage"},"thumbnailUrl":"https:\/\/diazreus.com\/wp-content\/uploads\/2020\/11\/Allianz.jpg","datePublished":"2019-07-08T19:43:46+00:00","dateModified":"2021-01-12T20:31:11+00:00","author":{"@id":"https:\/\/diazreus.com\/ru\/#\/schema\/person\/5ae8f6489baef735a4aac7ae8bea6e3d"},"breadcrumb":{"@id":"https:\/\/diazreus.com\/ru\/diaz-reus-at-the-allianz-compliance-week\/#breadcrumb"},"inLanguage":"ru-RU","potentialAction":[{"@type":"ReadAction","target":["https:\/\/diazreus.com\/ru\/diaz-reus-at-the-allianz-compliance-week\/"]}]},{"@type":"ImageObject","inLanguage":"ru-RU","@id":"https:\/\/diazreus.com\/ru\/diaz-reus-at-the-allianz-compliance-week\/#primaryimage","url":"https:\/\/diazreus.com\/wp-content\/uploads\/2020\/11\/Allianz.jpg","contentUrl":"https:\/\/diazreus.com\/wp-content\/uploads\/2020\/11\/Allianz.jpg","width":960,"height":640},{"@type":"BreadcrumbList","@id":"https:\/\/diazreus.com\/ru\/diaz-reus-at-the-allianz-compliance-week\/#breadcrumb","itemListElement":[{"@type":"ListItem","position":1,"name":"Home","item":"https:\/\/diazreus.com\/ru\/home-russian\/"},{"@type":"ListItem","position":2,"name":"Diaz Reus at the Allianz Compliance Week"}]},{"@type":"WebSite","@id":"https:\/\/diazreus.com\/ru\/#website","url":"https:\/\/diazreus.com\/ru\/","name":"Diaz Reus","description":"","potentialAction":[{"@type":"SearchAction","target":{"@type":"EntryPoint","urlTemplate":"https:\/\/diazreus.com\/ru\/?s={search_term_string}"},"query-input":{"@type":"PropertyValueSpecification","valueRequired":true,"valueName":"search_term_string"}}],"inLanguage":"ru-RU"},{"@type":"Person","@id":"https:\/\/diazreus.com\/ru\/#\/schema\/person\/5ae8f6489baef735a4aac7ae8bea6e3d","name":"adpptv","sameAs":["https:\/\/diazreus.com"],"url":"https:\/\/diazreus.com\/ru\/author\/adpptv\/"}]}},"_links":{"self":[{"href":"https:\/\/diazreus.com\/ru\/wp-json\/wp\/v2\/posts\/6962","targetHints":{"allow":["GET"]}}],"collection":[{"href":"https:\/\/diazreus.com\/ru\/wp-json\/wp\/v2\/posts"}],"about":[{"href":"https:\/\/diazreus.com\/ru\/wp-json\/wp\/v2\/types\/post"}],"author":[{"embeddable":true,"href":"https:\/\/diazreus.com\/ru\/wp-json\/wp\/v2\/users\/1"}],"replies":[{"embeddable":true,"href":"https:\/\/diazreus.com\/ru\/wp-json\/wp\/v2\/comments?post=6962"}],"version-history":[{"count":2,"href":"https:\/\/diazreus.com\/ru\/wp-json\/wp\/v2\/posts\/6962\/revisions"}],"predecessor-version":[{"id":8499,"href":"https:\/\/diazreus.com\/ru\/wp-json\/wp\/v2\/posts\/6962\/revisions\/8499"}],"wp:featuredmedia":[{"embeddable":true,"href":"https:\/\/diazreus.com\/ru\/wp-json\/wp\/v2\/media\/4683"}],"wp:attachment":[{"href":"https:\/\/diazreus.com\/ru\/wp-json\/wp\/v2\/media?parent=6962"}],"wp:term":[{"taxonomy":"category","embeddable":true,"href":"https:\/\/diazreus.com\/ru\/wp-json\/wp\/v2\/categories?post=6962"},{"taxonomy":"post_tag","embeddable":true,"href":"https:\/\/diazreus.com\/ru\/wp-json\/wp\/v2\/tags?post=6962"}],"curies":[{"name":"wp","href":"https:\/\/api.w.org\/{rel}","templated":true}]}}