{"id":22257,"date":"2024-04-10T11:01:55","date_gmt":"2024-04-10T11:01:55","guid":{"rendered":"https:\/\/diazreus.com\/?p=22257"},"modified":"2024-04-10T11:01:55","modified_gmt":"2024-04-10T11:01:55","slug":"colombia-ley-de-parto-humanizado","status":"publish","type":"post","link":"https:\/\/diazreus.com\/ru\/colombia-ley-de-parto-humanizado\/","title":{"rendered":"Colombia: ley de parto humanizado"},"content":{"rendered":"<p>Por <a href=\"https:\/\/diazreus.com\/es\/people\/marcelo-buendia-velez\/\">Marcelo Buend\u00eda V\u00e9lez<\/a>, Director Editorial de Legal Industry Reviews y Abogado Asociado de Diaz Reus Bogot\u00e1, y Ana Hern\u00e1ndez, Directora Editorial de Legal Industry Reviews.<\/p>\n<p>Muchas mujeres han sido objeto de violencia obst\u00e9trica sin saberlo. Esto se debe, entre otros factores, a la normalizaci\u00f3n de pr\u00e1cticas y procedimientos que son en realidad violatorios del derecho humano de las mujeres a vivir libres de este tipo de violencia. Su concepto es, entonces, mucho m\u00e1s amplio de lo que generalmente se piensa.<\/p>\n<p>En enero del a\u00f1o pasado (2023), la Corte Interamericana de Derechos Humanos utiliz\u00f3 por primera vez este concepto en el caso Br\u00edtez Arce y otros vs. Argentina definiendo la violencia obst\u00e9trica como \u201cuna forma de violencia basada en el g\u00e9nero, ejercida por los encargados de la atenci\u00f3n en salud sobre las personas gestantes durante el acceso a los servicios que tienen lugar en el embarazo, parto y posparto\u2026\u201d. Este caso es clave para visibilizar el tema, adem\u00e1s de establecer est\u00e1ndares y obligaciones que deben cumplir los Estados.<\/p>\n<p><a href=\"https:\/\/diazreus.com\/wp-content\/uploads\/2024\/04\/ley-de-parto-humanizado.pdf\">LEER M\u00c1S<\/a><\/p>\n","protected":false},"excerpt":{"rendered":"<p>Por Marcelo Buend\u00eda V\u00e9lez, Director Editorial de Legal Industry Reviews y Abogado Asociado de Diaz Reus Bogot\u00e1, y Ana Hern\u00e1ndez, Directora Editorial de Legal Industry Reviews. Muchas mujeres han sido objeto de violencia obst\u00e9trica sin saberlo. Esto se debe, entre otros factores, a la normalizaci\u00f3n de pr\u00e1cticas y procedimientos que son en realidad violatorios del derecho humano de las mujeres &#8230; <a href=\"https:\/\/diazreus.com\/ru\/colombia-ley-de-parto-humanizado\/\" class=\"more-link\">Read More<\/a><\/p>\n","protected":false},"author":5,"featured_media":22251,"comment_status":"closed","ping_status":"open","sticky":false,"template":"","format":"standard","meta":{"_acf_changed":false,"rs_blank_template":"","rs_page_bg_color":"","slide_template_v7":"","inline_featured_image":false,"footnotes":""},"categories":[873,551,330],"tags":[],"class_list":["post-22257","post","type-post","status-publish","format-standard","has-post-thumbnail","hentry","category-articles-publications-ru","category-551","category-articles-ru"],"acf":[],"yoast_head":"<!-- This site is optimized with the Yoast SEO plugin v27.5 - https:\/\/yoast.com\/product\/yoast-seo-wordpress\/ -->\n<title>Colombia: ley de parto humanizado - Diaz Reus<\/title>\n<meta name=\"robots\" content=\"index, follow, max-snippet:-1, max-image-preview:large, max-video-preview:-1\" \/>\n<link rel=\"canonical\" href=\"https:\/\/diazreus.com\/ru\/colombia-ley-de-parto-humanizado\/\" \/>\n<meta property=\"og:locale\" content=\"ru_RU\" \/>\n<meta property=\"og:type\" content=\"article\" \/>\n<meta property=\"og:title\" content=\"Colombia: ley de parto humanizado - Diaz Reus\" \/>\n<meta property=\"og:description\" content=\"Por Marcelo Buend\u00eda V\u00e9lez, Director Editorial de Legal Industry Reviews y Abogado Asociado de Diaz Reus Bogot\u00e1, y Ana Hern\u00e1ndez, Directora Editorial de Legal Industry Reviews. Muchas mujeres han sido objeto de violencia obst\u00e9trica sin saberlo. Esto se debe, entre otros factores, a la normalizaci\u00f3n de pr\u00e1cticas y procedimientos que son en realidad violatorios del derecho humano de las mujeres ... Read More\" \/>\n<meta property=\"og:url\" content=\"https:\/\/diazreus.com\/ru\/colombia-ley-de-parto-humanizado\/\" \/>\n<meta property=\"og:site_name\" content=\"Diaz Reus\" \/>\n<meta property=\"article:published_time\" content=\"2024-04-10T11:01:55+00:00\" \/>\n<meta property=\"og:image\" content=\"https:\/\/diazreus.com\/wp-content\/uploads\/2024\/04\/LIR-Marcelo.jpg\" \/>\n\t<meta property=\"og:image:width\" content=\"960\" \/>\n\t<meta property=\"og:image:height\" content=\"640\" \/>\n\t<meta property=\"og:image:type\" content=\"image\/jpeg\" \/>\n<meta name=\"author\" content=\"mbattier@diazreus.com\" \/>\n<meta name=\"twitter:card\" content=\"summary_large_image\" \/>\n<meta name=\"twitter:label1\" content=\"\u041d\u0430\u043f\u0438\u0441\u0430\u043d\u043e \u0430\u0432\u0442\u043e\u0440\u043e\u043c\" \/>\n\t<meta name=\"twitter:data1\" content=\"mbattier@diazreus.com\" \/>\n\t<meta name=\"twitter:label2\" content=\"\u041f\u0440\u0438\u043c\u0435\u0440\u043d\u043e\u0435 \u0432\u0440\u0435\u043c\u044f \u0434\u043b\u044f \u0447\u0442\u0435\u043d\u0438\u044f\" \/>\n\t<meta name=\"twitter:data2\" content=\"1 \u043c\u0438\u043d\u0443\u0442\u0430\" \/>\n<script type=\"application\/ld+json\" class=\"yoast-schema-graph\">{\"@context\":\"https:\\\/\\\/schema.org\",\"@graph\":[{\"@type\":\"Article\",\"@id\":\"https:\\\/\\\/diazreus.com\\\/ru\\\/colombia-ley-de-parto-humanizado\\\/#article\",\"isPartOf\":{\"@id\":\"https:\\\/\\\/diazreus.com\\\/ru\\\/colombia-ley-de-parto-humanizado\\\/\"},\"author\":{\"name\":\"mbattier@diazreus.com\",\"@id\":\"https:\\\/\\\/diazreus.com\\\/ru\\\/#\\\/schema\\\/person\\\/ac819f404d59c9664cc3132d90054303\"},\"headline\":\"Colombia: ley de parto humanizado\",\"datePublished\":\"2024-04-10T11:01:55+00:00\",\"mainEntityOfPage\":{\"@id\":\"https:\\\/\\\/diazreus.com\\\/ru\\\/colombia-ley-de-parto-humanizado\\\/\"},\"wordCount\":189,\"image\":{\"@id\":\"https:\\\/\\\/diazreus.com\\\/ru\\\/colombia-ley-de-parto-humanizado\\\/#primaryimage\"},\"thumbnailUrl\":\"https:\\\/\\\/diazreus.com\\\/wp-content\\\/uploads\\\/2024\\\/04\\\/LIR-Marcelo.jpg\",\"articleSection\":[\"Articles &amp; Publications\",\"\u0441\u043e\u0431\u044b\u0442\u0438\u044f\",\"Articles\"],\"inLanguage\":\"ru-RU\"},{\"@type\":\"WebPage\",\"@id\":\"https:\\\/\\\/diazreus.com\\\/ru\\\/colombia-ley-de-parto-humanizado\\\/\",\"url\":\"https:\\\/\\\/diazreus.com\\\/ru\\\/colombia-ley-de-parto-humanizado\\\/\",\"name\":\"Colombia: ley de parto humanizado - Diaz Reus\",\"isPartOf\":{\"@id\":\"https:\\\/\\\/diazreus.com\\\/ru\\\/#website\"},\"primaryImageOfPage\":{\"@id\":\"https:\\\/\\\/diazreus.com\\\/ru\\\/colombia-ley-de-parto-humanizado\\\/#primaryimage\"},\"image\":{\"@id\":\"https:\\\/\\\/diazreus.com\\\/ru\\\/colombia-ley-de-parto-humanizado\\\/#primaryimage\"},\"thumbnailUrl\":\"https:\\\/\\\/diazreus.com\\\/wp-content\\\/uploads\\\/2024\\\/04\\\/LIR-Marcelo.jpg\",\"datePublished\":\"2024-04-10T11:01:55+00:00\",\"author\":{\"@id\":\"https:\\\/\\\/diazreus.com\\\/ru\\\/#\\\/schema\\\/person\\\/ac819f404d59c9664cc3132d90054303\"},\"breadcrumb\":{\"@id\":\"https:\\\/\\\/diazreus.com\\\/ru\\\/colombia-ley-de-parto-humanizado\\\/#breadcrumb\"},\"inLanguage\":\"ru-RU\",\"potentialAction\":[{\"@type\":\"ReadAction\",\"target\":[\"https:\\\/\\\/diazreus.com\\\/ru\\\/colombia-ley-de-parto-humanizado\\\/\"]}]},{\"@type\":\"ImageObject\",\"inLanguage\":\"ru-RU\",\"@id\":\"https:\\\/\\\/diazreus.com\\\/ru\\\/colombia-ley-de-parto-humanizado\\\/#primaryimage\",\"url\":\"https:\\\/\\\/diazreus.com\\\/wp-content\\\/uploads\\\/2024\\\/04\\\/LIR-Marcelo.jpg\",\"contentUrl\":\"https:\\\/\\\/diazreus.com\\\/wp-content\\\/uploads\\\/2024\\\/04\\\/LIR-Marcelo.jpg\",\"width\":960,\"height\":640},{\"@type\":\"BreadcrumbList\",\"@id\":\"https:\\\/\\\/diazreus.com\\\/ru\\\/colombia-ley-de-parto-humanizado\\\/#breadcrumb\",\"itemListElement\":[{\"@type\":\"ListItem\",\"position\":1,\"name\":\"Home\",\"item\":\"https:\\\/\\\/diazreus.com\\\/ru\\\/home-russian\\\/\"},{\"@type\":\"ListItem\",\"position\":2,\"name\":\"Colombia: ley de parto humanizado\"}]},{\"@type\":\"WebSite\",\"@id\":\"https:\\\/\\\/diazreus.com\\\/ru\\\/#website\",\"url\":\"https:\\\/\\\/diazreus.com\\\/ru\\\/\",\"name\":\"Diaz Reus\",\"description\":\"\",\"potentialAction\":[{\"@type\":\"SearchAction\",\"target\":{\"@type\":\"EntryPoint\",\"urlTemplate\":\"https:\\\/\\\/diazreus.com\\\/ru\\\/?s={search_term_string}\"},\"query-input\":{\"@type\":\"PropertyValueSpecification\",\"valueRequired\":true,\"valueName\":\"search_term_string\"}}],\"inLanguage\":\"ru-RU\"},{\"@type\":\"Person\",\"@id\":\"https:\\\/\\\/diazreus.com\\\/ru\\\/#\\\/schema\\\/person\\\/ac819f404d59c9664cc3132d90054303\",\"name\":\"mbattier@diazreus.com\",\"url\":\"https:\\\/\\\/diazreus.com\\\/ru\\\/author\\\/mbattierdiazreus-com\\\/\"}]}<\/script>\n<!-- \/ Yoast SEO plugin. -->","yoast_head_json":{"title":"Colombia: ley de parto humanizado - Diaz Reus","robots":{"index":"index","follow":"follow","max-snippet":"max-snippet:-1","max-image-preview":"max-image-preview:large","max-video-preview":"max-video-preview:-1"},"canonical":"https:\/\/diazreus.com\/ru\/colombia-ley-de-parto-humanizado\/","og_locale":"ru_RU","og_type":"article","og_title":"Colombia: ley de parto humanizado - Diaz Reus","og_description":"Por Marcelo Buend\u00eda V\u00e9lez, Director Editorial de Legal Industry Reviews y Abogado Asociado de Diaz Reus Bogot\u00e1, y Ana Hern\u00e1ndez, Directora Editorial de Legal Industry Reviews. Muchas mujeres han sido objeto de violencia obst\u00e9trica sin saberlo. Esto se debe, entre otros factores, a la normalizaci\u00f3n de pr\u00e1cticas y procedimientos que son en realidad violatorios del derecho humano de las mujeres ... Read More","og_url":"https:\/\/diazreus.com\/ru\/colombia-ley-de-parto-humanizado\/","og_site_name":"Diaz Reus","article_published_time":"2024-04-10T11:01:55+00:00","og_image":[{"width":960,"height":640,"url":"https:\/\/diazreus.com\/wp-content\/uploads\/2024\/04\/LIR-Marcelo.jpg","type":"image\/jpeg"}],"author":"mbattier@diazreus.com","twitter_card":"summary_large_image","twitter_misc":{"\u041d\u0430\u043f\u0438\u0441\u0430\u043d\u043e \u0430\u0432\u0442\u043e\u0440\u043e\u043c":"mbattier@diazreus.com","\u041f\u0440\u0438\u043c\u0435\u0440\u043d\u043e\u0435 \u0432\u0440\u0435\u043c\u044f \u0434\u043b\u044f \u0447\u0442\u0435\u043d\u0438\u044f":"1 \u043c\u0438\u043d\u0443\u0442\u0430"},"schema":{"@context":"https:\/\/schema.org","@graph":[{"@type":"Article","@id":"https:\/\/diazreus.com\/ru\/colombia-ley-de-parto-humanizado\/#article","isPartOf":{"@id":"https:\/\/diazreus.com\/ru\/colombia-ley-de-parto-humanizado\/"},"author":{"name":"mbattier@diazreus.com","@id":"https:\/\/diazreus.com\/ru\/#\/schema\/person\/ac819f404d59c9664cc3132d90054303"},"headline":"Colombia: ley de parto humanizado","datePublished":"2024-04-10T11:01:55+00:00","mainEntityOfPage":{"@id":"https:\/\/diazreus.com\/ru\/colombia-ley-de-parto-humanizado\/"},"wordCount":189,"image":{"@id":"https:\/\/diazreus.com\/ru\/colombia-ley-de-parto-humanizado\/#primaryimage"},"thumbnailUrl":"https:\/\/diazreus.com\/wp-content\/uploads\/2024\/04\/LIR-Marcelo.jpg","articleSection":["Articles &amp; Publications","\u0441\u043e\u0431\u044b\u0442\u0438\u044f","Articles"],"inLanguage":"ru-RU"},{"@type":"WebPage","@id":"https:\/\/diazreus.com\/ru\/colombia-ley-de-parto-humanizado\/","url":"https:\/\/diazreus.com\/ru\/colombia-ley-de-parto-humanizado\/","name":"Colombia: ley de parto humanizado - Diaz Reus","isPartOf":{"@id":"https:\/\/diazreus.com\/ru\/#website"},"primaryImageOfPage":{"@id":"https:\/\/diazreus.com\/ru\/colombia-ley-de-parto-humanizado\/#primaryimage"},"image":{"@id":"https:\/\/diazreus.com\/ru\/colombia-ley-de-parto-humanizado\/#primaryimage"},"thumbnailUrl":"https:\/\/diazreus.com\/wp-content\/uploads\/2024\/04\/LIR-Marcelo.jpg","datePublished":"2024-04-10T11:01:55+00:00","author":{"@id":"https:\/\/diazreus.com\/ru\/#\/schema\/person\/ac819f404d59c9664cc3132d90054303"},"breadcrumb":{"@id":"https:\/\/diazreus.com\/ru\/colombia-ley-de-parto-humanizado\/#breadcrumb"},"inLanguage":"ru-RU","potentialAction":[{"@type":"ReadAction","target":["https:\/\/diazreus.com\/ru\/colombia-ley-de-parto-humanizado\/"]}]},{"@type":"ImageObject","inLanguage":"ru-RU","@id":"https:\/\/diazreus.com\/ru\/colombia-ley-de-parto-humanizado\/#primaryimage","url":"https:\/\/diazreus.com\/wp-content\/uploads\/2024\/04\/LIR-Marcelo.jpg","contentUrl":"https:\/\/diazreus.com\/wp-content\/uploads\/2024\/04\/LIR-Marcelo.jpg","width":960,"height":640},{"@type":"BreadcrumbList","@id":"https:\/\/diazreus.com\/ru\/colombia-ley-de-parto-humanizado\/#breadcrumb","itemListElement":[{"@type":"ListItem","position":1,"name":"Home","item":"https:\/\/diazreus.com\/ru\/home-russian\/"},{"@type":"ListItem","position":2,"name":"Colombia: ley de parto humanizado"}]},{"@type":"WebSite","@id":"https:\/\/diazreus.com\/ru\/#website","url":"https:\/\/diazreus.com\/ru\/","name":"Diaz Reus","description":"","potentialAction":[{"@type":"SearchAction","target":{"@type":"EntryPoint","urlTemplate":"https:\/\/diazreus.com\/ru\/?s={search_term_string}"},"query-input":{"@type":"PropertyValueSpecification","valueRequired":true,"valueName":"search_term_string"}}],"inLanguage":"ru-RU"},{"@type":"Person","@id":"https:\/\/diazreus.com\/ru\/#\/schema\/person\/ac819f404d59c9664cc3132d90054303","name":"mbattier@diazreus.com","url":"https:\/\/diazreus.com\/ru\/author\/mbattierdiazreus-com\/"}]}},"_links":{"self":[{"href":"https:\/\/diazreus.com\/ru\/wp-json\/wp\/v2\/posts\/22257","targetHints":{"allow":["GET"]}}],"collection":[{"href":"https:\/\/diazreus.com\/ru\/wp-json\/wp\/v2\/posts"}],"about":[{"href":"https:\/\/diazreus.com\/ru\/wp-json\/wp\/v2\/types\/post"}],"author":[{"embeddable":true,"href":"https:\/\/diazreus.com\/ru\/wp-json\/wp\/v2\/users\/5"}],"replies":[{"embeddable":true,"href":"https:\/\/diazreus.com\/ru\/wp-json\/wp\/v2\/comments?post=22257"}],"version-history":[{"count":1,"href":"https:\/\/diazreus.com\/ru\/wp-json\/wp\/v2\/posts\/22257\/revisions"}],"predecessor-version":[{"id":22258,"href":"https:\/\/diazreus.com\/ru\/wp-json\/wp\/v2\/posts\/22257\/revisions\/22258"}],"wp:featuredmedia":[{"embeddable":true,"href":"https:\/\/diazreus.com\/ru\/wp-json\/wp\/v2\/media\/22251"}],"wp:attachment":[{"href":"https:\/\/diazreus.com\/ru\/wp-json\/wp\/v2\/media?parent=22257"}],"wp:term":[{"taxonomy":"category","embeddable":true,"href":"https:\/\/diazreus.com\/ru\/wp-json\/wp\/v2\/categories?post=22257"},{"taxonomy":"post_tag","embeddable":true,"href":"https:\/\/diazreus.com\/ru\/wp-json\/wp\/v2\/tags?post=22257"}],"curies":[{"name":"wp","href":"https:\/\/api.w.org\/{rel}","templated":true}]}}