{"id":20210,"date":"2022-09-13T22:10:53","date_gmt":"2022-09-13T22:10:53","guid":{"rendered":"https:\/\/diazreus.com\/?p=20210"},"modified":"2022-09-13T22:10:53","modified_gmt":"2022-09-13T22:10:53","slug":"jose-alfredo-rizek-la-ley-de-medios-digitales-sera-un-hito-relevante-en-republica-dominicana","status":"publish","type":"post","link":"https:\/\/diazreus.com\/ru\/jose-alfredo-rizek-la-ley-de-medios-digitales-sera-un-hito-relevante-en-republica-dominicana\/","title":{"rendered":"Jos\u00e9 Alfredo Rizek: La \u2018Ley de Medios Digitales\u2019 ser\u00e1 un hito relevante en Rep\u00fablica Dominicana"},"content":{"rendered":"<p><a href=\"https:\/\/diazreus.com\/es\/people\/jose-alfredo-rizek-2\/\">Jos\u00e9 Alfredo Rizek<\/a>, socio gerente de Rizek Abogados y miembro de la <a href=\"https:\/\/diazreus.com\/es\/drt-alliance-2\/\">Alianza DRT<\/a> (<a href=\"https:\/\/diazreus.com\/es\/drt-alliance-2\/\">DRT Alliance<\/a>), nos habla del foco de pr\u00e1ctica de la firma: el sector de las telecomunicaciones y de las tecnolog\u00edas de la informaci\u00f3n.<\/p>\n<p>En esta entrega de Power Lawyers de Mercado Interview, <a href=\"https:\/\/diazreus.com\/es\/people\/jose-alfredo-rizek-2\/\">Jos\u00e9 Alfredo Rizek Vidal<\/a>, socio gerente de Rizek abogados, nos habla del foco de pr\u00e1ctica de la firma: el sector de las telecomunicaciones y de las tecnolog\u00edas de la informaci\u00f3n. As\u00ed, el equipo de Rizek Abogados ha tenido la oportunidad de liderar y participar en las principales iniciativas de desarrollo de la legislaci\u00f3n que rige el mercado de las telecomunicaciones, as\u00ed como de las transacciones m\u00e1s relevantes de adquisici\u00f3n, venta y reestructuraci\u00f3n dentro de este mercado.<\/p>\n<p>En ese sentido, la nueva Ley 339-22, que habilita y regula el uso de medios digitales para los procesos judiciales y procedimientos administrativos del Poder Judicial, se ha convertido en un activo importante y esperado de la firma.<\/p>\n<p>\u00abComo parte de una generaci\u00f3n de abogados que durante los a\u00f1os 2020 y 2021 -por motivo de la pandemia de la Covid-19- utiliz\u00f3 y promovi\u00f3 el uso de los canales digitales del Poder Judicial habilitados en ese momento, entendemos que la Ley de Medios Digitales, de ser explotada en todo su potencial, significar\u00eda un antes y un despu\u00e9s para el sistema judicial y la pr\u00e1ctica jur\u00eddica profesional dominicana.<\/p>\n<p>\u201cLa Ley de Medios Digitales se convertir\u00e1 en un hito relevante en la pr\u00e1ctica profesional del derecho en la Rep\u00fablica Dominicana\u201d.<\/p>\n<p><a href=\"https:\/\/www.revistamercado.do\/perfiles\/mercado-interview\/rizek-abogados-power-lawyers?utm_source=Mercado+Media+Network&#038;utm_campaign=1d2d27bc49-Mercado+Daily_COPY_01&#038;utm_medium=email&#038;utm_term=0_920cb02300-1d2d27bc49-47824875&#038;mc_cid=1d2d27bc49&#038;mc_eid=f901f4aa85\">LEER MAS<\/a><\/p>\n","protected":false},"excerpt":{"rendered":"<p>Jos\u00e9 Alfredo Rizek, socio gerente de Rizek Abogados y miembro de la Alianza DRT (DRT Alliance), nos habla del foco de pr\u00e1ctica de la firma: el sector de las telecomunicaciones y de las tecnolog\u00edas de la informaci\u00f3n. En esta entrega de Power Lawyers de Mercado Interview, Jos\u00e9 Alfredo Rizek Vidal, socio gerente de Rizek abogados, nos habla del foco de &#8230; <a href=\"https:\/\/diazreus.com\/ru\/jose-alfredo-rizek-la-ley-de-medios-digitales-sera-un-hito-relevante-en-republica-dominicana\/\" class=\"more-link\">Read More<\/a><\/p>\n","protected":false},"author":5,"featured_media":20204,"comment_status":"closed","ping_status":"open","sticky":false,"template":"","format":"standard","meta":{"_acf_changed":false,"rs_blank_template":"","rs_page_bg_color":"","slide_template_v7":"","inline_featured_image":false,"footnotes":""},"categories":[873,330],"tags":[],"class_list":["post-20210","post","type-post","status-publish","format-standard","has-post-thumbnail","hentry","category-articles-publications-ru","category-articles-ru"],"acf":[],"yoast_head":"<!-- This site is optimized with the Yoast SEO plugin v27.5 - https:\/\/yoast.com\/product\/yoast-seo-wordpress\/ -->\n<title>Jos\u00e9 Alfredo Rizek: La \u2018Ley de Medios Digitales\u2019 ser\u00e1 un hito relevante en Rep\u00fablica Dominicana - Diaz Reus<\/title>\n<meta name=\"robots\" content=\"index, follow, max-snippet:-1, max-image-preview:large, max-video-preview:-1\" \/>\n<link rel=\"canonical\" href=\"https:\/\/diazreus.com\/ru\/jose-alfredo-rizek-la-ley-de-medios-digitales-sera-un-hito-relevante-en-republica-dominicana\/\" \/>\n<meta property=\"og:locale\" content=\"ru_RU\" \/>\n<meta property=\"og:type\" content=\"article\" \/>\n<meta property=\"og:title\" content=\"Jos\u00e9 Alfredo Rizek: La \u2018Ley de Medios Digitales\u2019 ser\u00e1 un hito relevante en Rep\u00fablica Dominicana - Diaz Reus\" \/>\n<meta property=\"og:description\" content=\"Jos\u00e9 Alfredo Rizek, socio gerente de Rizek Abogados y miembro de la Alianza DRT (DRT Alliance), nos habla del foco de pr\u00e1ctica de la firma: el sector de las telecomunicaciones y de las tecnolog\u00edas de la informaci\u00f3n. En esta entrega de Power Lawyers de Mercado Interview, Jos\u00e9 Alfredo Rizek Vidal, socio gerente de Rizek abogados, nos habla del foco de ... Read More\" \/>\n<meta property=\"og:url\" content=\"https:\/\/diazreus.com\/ru\/jose-alfredo-rizek-la-ley-de-medios-digitales-sera-un-hito-relevante-en-republica-dominicana\/\" \/>\n<meta property=\"og:site_name\" content=\"Diaz Reus\" \/>\n<meta property=\"article:published_time\" content=\"2022-09-13T22:10:53+00:00\" \/>\n<meta property=\"og:image\" content=\"https:\/\/diazreus.com\/wp-content\/uploads\/2022\/09\/Rizek.jpg\" \/>\n\t<meta property=\"og:image:width\" content=\"960\" \/>\n\t<meta property=\"og:image:height\" content=\"640\" \/>\n\t<meta property=\"og:image:type\" content=\"image\/jpeg\" \/>\n<meta name=\"author\" content=\"mbattier@diazreus.com\" \/>\n<meta name=\"twitter:card\" content=\"summary_large_image\" \/>\n<meta name=\"twitter:label1\" content=\"\u041d\u0430\u043f\u0438\u0441\u0430\u043d\u043e \u0430\u0432\u0442\u043e\u0440\u043e\u043c\" \/>\n\t<meta name=\"twitter:data1\" content=\"mbattier@diazreus.com\" \/>\n<script type=\"application\/ld+json\" class=\"yoast-schema-graph\">{\"@context\":\"https:\\\/\\\/schema.org\",\"@graph\":[{\"@type\":\"Article\",\"@id\":\"https:\\\/\\\/diazreus.com\\\/ru\\\/jose-alfredo-rizek-la-ley-de-medios-digitales-sera-un-hito-relevante-en-republica-dominicana\\\/#article\",\"isPartOf\":{\"@id\":\"https:\\\/\\\/diazreus.com\\\/ru\\\/jose-alfredo-rizek-la-ley-de-medios-digitales-sera-un-hito-relevante-en-republica-dominicana\\\/\"},\"author\":{\"name\":\"mbattier@diazreus.com\",\"@id\":\"https:\\\/\\\/diazreus.com\\\/ru\\\/#\\\/schema\\\/person\\\/ac819f404d59c9664cc3132d90054303\"},\"headline\":\"Jos\u00e9 Alfredo Rizek: La \u2018Ley de Medios Digitales\u2019 ser\u00e1 un hito relevante en Rep\u00fablica Dominicana\",\"datePublished\":\"2022-09-13T22:10:53+00:00\",\"mainEntityOfPage\":{\"@id\":\"https:\\\/\\\/diazreus.com\\\/ru\\\/jose-alfredo-rizek-la-ley-de-medios-digitales-sera-un-hito-relevante-en-republica-dominicana\\\/\"},\"wordCount\":284,\"image\":{\"@id\":\"https:\\\/\\\/diazreus.com\\\/ru\\\/jose-alfredo-rizek-la-ley-de-medios-digitales-sera-un-hito-relevante-en-republica-dominicana\\\/#primaryimage\"},\"thumbnailUrl\":\"https:\\\/\\\/diazreus.com\\\/wp-content\\\/uploads\\\/2022\\\/09\\\/Rizek.jpg\",\"articleSection\":[\"Articles &amp; Publications\",\"Articles\"],\"inLanguage\":\"ru-RU\"},{\"@type\":\"WebPage\",\"@id\":\"https:\\\/\\\/diazreus.com\\\/ru\\\/jose-alfredo-rizek-la-ley-de-medios-digitales-sera-un-hito-relevante-en-republica-dominicana\\\/\",\"url\":\"https:\\\/\\\/diazreus.com\\\/ru\\\/jose-alfredo-rizek-la-ley-de-medios-digitales-sera-un-hito-relevante-en-republica-dominicana\\\/\",\"name\":\"Jos\u00e9 Alfredo Rizek: La \u2018Ley de Medios Digitales\u2019 ser\u00e1 un hito relevante en Rep\u00fablica Dominicana - Diaz Reus\",\"isPartOf\":{\"@id\":\"https:\\\/\\\/diazreus.com\\\/ru\\\/#website\"},\"primaryImageOfPage\":{\"@id\":\"https:\\\/\\\/diazreus.com\\\/ru\\\/jose-alfredo-rizek-la-ley-de-medios-digitales-sera-un-hito-relevante-en-republica-dominicana\\\/#primaryimage\"},\"image\":{\"@id\":\"https:\\\/\\\/diazreus.com\\\/ru\\\/jose-alfredo-rizek-la-ley-de-medios-digitales-sera-un-hito-relevante-en-republica-dominicana\\\/#primaryimage\"},\"thumbnailUrl\":\"https:\\\/\\\/diazreus.com\\\/wp-content\\\/uploads\\\/2022\\\/09\\\/Rizek.jpg\",\"datePublished\":\"2022-09-13T22:10:53+00:00\",\"author\":{\"@id\":\"https:\\\/\\\/diazreus.com\\\/ru\\\/#\\\/schema\\\/person\\\/ac819f404d59c9664cc3132d90054303\"},\"breadcrumb\":{\"@id\":\"https:\\\/\\\/diazreus.com\\\/ru\\\/jose-alfredo-rizek-la-ley-de-medios-digitales-sera-un-hito-relevante-en-republica-dominicana\\\/#breadcrumb\"},\"inLanguage\":\"ru-RU\",\"potentialAction\":[{\"@type\":\"ReadAction\",\"target\":[\"https:\\\/\\\/diazreus.com\\\/ru\\\/jose-alfredo-rizek-la-ley-de-medios-digitales-sera-un-hito-relevante-en-republica-dominicana\\\/\"]}]},{\"@type\":\"ImageObject\",\"inLanguage\":\"ru-RU\",\"@id\":\"https:\\\/\\\/diazreus.com\\\/ru\\\/jose-alfredo-rizek-la-ley-de-medios-digitales-sera-un-hito-relevante-en-republica-dominicana\\\/#primaryimage\",\"url\":\"https:\\\/\\\/diazreus.com\\\/wp-content\\\/uploads\\\/2022\\\/09\\\/Rizek.jpg\",\"contentUrl\":\"https:\\\/\\\/diazreus.com\\\/wp-content\\\/uploads\\\/2022\\\/09\\\/Rizek.jpg\",\"width\":960,\"height\":640},{\"@type\":\"BreadcrumbList\",\"@id\":\"https:\\\/\\\/diazreus.com\\\/ru\\\/jose-alfredo-rizek-la-ley-de-medios-digitales-sera-un-hito-relevante-en-republica-dominicana\\\/#breadcrumb\",\"itemListElement\":[{\"@type\":\"ListItem\",\"position\":1,\"name\":\"Home\",\"item\":\"https:\\\/\\\/diazreus.com\\\/ru\\\/home-russian\\\/\"},{\"@type\":\"ListItem\",\"position\":2,\"name\":\"Jos\u00e9 Alfredo Rizek: La \u2018Ley de Medios Digitales\u2019 ser\u00e1 un hito relevante en Rep\u00fablica Dominicana\"}]},{\"@type\":\"WebSite\",\"@id\":\"https:\\\/\\\/diazreus.com\\\/ru\\\/#website\",\"url\":\"https:\\\/\\\/diazreus.com\\\/ru\\\/\",\"name\":\"Diaz Reus\",\"description\":\"\",\"potentialAction\":[{\"@type\":\"SearchAction\",\"target\":{\"@type\":\"EntryPoint\",\"urlTemplate\":\"https:\\\/\\\/diazreus.com\\\/ru\\\/?s={search_term_string}\"},\"query-input\":{\"@type\":\"PropertyValueSpecification\",\"valueRequired\":true,\"valueName\":\"search_term_string\"}}],\"inLanguage\":\"ru-RU\"},{\"@type\":\"Person\",\"@id\":\"https:\\\/\\\/diazreus.com\\\/ru\\\/#\\\/schema\\\/person\\\/ac819f404d59c9664cc3132d90054303\",\"name\":\"mbattier@diazreus.com\",\"url\":\"https:\\\/\\\/diazreus.com\\\/ru\\\/author\\\/mbattierdiazreus-com\\\/\"}]}<\/script>\n<!-- \/ Yoast SEO plugin. -->","yoast_head_json":{"title":"Jos\u00e9 Alfredo Rizek: La \u2018Ley de Medios Digitales\u2019 ser\u00e1 un hito relevante en Rep\u00fablica Dominicana - Diaz Reus","robots":{"index":"index","follow":"follow","max-snippet":"max-snippet:-1","max-image-preview":"max-image-preview:large","max-video-preview":"max-video-preview:-1"},"canonical":"https:\/\/diazreus.com\/ru\/jose-alfredo-rizek-la-ley-de-medios-digitales-sera-un-hito-relevante-en-republica-dominicana\/","og_locale":"ru_RU","og_type":"article","og_title":"Jos\u00e9 Alfredo Rizek: La \u2018Ley de Medios Digitales\u2019 ser\u00e1 un hito relevante en Rep\u00fablica Dominicana - Diaz Reus","og_description":"Jos\u00e9 Alfredo Rizek, socio gerente de Rizek Abogados y miembro de la Alianza DRT (DRT Alliance), nos habla del foco de pr\u00e1ctica de la firma: el sector de las telecomunicaciones y de las tecnolog\u00edas de la informaci\u00f3n. En esta entrega de Power Lawyers de Mercado Interview, Jos\u00e9 Alfredo Rizek Vidal, socio gerente de Rizek abogados, nos habla del foco de ... Read More","og_url":"https:\/\/diazreus.com\/ru\/jose-alfredo-rizek-la-ley-de-medios-digitales-sera-un-hito-relevante-en-republica-dominicana\/","og_site_name":"Diaz Reus","article_published_time":"2022-09-13T22:10:53+00:00","og_image":[{"width":960,"height":640,"url":"https:\/\/diazreus.com\/wp-content\/uploads\/2022\/09\/Rizek.jpg","type":"image\/jpeg"}],"author":"mbattier@diazreus.com","twitter_card":"summary_large_image","twitter_misc":{"\u041d\u0430\u043f\u0438\u0441\u0430\u043d\u043e \u0430\u0432\u0442\u043e\u0440\u043e\u043c":"mbattier@diazreus.com"},"schema":{"@context":"https:\/\/schema.org","@graph":[{"@type":"Article","@id":"https:\/\/diazreus.com\/ru\/jose-alfredo-rizek-la-ley-de-medios-digitales-sera-un-hito-relevante-en-republica-dominicana\/#article","isPartOf":{"@id":"https:\/\/diazreus.com\/ru\/jose-alfredo-rizek-la-ley-de-medios-digitales-sera-un-hito-relevante-en-republica-dominicana\/"},"author":{"name":"mbattier@diazreus.com","@id":"https:\/\/diazreus.com\/ru\/#\/schema\/person\/ac819f404d59c9664cc3132d90054303"},"headline":"Jos\u00e9 Alfredo Rizek: La \u2018Ley de Medios Digitales\u2019 ser\u00e1 un hito relevante en Rep\u00fablica Dominicana","datePublished":"2022-09-13T22:10:53+00:00","mainEntityOfPage":{"@id":"https:\/\/diazreus.com\/ru\/jose-alfredo-rizek-la-ley-de-medios-digitales-sera-un-hito-relevante-en-republica-dominicana\/"},"wordCount":284,"image":{"@id":"https:\/\/diazreus.com\/ru\/jose-alfredo-rizek-la-ley-de-medios-digitales-sera-un-hito-relevante-en-republica-dominicana\/#primaryimage"},"thumbnailUrl":"https:\/\/diazreus.com\/wp-content\/uploads\/2022\/09\/Rizek.jpg","articleSection":["Articles &amp; Publications","Articles"],"inLanguage":"ru-RU"},{"@type":"WebPage","@id":"https:\/\/diazreus.com\/ru\/jose-alfredo-rizek-la-ley-de-medios-digitales-sera-un-hito-relevante-en-republica-dominicana\/","url":"https:\/\/diazreus.com\/ru\/jose-alfredo-rizek-la-ley-de-medios-digitales-sera-un-hito-relevante-en-republica-dominicana\/","name":"Jos\u00e9 Alfredo Rizek: La \u2018Ley de Medios Digitales\u2019 ser\u00e1 un hito relevante en Rep\u00fablica Dominicana - Diaz Reus","isPartOf":{"@id":"https:\/\/diazreus.com\/ru\/#website"},"primaryImageOfPage":{"@id":"https:\/\/diazreus.com\/ru\/jose-alfredo-rizek-la-ley-de-medios-digitales-sera-un-hito-relevante-en-republica-dominicana\/#primaryimage"},"image":{"@id":"https:\/\/diazreus.com\/ru\/jose-alfredo-rizek-la-ley-de-medios-digitales-sera-un-hito-relevante-en-republica-dominicana\/#primaryimage"},"thumbnailUrl":"https:\/\/diazreus.com\/wp-content\/uploads\/2022\/09\/Rizek.jpg","datePublished":"2022-09-13T22:10:53+00:00","author":{"@id":"https:\/\/diazreus.com\/ru\/#\/schema\/person\/ac819f404d59c9664cc3132d90054303"},"breadcrumb":{"@id":"https:\/\/diazreus.com\/ru\/jose-alfredo-rizek-la-ley-de-medios-digitales-sera-un-hito-relevante-en-republica-dominicana\/#breadcrumb"},"inLanguage":"ru-RU","potentialAction":[{"@type":"ReadAction","target":["https:\/\/diazreus.com\/ru\/jose-alfredo-rizek-la-ley-de-medios-digitales-sera-un-hito-relevante-en-republica-dominicana\/"]}]},{"@type":"ImageObject","inLanguage":"ru-RU","@id":"https:\/\/diazreus.com\/ru\/jose-alfredo-rizek-la-ley-de-medios-digitales-sera-un-hito-relevante-en-republica-dominicana\/#primaryimage","url":"https:\/\/diazreus.com\/wp-content\/uploads\/2022\/09\/Rizek.jpg","contentUrl":"https:\/\/diazreus.com\/wp-content\/uploads\/2022\/09\/Rizek.jpg","width":960,"height":640},{"@type":"BreadcrumbList","@id":"https:\/\/diazreus.com\/ru\/jose-alfredo-rizek-la-ley-de-medios-digitales-sera-un-hito-relevante-en-republica-dominicana\/#breadcrumb","itemListElement":[{"@type":"ListItem","position":1,"name":"Home","item":"https:\/\/diazreus.com\/ru\/home-russian\/"},{"@type":"ListItem","position":2,"name":"Jos\u00e9 Alfredo Rizek: La \u2018Ley de Medios Digitales\u2019 ser\u00e1 un hito relevante en Rep\u00fablica Dominicana"}]},{"@type":"WebSite","@id":"https:\/\/diazreus.com\/ru\/#website","url":"https:\/\/diazreus.com\/ru\/","name":"Diaz Reus","description":"","potentialAction":[{"@type":"SearchAction","target":{"@type":"EntryPoint","urlTemplate":"https:\/\/diazreus.com\/ru\/?s={search_term_string}"},"query-input":{"@type":"PropertyValueSpecification","valueRequired":true,"valueName":"search_term_string"}}],"inLanguage":"ru-RU"},{"@type":"Person","@id":"https:\/\/diazreus.com\/ru\/#\/schema\/person\/ac819f404d59c9664cc3132d90054303","name":"mbattier@diazreus.com","url":"https:\/\/diazreus.com\/ru\/author\/mbattierdiazreus-com\/"}]}},"_links":{"self":[{"href":"https:\/\/diazreus.com\/ru\/wp-json\/wp\/v2\/posts\/20210","targetHints":{"allow":["GET"]}}],"collection":[{"href":"https:\/\/diazreus.com\/ru\/wp-json\/wp\/v2\/posts"}],"about":[{"href":"https:\/\/diazreus.com\/ru\/wp-json\/wp\/v2\/types\/post"}],"author":[{"embeddable":true,"href":"https:\/\/diazreus.com\/ru\/wp-json\/wp\/v2\/users\/5"}],"replies":[{"embeddable":true,"href":"https:\/\/diazreus.com\/ru\/wp-json\/wp\/v2\/comments?post=20210"}],"version-history":[{"count":1,"href":"https:\/\/diazreus.com\/ru\/wp-json\/wp\/v2\/posts\/20210\/revisions"}],"predecessor-version":[{"id":20211,"href":"https:\/\/diazreus.com\/ru\/wp-json\/wp\/v2\/posts\/20210\/revisions\/20211"}],"wp:featuredmedia":[{"embeddable":true,"href":"https:\/\/diazreus.com\/ru\/wp-json\/wp\/v2\/media\/20204"}],"wp:attachment":[{"href":"https:\/\/diazreus.com\/ru\/wp-json\/wp\/v2\/media?parent=20210"}],"wp:term":[{"taxonomy":"category","embeddable":true,"href":"https:\/\/diazreus.com\/ru\/wp-json\/wp\/v2\/categories?post=20210"},{"taxonomy":"post_tag","embeddable":true,"href":"https:\/\/diazreus.com\/ru\/wp-json\/wp\/v2\/tags?post=20210"}],"curies":[{"name":"wp","href":"https:\/\/api.w.org\/{rel}","templated":true}]}}