{"id":19497,"date":"2022-03-19T20:04:17","date_gmt":"2022-03-19T20:04:17","guid":{"rendered":"https:\/\/diazreus.com\/?p=19497"},"modified":"2022-03-19T20:04:17","modified_gmt":"2022-03-19T20:04:17","slug":"yani-rosenthal-despues-de-6-anos-y-medio-estoy-empezando-a-ver-frutos","status":"publish","type":"post","link":"https:\/\/diazreus.com\/ru\/yani-rosenthal-despues-de-6-anos-y-medio-estoy-empezando-a-ver-frutos\/","title":{"rendered":"Yani Rosenthal: Despu\u00e9s de 6 a\u00f1os y medio estoy empezando a ver frutos"},"content":{"rendered":"<p>19 de marzo de 2022<\/p>\n<p>El presidente del Consejo Central Ejecutivo del Partido Liberal (CCEPL), Yani Rosenthal, dijo estar alegre por ser eliminado oficialmente de la lista \u201cnegra\u201d de la Oficina de Control de Activos Extranjeros (OFAC), del Departamento de Justicia de los Estados Unidos.<\/p>\n<p>\u201cEstoy muy contento de esta noticia. De ese logro que han tenido nuestros abogados, quienes consiguieron que me eliminen de esa lista, donde injustamente hab\u00eda sido incluido\u201d, reflexion\u00f3 Rosenthal.<br \/>\nMostr\u00f3 su alegr\u00eda y satisfacci\u00f3n luego de seis a\u00f1os y medio de lucha judicial en Estados Unidos por asuntos de lavado de activos.<\/p>\n<p>\u201cPero despu\u00e9s de estar tratando de resolver mis problemas -apunto- veo frutos y s\u00e9 que los tiempos de Dios son perfectos, por eso estoy agradecido con \u00e9l por haberme permitido salir de esa lista de la OFAC\u201d.<\/p>\n<p>Rosenthal acot\u00f3 que si \u00e9l y sus dem\u00e1s familiares ya fueron retirados de ese registr\u00f3 de la OFAC, lo ideal ahora es que el Ministerio P\u00fablico le devuelva los bienes, que en su momento le fueron incautados.<\/p>\n<p>\u201cPor la persecuci\u00f3n que sufrimos -record\u00f3- perdieron su trabajo cerca de 12 mil personas de 15 mil empleados que logramos tener\u201d.<\/p>\n<p>Agreg\u00f3 que ahora que se le elimin\u00f3 de la lista de la OFAC, ir\u00e1 a aperturar una cuenta de banco, aunque no con mucho, \u201cporque todo me lo han quitado los cachurecos, pero depositar\u00e9 algunos pesitos, solo para tener el gusto de abrir la cuenta\u201d, justific\u00f3.<\/p>\n<p><a href=\"https:\/\/www.latribuna.hn\/2022\/03\/19\/yani-rosenthal-despues-de-6-anos-y-medio-estoy-empezando-a-ver-frutos\/\">LEER M\u00c1S<\/a><\/p>\n","protected":false},"excerpt":{"rendered":"<p>19 de marzo de 2022 El presidente del Consejo Central Ejecutivo del Partido Liberal (CCEPL), Yani Rosenthal, dijo estar alegre por ser eliminado oficialmente de la lista \u201cnegra\u201d de la Oficina de Control de Activos Extranjeros (OFAC), del Departamento de Justicia de los Estados Unidos. \u201cEstoy muy contento de esta noticia. De ese logro que han tenido nuestros abogados, quienes &#8230; <a href=\"https:\/\/diazreus.com\/ru\/yani-rosenthal-despues-de-6-anos-y-medio-estoy-empezando-a-ver-frutos\/\" class=\"more-link\">Read More<\/a><\/p>\n","protected":false},"author":5,"featured_media":19488,"comment_status":"closed","ping_status":"open","sticky":false,"template":"","format":"standard","meta":{"_acf_changed":false,"rs_blank_template":"","rs_page_bg_color":"","slide_template_v7":"","inline_featured_image":false,"footnotes":""},"categories":[873,330],"tags":[],"class_list":["post-19497","post","type-post","status-publish","format-standard","has-post-thumbnail","hentry","category-articles-publications-ru","category-articles-ru"],"acf":[],"yoast_head":"<!-- This site is optimized with the Yoast SEO plugin v27.5 - https:\/\/yoast.com\/product\/yoast-seo-wordpress\/ -->\n<title>Yani Rosenthal: Despu\u00e9s de 6 a\u00f1os y medio estoy empezando a ver frutos - Diaz Reus<\/title>\n<meta name=\"robots\" content=\"index, follow, max-snippet:-1, max-image-preview:large, max-video-preview:-1\" \/>\n<link rel=\"canonical\" href=\"https:\/\/diazreus.com\/ru\/yani-rosenthal-despues-de-6-anos-y-medio-estoy-empezando-a-ver-frutos\/\" \/>\n<meta property=\"og:locale\" content=\"ru_RU\" \/>\n<meta property=\"og:type\" content=\"article\" \/>\n<meta property=\"og:title\" content=\"Yani Rosenthal: Despu\u00e9s de 6 a\u00f1os y medio estoy empezando a ver frutos - Diaz Reus\" \/>\n<meta property=\"og:description\" content=\"19 de marzo de 2022 El presidente del Consejo Central Ejecutivo del Partido Liberal (CCEPL), Yani Rosenthal, dijo estar alegre por ser eliminado oficialmente de la lista \u201cnegra\u201d de la Oficina de Control de Activos Extranjeros (OFAC), del Departamento de Justicia de los Estados Unidos. \u201cEstoy muy contento de esta noticia. De ese logro que han tenido nuestros abogados, quienes ... Read More\" \/>\n<meta property=\"og:url\" content=\"https:\/\/diazreus.com\/ru\/yani-rosenthal-despues-de-6-anos-y-medio-estoy-empezando-a-ver-frutos\/\" \/>\n<meta property=\"og:site_name\" content=\"Diaz Reus\" \/>\n<meta property=\"article:published_time\" content=\"2022-03-19T20:04:17+00:00\" \/>\n<meta property=\"og:image\" content=\"https:\/\/diazreus.com\/wp-content\/uploads\/2022\/03\/la-tribuna-1.jpg\" \/>\n\t<meta property=\"og:image:width\" content=\"960\" \/>\n\t<meta property=\"og:image:height\" content=\"640\" \/>\n\t<meta property=\"og:image:type\" content=\"image\/jpeg\" \/>\n<meta name=\"author\" content=\"mbattier@diazreus.com\" \/>\n<meta name=\"twitter:card\" content=\"summary_large_image\" \/>\n<meta name=\"twitter:label1\" content=\"\u041d\u0430\u043f\u0438\u0441\u0430\u043d\u043e \u0430\u0432\u0442\u043e\u0440\u043e\u043c\" \/>\n\t<meta name=\"twitter:data1\" content=\"mbattier@diazreus.com\" \/>\n\t<meta name=\"twitter:label2\" content=\"\u041f\u0440\u0438\u043c\u0435\u0440\u043d\u043e\u0435 \u0432\u0440\u0435\u043c\u044f \u0434\u043b\u044f \u0447\u0442\u0435\u043d\u0438\u044f\" \/>\n\t<meta name=\"twitter:data2\" content=\"1 \u043c\u0438\u043d\u0443\u0442\u0430\" \/>\n<script type=\"application\/ld+json\" class=\"yoast-schema-graph\">{\"@context\":\"https:\\\/\\\/schema.org\",\"@graph\":[{\"@type\":\"Article\",\"@id\":\"https:\\\/\\\/diazreus.com\\\/ru\\\/yani-rosenthal-despues-de-6-anos-y-medio-estoy-empezando-a-ver-frutos\\\/#article\",\"isPartOf\":{\"@id\":\"https:\\\/\\\/diazreus.com\\\/ru\\\/yani-rosenthal-despues-de-6-anos-y-medio-estoy-empezando-a-ver-frutos\\\/\"},\"author\":{\"name\":\"mbattier@diazreus.com\",\"@id\":\"https:\\\/\\\/diazreus.com\\\/ru\\\/#\\\/schema\\\/person\\\/ac819f404d59c9664cc3132d90054303\"},\"headline\":\"Yani Rosenthal: Despu\u00e9s de 6 a\u00f1os y medio estoy empezando a ver frutos\",\"datePublished\":\"2022-03-19T20:04:17+00:00\",\"mainEntityOfPage\":{\"@id\":\"https:\\\/\\\/diazreus.com\\\/ru\\\/yani-rosenthal-despues-de-6-anos-y-medio-estoy-empezando-a-ver-frutos\\\/\"},\"wordCount\":260,\"image\":{\"@id\":\"https:\\\/\\\/diazreus.com\\\/ru\\\/yani-rosenthal-despues-de-6-anos-y-medio-estoy-empezando-a-ver-frutos\\\/#primaryimage\"},\"thumbnailUrl\":\"https:\\\/\\\/diazreus.com\\\/wp-content\\\/uploads\\\/2022\\\/03\\\/la-tribuna-1.jpg\",\"articleSection\":[\"Articles &amp; Publications\",\"Articles\"],\"inLanguage\":\"ru-RU\"},{\"@type\":\"WebPage\",\"@id\":\"https:\\\/\\\/diazreus.com\\\/ru\\\/yani-rosenthal-despues-de-6-anos-y-medio-estoy-empezando-a-ver-frutos\\\/\",\"url\":\"https:\\\/\\\/diazreus.com\\\/ru\\\/yani-rosenthal-despues-de-6-anos-y-medio-estoy-empezando-a-ver-frutos\\\/\",\"name\":\"Yani Rosenthal: Despu\u00e9s de 6 a\u00f1os y medio estoy empezando a ver frutos - Diaz Reus\",\"isPartOf\":{\"@id\":\"https:\\\/\\\/diazreus.com\\\/ru\\\/#website\"},\"primaryImageOfPage\":{\"@id\":\"https:\\\/\\\/diazreus.com\\\/ru\\\/yani-rosenthal-despues-de-6-anos-y-medio-estoy-empezando-a-ver-frutos\\\/#primaryimage\"},\"image\":{\"@id\":\"https:\\\/\\\/diazreus.com\\\/ru\\\/yani-rosenthal-despues-de-6-anos-y-medio-estoy-empezando-a-ver-frutos\\\/#primaryimage\"},\"thumbnailUrl\":\"https:\\\/\\\/diazreus.com\\\/wp-content\\\/uploads\\\/2022\\\/03\\\/la-tribuna-1.jpg\",\"datePublished\":\"2022-03-19T20:04:17+00:00\",\"author\":{\"@id\":\"https:\\\/\\\/diazreus.com\\\/ru\\\/#\\\/schema\\\/person\\\/ac819f404d59c9664cc3132d90054303\"},\"breadcrumb\":{\"@id\":\"https:\\\/\\\/diazreus.com\\\/ru\\\/yani-rosenthal-despues-de-6-anos-y-medio-estoy-empezando-a-ver-frutos\\\/#breadcrumb\"},\"inLanguage\":\"ru-RU\",\"potentialAction\":[{\"@type\":\"ReadAction\",\"target\":[\"https:\\\/\\\/diazreus.com\\\/ru\\\/yani-rosenthal-despues-de-6-anos-y-medio-estoy-empezando-a-ver-frutos\\\/\"]}]},{\"@type\":\"ImageObject\",\"inLanguage\":\"ru-RU\",\"@id\":\"https:\\\/\\\/diazreus.com\\\/ru\\\/yani-rosenthal-despues-de-6-anos-y-medio-estoy-empezando-a-ver-frutos\\\/#primaryimage\",\"url\":\"https:\\\/\\\/diazreus.com\\\/wp-content\\\/uploads\\\/2022\\\/03\\\/la-tribuna-1.jpg\",\"contentUrl\":\"https:\\\/\\\/diazreus.com\\\/wp-content\\\/uploads\\\/2022\\\/03\\\/la-tribuna-1.jpg\",\"width\":960,\"height\":640},{\"@type\":\"BreadcrumbList\",\"@id\":\"https:\\\/\\\/diazreus.com\\\/ru\\\/yani-rosenthal-despues-de-6-anos-y-medio-estoy-empezando-a-ver-frutos\\\/#breadcrumb\",\"itemListElement\":[{\"@type\":\"ListItem\",\"position\":1,\"name\":\"Home\",\"item\":\"https:\\\/\\\/diazreus.com\\\/ru\\\/home-russian\\\/\"},{\"@type\":\"ListItem\",\"position\":2,\"name\":\"Yani Rosenthal: Despu\u00e9s de 6 a\u00f1os y medio estoy empezando a ver frutos\"}]},{\"@type\":\"WebSite\",\"@id\":\"https:\\\/\\\/diazreus.com\\\/ru\\\/#website\",\"url\":\"https:\\\/\\\/diazreus.com\\\/ru\\\/\",\"name\":\"Diaz Reus\",\"description\":\"\",\"potentialAction\":[{\"@type\":\"SearchAction\",\"target\":{\"@type\":\"EntryPoint\",\"urlTemplate\":\"https:\\\/\\\/diazreus.com\\\/ru\\\/?s={search_term_string}\"},\"query-input\":{\"@type\":\"PropertyValueSpecification\",\"valueRequired\":true,\"valueName\":\"search_term_string\"}}],\"inLanguage\":\"ru-RU\"},{\"@type\":\"Person\",\"@id\":\"https:\\\/\\\/diazreus.com\\\/ru\\\/#\\\/schema\\\/person\\\/ac819f404d59c9664cc3132d90054303\",\"name\":\"mbattier@diazreus.com\",\"url\":\"https:\\\/\\\/diazreus.com\\\/ru\\\/author\\\/mbattierdiazreus-com\\\/\"}]}<\/script>\n<!-- \/ Yoast SEO plugin. -->","yoast_head_json":{"title":"Yani Rosenthal: Despu\u00e9s de 6 a\u00f1os y medio estoy empezando a ver frutos - Diaz Reus","robots":{"index":"index","follow":"follow","max-snippet":"max-snippet:-1","max-image-preview":"max-image-preview:large","max-video-preview":"max-video-preview:-1"},"canonical":"https:\/\/diazreus.com\/ru\/yani-rosenthal-despues-de-6-anos-y-medio-estoy-empezando-a-ver-frutos\/","og_locale":"ru_RU","og_type":"article","og_title":"Yani Rosenthal: Despu\u00e9s de 6 a\u00f1os y medio estoy empezando a ver frutos - Diaz Reus","og_description":"19 de marzo de 2022 El presidente del Consejo Central Ejecutivo del Partido Liberal (CCEPL), Yani Rosenthal, dijo estar alegre por ser eliminado oficialmente de la lista \u201cnegra\u201d de la Oficina de Control de Activos Extranjeros (OFAC), del Departamento de Justicia de los Estados Unidos. \u201cEstoy muy contento de esta noticia. De ese logro que han tenido nuestros abogados, quienes ... Read More","og_url":"https:\/\/diazreus.com\/ru\/yani-rosenthal-despues-de-6-anos-y-medio-estoy-empezando-a-ver-frutos\/","og_site_name":"Diaz Reus","article_published_time":"2022-03-19T20:04:17+00:00","og_image":[{"width":960,"height":640,"url":"https:\/\/diazreus.com\/wp-content\/uploads\/2022\/03\/la-tribuna-1.jpg","type":"image\/jpeg"}],"author":"mbattier@diazreus.com","twitter_card":"summary_large_image","twitter_misc":{"\u041d\u0430\u043f\u0438\u0441\u0430\u043d\u043e \u0430\u0432\u0442\u043e\u0440\u043e\u043c":"mbattier@diazreus.com","\u041f\u0440\u0438\u043c\u0435\u0440\u043d\u043e\u0435 \u0432\u0440\u0435\u043c\u044f \u0434\u043b\u044f \u0447\u0442\u0435\u043d\u0438\u044f":"1 \u043c\u0438\u043d\u0443\u0442\u0430"},"schema":{"@context":"https:\/\/schema.org","@graph":[{"@type":"Article","@id":"https:\/\/diazreus.com\/ru\/yani-rosenthal-despues-de-6-anos-y-medio-estoy-empezando-a-ver-frutos\/#article","isPartOf":{"@id":"https:\/\/diazreus.com\/ru\/yani-rosenthal-despues-de-6-anos-y-medio-estoy-empezando-a-ver-frutos\/"},"author":{"name":"mbattier@diazreus.com","@id":"https:\/\/diazreus.com\/ru\/#\/schema\/person\/ac819f404d59c9664cc3132d90054303"},"headline":"Yani Rosenthal: Despu\u00e9s de 6 a\u00f1os y medio estoy empezando a ver frutos","datePublished":"2022-03-19T20:04:17+00:00","mainEntityOfPage":{"@id":"https:\/\/diazreus.com\/ru\/yani-rosenthal-despues-de-6-anos-y-medio-estoy-empezando-a-ver-frutos\/"},"wordCount":260,"image":{"@id":"https:\/\/diazreus.com\/ru\/yani-rosenthal-despues-de-6-anos-y-medio-estoy-empezando-a-ver-frutos\/#primaryimage"},"thumbnailUrl":"https:\/\/diazreus.com\/wp-content\/uploads\/2022\/03\/la-tribuna-1.jpg","articleSection":["Articles &amp; Publications","Articles"],"inLanguage":"ru-RU"},{"@type":"WebPage","@id":"https:\/\/diazreus.com\/ru\/yani-rosenthal-despues-de-6-anos-y-medio-estoy-empezando-a-ver-frutos\/","url":"https:\/\/diazreus.com\/ru\/yani-rosenthal-despues-de-6-anos-y-medio-estoy-empezando-a-ver-frutos\/","name":"Yani Rosenthal: Despu\u00e9s de 6 a\u00f1os y medio estoy empezando a ver frutos - Diaz Reus","isPartOf":{"@id":"https:\/\/diazreus.com\/ru\/#website"},"primaryImageOfPage":{"@id":"https:\/\/diazreus.com\/ru\/yani-rosenthal-despues-de-6-anos-y-medio-estoy-empezando-a-ver-frutos\/#primaryimage"},"image":{"@id":"https:\/\/diazreus.com\/ru\/yani-rosenthal-despues-de-6-anos-y-medio-estoy-empezando-a-ver-frutos\/#primaryimage"},"thumbnailUrl":"https:\/\/diazreus.com\/wp-content\/uploads\/2022\/03\/la-tribuna-1.jpg","datePublished":"2022-03-19T20:04:17+00:00","author":{"@id":"https:\/\/diazreus.com\/ru\/#\/schema\/person\/ac819f404d59c9664cc3132d90054303"},"breadcrumb":{"@id":"https:\/\/diazreus.com\/ru\/yani-rosenthal-despues-de-6-anos-y-medio-estoy-empezando-a-ver-frutos\/#breadcrumb"},"inLanguage":"ru-RU","potentialAction":[{"@type":"ReadAction","target":["https:\/\/diazreus.com\/ru\/yani-rosenthal-despues-de-6-anos-y-medio-estoy-empezando-a-ver-frutos\/"]}]},{"@type":"ImageObject","inLanguage":"ru-RU","@id":"https:\/\/diazreus.com\/ru\/yani-rosenthal-despues-de-6-anos-y-medio-estoy-empezando-a-ver-frutos\/#primaryimage","url":"https:\/\/diazreus.com\/wp-content\/uploads\/2022\/03\/la-tribuna-1.jpg","contentUrl":"https:\/\/diazreus.com\/wp-content\/uploads\/2022\/03\/la-tribuna-1.jpg","width":960,"height":640},{"@type":"BreadcrumbList","@id":"https:\/\/diazreus.com\/ru\/yani-rosenthal-despues-de-6-anos-y-medio-estoy-empezando-a-ver-frutos\/#breadcrumb","itemListElement":[{"@type":"ListItem","position":1,"name":"Home","item":"https:\/\/diazreus.com\/ru\/home-russian\/"},{"@type":"ListItem","position":2,"name":"Yani Rosenthal: Despu\u00e9s de 6 a\u00f1os y medio estoy empezando a ver frutos"}]},{"@type":"WebSite","@id":"https:\/\/diazreus.com\/ru\/#website","url":"https:\/\/diazreus.com\/ru\/","name":"Diaz Reus","description":"","potentialAction":[{"@type":"SearchAction","target":{"@type":"EntryPoint","urlTemplate":"https:\/\/diazreus.com\/ru\/?s={search_term_string}"},"query-input":{"@type":"PropertyValueSpecification","valueRequired":true,"valueName":"search_term_string"}}],"inLanguage":"ru-RU"},{"@type":"Person","@id":"https:\/\/diazreus.com\/ru\/#\/schema\/person\/ac819f404d59c9664cc3132d90054303","name":"mbattier@diazreus.com","url":"https:\/\/diazreus.com\/ru\/author\/mbattierdiazreus-com\/"}]}},"_links":{"self":[{"href":"https:\/\/diazreus.com\/ru\/wp-json\/wp\/v2\/posts\/19497","targetHints":{"allow":["GET"]}}],"collection":[{"href":"https:\/\/diazreus.com\/ru\/wp-json\/wp\/v2\/posts"}],"about":[{"href":"https:\/\/diazreus.com\/ru\/wp-json\/wp\/v2\/types\/post"}],"author":[{"embeddable":true,"href":"https:\/\/diazreus.com\/ru\/wp-json\/wp\/v2\/users\/5"}],"replies":[{"embeddable":true,"href":"https:\/\/diazreus.com\/ru\/wp-json\/wp\/v2\/comments?post=19497"}],"version-history":[{"count":1,"href":"https:\/\/diazreus.com\/ru\/wp-json\/wp\/v2\/posts\/19497\/revisions"}],"predecessor-version":[{"id":19498,"href":"https:\/\/diazreus.com\/ru\/wp-json\/wp\/v2\/posts\/19497\/revisions\/19498"}],"wp:featuredmedia":[{"embeddable":true,"href":"https:\/\/diazreus.com\/ru\/wp-json\/wp\/v2\/media\/19488"}],"wp:attachment":[{"href":"https:\/\/diazreus.com\/ru\/wp-json\/wp\/v2\/media?parent=19497"}],"wp:term":[{"taxonomy":"category","embeddable":true,"href":"https:\/\/diazreus.com\/ru\/wp-json\/wp\/v2\/categories?post=19497"},{"taxonomy":"post_tag","embeddable":true,"href":"https:\/\/diazreus.com\/ru\/wp-json\/wp\/v2\/tags?post=19497"}],"curies":[{"name":"wp","href":"https:\/\/api.w.org\/{rel}","templated":true}]}}