{"id":18993,"date":"2021-10-23T15:41:00","date_gmt":"2021-10-23T15:41:00","guid":{"rendered":"https:\/\/diazreus.com\/?p=18993"},"modified":"2021-10-23T15:44:28","modified_gmt":"2021-10-23T15:44:28","slug":"diaz-reus-logra-retraccion-de-injurias-e-calumnias-en-caso-de-difamacion-contra-empresario-venezolano","status":"publish","type":"post","link":"https:\/\/diazreus.com\/ru\/diaz-reus-logra-retraccion-de-injurias-e-calumnias-en-caso-de-difamacion-contra-empresario-venezolano\/","title":{"rendered":"D\u00edaz Reus logra retracci\u00f3n de injurias y calumnias en caso de difamaci\u00f3n contra empresario venezolano"},"content":{"rendered":"<p>Michael Diaz, Jr. y su estudio de abogados, D\u00edaz Reus International Law Firm &#038; Alliance, lograron la retracci\u00f3n de injurias y calumnias en el caso de difamaci\u00f3n contra el empresario venezolano \u00c1ngel Meza.<br \/>\n<a href=\"https:\/\/www.scribd.com\/document\/457475128\/Plaintiff-Angel-Meza-an-individual-sues-Defendants-Javier-Ceriani-Caridad-Bernal-America-TeVe-Network-Inc-America-CV-Network-LLC-Marcelo-R\">Leer la denuncia<\/a><\/p>\n<p><a href=\"https:\/\/www.youtube.com\/watch?app=desktop&#038;v=rrfMQqPQtg0&#038;feature=youtu.be\">VER EL VIDEO<\/a> <\/p>\n","protected":false},"excerpt":{"rendered":"<p>Michael Diaz, Jr. y su estudio de abogados, D\u00edaz Reus International Law Firm &#038; Alliance, lograron la retracci\u00f3n de injurias y calumnias en el caso de difamaci\u00f3n contra el empresario venezolano \u00c1ngel Meza. Leer la denuncia VER EL VIDEO<\/p>\n","protected":false},"author":5,"featured_media":18953,"comment_status":"closed","ping_status":"open","sticky":false,"template":"","format":"standard","meta":{"_acf_changed":false,"rs_blank_template":"","rs_page_bg_color":"","slide_template_v7":"","inline_featured_image":false,"footnotes":""},"categories":[551],"tags":[],"class_list":["post-18993","post","type-post","status-publish","format-standard","has-post-thumbnail","hentry","category-551"],"acf":[],"yoast_head":"<!-- This site is optimized with the Yoast SEO plugin v27.5 - https:\/\/yoast.com\/product\/yoast-seo-wordpress\/ -->\n<title>D\u00edaz Reus logra retracci\u00f3n de injurias y calumnias en caso de difamaci\u00f3n contra empresario venezolano - Diaz Reus<\/title>\n<meta name=\"robots\" content=\"index, follow, max-snippet:-1, max-image-preview:large, max-video-preview:-1\" \/>\n<link rel=\"canonical\" href=\"https:\/\/diazreus.com\/ru\/diaz-reus-logra-retraccion-de-injurias-e-calumnias-en-caso-de-difamacion-contra-empresario-venezolano\/\" \/>\n<meta property=\"og:locale\" content=\"ru_RU\" \/>\n<meta property=\"og:type\" content=\"article\" \/>\n<meta property=\"og:title\" content=\"D\u00edaz Reus logra retracci\u00f3n de injurias y calumnias en caso de difamaci\u00f3n contra empresario venezolano - Diaz Reus\" \/>\n<meta property=\"og:description\" content=\"Michael Diaz, Jr. y su estudio de abogados, D\u00edaz Reus International Law Firm &#038; Alliance, lograron la retracci\u00f3n de injurias y calumnias en el caso de difamaci\u00f3n contra el empresario venezolano \u00c1ngel Meza. Leer la denuncia VER EL VIDEO\" \/>\n<meta property=\"og:url\" content=\"https:\/\/diazreus.com\/ru\/diaz-reus-logra-retraccion-de-injurias-e-calumnias-en-caso-de-difamacion-contra-empresario-venezolano\/\" \/>\n<meta property=\"og:site_name\" content=\"Diaz Reus\" \/>\n<meta property=\"article:published_time\" content=\"2021-10-23T15:41:00+00:00\" \/>\n<meta property=\"article:modified_time\" content=\"2021-10-23T15:44:28+00:00\" \/>\n<meta property=\"og:image\" content=\"https:\/\/diazreus.com\/wp-content\/uploads\/2021\/10\/drt-not-fading.jpg\" \/>\n\t<meta property=\"og:image:width\" content=\"960\" \/>\n\t<meta property=\"og:image:height\" content=\"640\" \/>\n\t<meta property=\"og:image:type\" content=\"image\/jpeg\" \/>\n<meta name=\"author\" content=\"mbattier@diazreus.com\" \/>\n<meta name=\"twitter:card\" content=\"summary_large_image\" \/>\n<meta name=\"twitter:label1\" content=\"\u041d\u0430\u043f\u0438\u0441\u0430\u043d\u043e \u0430\u0432\u0442\u043e\u0440\u043e\u043c\" \/>\n\t<meta name=\"twitter:data1\" content=\"mbattier@diazreus.com\" \/>\n<script type=\"application\/ld+json\" class=\"yoast-schema-graph\">{\"@context\":\"https:\\\/\\\/schema.org\",\"@graph\":[{\"@type\":\"Article\",\"@id\":\"https:\\\/\\\/diazreus.com\\\/ru\\\/diaz-reus-logra-retraccion-de-injurias-e-calumnias-en-caso-de-difamacion-contra-empresario-venezolano\\\/#article\",\"isPartOf\":{\"@id\":\"https:\\\/\\\/diazreus.com\\\/ru\\\/diaz-reus-logra-retraccion-de-injurias-e-calumnias-en-caso-de-difamacion-contra-empresario-venezolano\\\/\"},\"author\":{\"name\":\"mbattier@diazreus.com\",\"@id\":\"https:\\\/\\\/diazreus.com\\\/ru\\\/#\\\/schema\\\/person\\\/ac819f404d59c9664cc3132d90054303\"},\"headline\":\"D\u00edaz Reus logra retracci\u00f3n de injurias y calumnias en caso de difamaci\u00f3n contra empresario venezolano\",\"datePublished\":\"2021-10-23T15:41:00+00:00\",\"dateModified\":\"2021-10-23T15:44:28+00:00\",\"mainEntityOfPage\":{\"@id\":\"https:\\\/\\\/diazreus.com\\\/ru\\\/diaz-reus-logra-retraccion-de-injurias-e-calumnias-en-caso-de-difamacion-contra-empresario-venezolano\\\/\"},\"wordCount\":59,\"image\":{\"@id\":\"https:\\\/\\\/diazreus.com\\\/ru\\\/diaz-reus-logra-retraccion-de-injurias-e-calumnias-en-caso-de-difamacion-contra-empresario-venezolano\\\/#primaryimage\"},\"thumbnailUrl\":\"https:\\\/\\\/diazreus.com\\\/wp-content\\\/uploads\\\/2021\\\/10\\\/drt-not-fading.jpg\",\"articleSection\":[\"\u0441\u043e\u0431\u044b\u0442\u0438\u044f\"],\"inLanguage\":\"ru-RU\"},{\"@type\":\"WebPage\",\"@id\":\"https:\\\/\\\/diazreus.com\\\/ru\\\/diaz-reus-logra-retraccion-de-injurias-e-calumnias-en-caso-de-difamacion-contra-empresario-venezolano\\\/\",\"url\":\"https:\\\/\\\/diazreus.com\\\/ru\\\/diaz-reus-logra-retraccion-de-injurias-e-calumnias-en-caso-de-difamacion-contra-empresario-venezolano\\\/\",\"name\":\"D\u00edaz Reus logra retracci\u00f3n de injurias y calumnias en caso de difamaci\u00f3n contra empresario venezolano - Diaz Reus\",\"isPartOf\":{\"@id\":\"https:\\\/\\\/diazreus.com\\\/ru\\\/#website\"},\"primaryImageOfPage\":{\"@id\":\"https:\\\/\\\/diazreus.com\\\/ru\\\/diaz-reus-logra-retraccion-de-injurias-e-calumnias-en-caso-de-difamacion-contra-empresario-venezolano\\\/#primaryimage\"},\"image\":{\"@id\":\"https:\\\/\\\/diazreus.com\\\/ru\\\/diaz-reus-logra-retraccion-de-injurias-e-calumnias-en-caso-de-difamacion-contra-empresario-venezolano\\\/#primaryimage\"},\"thumbnailUrl\":\"https:\\\/\\\/diazreus.com\\\/wp-content\\\/uploads\\\/2021\\\/10\\\/drt-not-fading.jpg\",\"datePublished\":\"2021-10-23T15:41:00+00:00\",\"dateModified\":\"2021-10-23T15:44:28+00:00\",\"author\":{\"@id\":\"https:\\\/\\\/diazreus.com\\\/ru\\\/#\\\/schema\\\/person\\\/ac819f404d59c9664cc3132d90054303\"},\"breadcrumb\":{\"@id\":\"https:\\\/\\\/diazreus.com\\\/ru\\\/diaz-reus-logra-retraccion-de-injurias-e-calumnias-en-caso-de-difamacion-contra-empresario-venezolano\\\/#breadcrumb\"},\"inLanguage\":\"ru-RU\",\"potentialAction\":[{\"@type\":\"ReadAction\",\"target\":[\"https:\\\/\\\/diazreus.com\\\/ru\\\/diaz-reus-logra-retraccion-de-injurias-e-calumnias-en-caso-de-difamacion-contra-empresario-venezolano\\\/\"]}]},{\"@type\":\"ImageObject\",\"inLanguage\":\"ru-RU\",\"@id\":\"https:\\\/\\\/diazreus.com\\\/ru\\\/diaz-reus-logra-retraccion-de-injurias-e-calumnias-en-caso-de-difamacion-contra-empresario-venezolano\\\/#primaryimage\",\"url\":\"https:\\\/\\\/diazreus.com\\\/wp-content\\\/uploads\\\/2021\\\/10\\\/drt-not-fading.jpg\",\"contentUrl\":\"https:\\\/\\\/diazreus.com\\\/wp-content\\\/uploads\\\/2021\\\/10\\\/drt-not-fading.jpg\",\"width\":960,\"height\":640},{\"@type\":\"BreadcrumbList\",\"@id\":\"https:\\\/\\\/diazreus.com\\\/ru\\\/diaz-reus-logra-retraccion-de-injurias-e-calumnias-en-caso-de-difamacion-contra-empresario-venezolano\\\/#breadcrumb\",\"itemListElement\":[{\"@type\":\"ListItem\",\"position\":1,\"name\":\"Home\",\"item\":\"https:\\\/\\\/diazreus.com\\\/ru\\\/home-russian\\\/\"},{\"@type\":\"ListItem\",\"position\":2,\"name\":\"D\u00edaz Reus logra retracci\u00f3n de injurias y calumnias en caso de difamaci\u00f3n contra empresario venezolano\"}]},{\"@type\":\"WebSite\",\"@id\":\"https:\\\/\\\/diazreus.com\\\/ru\\\/#website\",\"url\":\"https:\\\/\\\/diazreus.com\\\/ru\\\/\",\"name\":\"Diaz Reus\",\"description\":\"\",\"potentialAction\":[{\"@type\":\"SearchAction\",\"target\":{\"@type\":\"EntryPoint\",\"urlTemplate\":\"https:\\\/\\\/diazreus.com\\\/ru\\\/?s={search_term_string}\"},\"query-input\":{\"@type\":\"PropertyValueSpecification\",\"valueRequired\":true,\"valueName\":\"search_term_string\"}}],\"inLanguage\":\"ru-RU\"},{\"@type\":\"Person\",\"@id\":\"https:\\\/\\\/diazreus.com\\\/ru\\\/#\\\/schema\\\/person\\\/ac819f404d59c9664cc3132d90054303\",\"name\":\"mbattier@diazreus.com\",\"url\":\"https:\\\/\\\/diazreus.com\\\/ru\\\/author\\\/mbattierdiazreus-com\\\/\"}]}<\/script>\n<!-- \/ Yoast SEO plugin. -->","yoast_head_json":{"title":"D\u00edaz Reus logra retracci\u00f3n de injurias y calumnias en caso de difamaci\u00f3n contra empresario venezolano - Diaz Reus","robots":{"index":"index","follow":"follow","max-snippet":"max-snippet:-1","max-image-preview":"max-image-preview:large","max-video-preview":"max-video-preview:-1"},"canonical":"https:\/\/diazreus.com\/ru\/diaz-reus-logra-retraccion-de-injurias-e-calumnias-en-caso-de-difamacion-contra-empresario-venezolano\/","og_locale":"ru_RU","og_type":"article","og_title":"D\u00edaz Reus logra retracci\u00f3n de injurias y calumnias en caso de difamaci\u00f3n contra empresario venezolano - Diaz Reus","og_description":"Michael Diaz, Jr. y su estudio de abogados, D\u00edaz Reus International Law Firm &#038; Alliance, lograron la retracci\u00f3n de injurias y calumnias en el caso de difamaci\u00f3n contra el empresario venezolano \u00c1ngel Meza. Leer la denuncia VER EL VIDEO","og_url":"https:\/\/diazreus.com\/ru\/diaz-reus-logra-retraccion-de-injurias-e-calumnias-en-caso-de-difamacion-contra-empresario-venezolano\/","og_site_name":"Diaz Reus","article_published_time":"2021-10-23T15:41:00+00:00","article_modified_time":"2021-10-23T15:44:28+00:00","og_image":[{"width":960,"height":640,"url":"https:\/\/diazreus.com\/wp-content\/uploads\/2021\/10\/drt-not-fading.jpg","type":"image\/jpeg"}],"author":"mbattier@diazreus.com","twitter_card":"summary_large_image","twitter_misc":{"\u041d\u0430\u043f\u0438\u0441\u0430\u043d\u043e \u0430\u0432\u0442\u043e\u0440\u043e\u043c":"mbattier@diazreus.com"},"schema":{"@context":"https:\/\/schema.org","@graph":[{"@type":"Article","@id":"https:\/\/diazreus.com\/ru\/diaz-reus-logra-retraccion-de-injurias-e-calumnias-en-caso-de-difamacion-contra-empresario-venezolano\/#article","isPartOf":{"@id":"https:\/\/diazreus.com\/ru\/diaz-reus-logra-retraccion-de-injurias-e-calumnias-en-caso-de-difamacion-contra-empresario-venezolano\/"},"author":{"name":"mbattier@diazreus.com","@id":"https:\/\/diazreus.com\/ru\/#\/schema\/person\/ac819f404d59c9664cc3132d90054303"},"headline":"D\u00edaz Reus logra retracci\u00f3n de injurias y calumnias en caso de difamaci\u00f3n contra empresario venezolano","datePublished":"2021-10-23T15:41:00+00:00","dateModified":"2021-10-23T15:44:28+00:00","mainEntityOfPage":{"@id":"https:\/\/diazreus.com\/ru\/diaz-reus-logra-retraccion-de-injurias-e-calumnias-en-caso-de-difamacion-contra-empresario-venezolano\/"},"wordCount":59,"image":{"@id":"https:\/\/diazreus.com\/ru\/diaz-reus-logra-retraccion-de-injurias-e-calumnias-en-caso-de-difamacion-contra-empresario-venezolano\/#primaryimage"},"thumbnailUrl":"https:\/\/diazreus.com\/wp-content\/uploads\/2021\/10\/drt-not-fading.jpg","articleSection":["\u0441\u043e\u0431\u044b\u0442\u0438\u044f"],"inLanguage":"ru-RU"},{"@type":"WebPage","@id":"https:\/\/diazreus.com\/ru\/diaz-reus-logra-retraccion-de-injurias-e-calumnias-en-caso-de-difamacion-contra-empresario-venezolano\/","url":"https:\/\/diazreus.com\/ru\/diaz-reus-logra-retraccion-de-injurias-e-calumnias-en-caso-de-difamacion-contra-empresario-venezolano\/","name":"D\u00edaz Reus logra retracci\u00f3n de injurias y calumnias en caso de difamaci\u00f3n contra empresario venezolano - Diaz Reus","isPartOf":{"@id":"https:\/\/diazreus.com\/ru\/#website"},"primaryImageOfPage":{"@id":"https:\/\/diazreus.com\/ru\/diaz-reus-logra-retraccion-de-injurias-e-calumnias-en-caso-de-difamacion-contra-empresario-venezolano\/#primaryimage"},"image":{"@id":"https:\/\/diazreus.com\/ru\/diaz-reus-logra-retraccion-de-injurias-e-calumnias-en-caso-de-difamacion-contra-empresario-venezolano\/#primaryimage"},"thumbnailUrl":"https:\/\/diazreus.com\/wp-content\/uploads\/2021\/10\/drt-not-fading.jpg","datePublished":"2021-10-23T15:41:00+00:00","dateModified":"2021-10-23T15:44:28+00:00","author":{"@id":"https:\/\/diazreus.com\/ru\/#\/schema\/person\/ac819f404d59c9664cc3132d90054303"},"breadcrumb":{"@id":"https:\/\/diazreus.com\/ru\/diaz-reus-logra-retraccion-de-injurias-e-calumnias-en-caso-de-difamacion-contra-empresario-venezolano\/#breadcrumb"},"inLanguage":"ru-RU","potentialAction":[{"@type":"ReadAction","target":["https:\/\/diazreus.com\/ru\/diaz-reus-logra-retraccion-de-injurias-e-calumnias-en-caso-de-difamacion-contra-empresario-venezolano\/"]}]},{"@type":"ImageObject","inLanguage":"ru-RU","@id":"https:\/\/diazreus.com\/ru\/diaz-reus-logra-retraccion-de-injurias-e-calumnias-en-caso-de-difamacion-contra-empresario-venezolano\/#primaryimage","url":"https:\/\/diazreus.com\/wp-content\/uploads\/2021\/10\/drt-not-fading.jpg","contentUrl":"https:\/\/diazreus.com\/wp-content\/uploads\/2021\/10\/drt-not-fading.jpg","width":960,"height":640},{"@type":"BreadcrumbList","@id":"https:\/\/diazreus.com\/ru\/diaz-reus-logra-retraccion-de-injurias-e-calumnias-en-caso-de-difamacion-contra-empresario-venezolano\/#breadcrumb","itemListElement":[{"@type":"ListItem","position":1,"name":"Home","item":"https:\/\/diazreus.com\/ru\/home-russian\/"},{"@type":"ListItem","position":2,"name":"D\u00edaz Reus logra retracci\u00f3n de injurias y calumnias en caso de difamaci\u00f3n contra empresario venezolano"}]},{"@type":"WebSite","@id":"https:\/\/diazreus.com\/ru\/#website","url":"https:\/\/diazreus.com\/ru\/","name":"Diaz Reus","description":"","potentialAction":[{"@type":"SearchAction","target":{"@type":"EntryPoint","urlTemplate":"https:\/\/diazreus.com\/ru\/?s={search_term_string}"},"query-input":{"@type":"PropertyValueSpecification","valueRequired":true,"valueName":"search_term_string"}}],"inLanguage":"ru-RU"},{"@type":"Person","@id":"https:\/\/diazreus.com\/ru\/#\/schema\/person\/ac819f404d59c9664cc3132d90054303","name":"mbattier@diazreus.com","url":"https:\/\/diazreus.com\/ru\/author\/mbattierdiazreus-com\/"}]}},"_links":{"self":[{"href":"https:\/\/diazreus.com\/ru\/wp-json\/wp\/v2\/posts\/18993","targetHints":{"allow":["GET"]}}],"collection":[{"href":"https:\/\/diazreus.com\/ru\/wp-json\/wp\/v2\/posts"}],"about":[{"href":"https:\/\/diazreus.com\/ru\/wp-json\/wp\/v2\/types\/post"}],"author":[{"embeddable":true,"href":"https:\/\/diazreus.com\/ru\/wp-json\/wp\/v2\/users\/5"}],"replies":[{"embeddable":true,"href":"https:\/\/diazreus.com\/ru\/wp-json\/wp\/v2\/comments?post=18993"}],"version-history":[{"count":3,"href":"https:\/\/diazreus.com\/ru\/wp-json\/wp\/v2\/posts\/18993\/revisions"}],"predecessor-version":[{"id":18998,"href":"https:\/\/diazreus.com\/ru\/wp-json\/wp\/v2\/posts\/18993\/revisions\/18998"}],"wp:featuredmedia":[{"embeddable":true,"href":"https:\/\/diazreus.com\/ru\/wp-json\/wp\/v2\/media\/18953"}],"wp:attachment":[{"href":"https:\/\/diazreus.com\/ru\/wp-json\/wp\/v2\/media?parent=18993"}],"wp:term":[{"taxonomy":"category","embeddable":true,"href":"https:\/\/diazreus.com\/ru\/wp-json\/wp\/v2\/categories?post=18993"},{"taxonomy":"post_tag","embeddable":true,"href":"https:\/\/diazreus.com\/ru\/wp-json\/wp\/v2\/tags?post=18993"}],"curies":[{"name":"wp","href":"https:\/\/api.w.org\/{rel}","templated":true}]}}