{"id":7480,"date":"2014-09-30T23:45:57","date_gmt":"2014-09-30T23:45:57","guid":{"rendered":"https:\/\/diazreus.com\/el-juez-griesa-determino-que-argentina-se-rebelo-contra-lo-dispuesto-por-la-justicia-de-usa-y-ayer-por-la-tarde-la-declaro-en-desacato\/"},"modified":"2014-09-30T23:45:57","modified_gmt":"2014-09-30T23:45:57","slug":"el-juez-griesa-determino-que-argentina-se-rebelo-contra-lo-dispuesto-por-la-justicia-de-usa-y-ayer-por-la-tarde-la-declaro-en-desacato","status":"publish","type":"post","link":"https:\/\/diazreus.com\/es\/el-juez-griesa-determino-que-argentina-se-rebelo-contra-lo-dispuesto-por-la-justicia-de-usa-y-ayer-por-la-tarde-la-declaro-en-desacato\/","title":{"rendered":"El juez Griesa determin\u00f3 que Argentina | Declar\u00f3 en desacato."},"content":{"rendered":"<p>Finalmente, el juez Griesa determin\u00f3 que Argentina se rebel\u00f3 contra lo dispuesto por la justicia de USA, y ayer por la tarde la declar\u00f3 en desacato. El mercado se lo ve\u00eda venir, pero a\u00fan as\u00ed, reina la incertidumbre respecto de lo que pueda pasar ahora y de las consecuencias de dicha decisi\u00f3n. Entrevistamos al Dr. Pablo Giancaterino, abogado representante de bonistas en Nueva York, del Estudio D\u00edaz Reus Argentina.<\/p>\n<p><strong>\u00bfQu\u00e9 piensa al respecto?<\/strong><\/p>\n<p>Giancaterino: Es s\u00f3lo una consecuencia m\u00e1s. Un an\u00e1lisis acertado debe partir de las decisiones judiciales del 2003 a la fecha y no s\u00f3lo 2012 en adelante. Estados Unidos fue el primero en apoyar al pa\u00eds ante el Fondo Monetario Internacional, luego del default 2001. A su turno, la SEC autoriz\u00f3 todos los canjes, pese a las estad\u00edsticas del INDEC en los prospectos. La respuesta argentina frente a esta posici\u00f3n fue sancionar la Ley cerrojo, y prohibir durante 10 a\u00f1os cualquier soluci\u00f3n judicial.<\/p>\n<p>El problema de base es local, fue y ser\u00e1 siempre el mismo: la falta de regulaci\u00f3n y control del \u00abmercado de las negociaciones de la deuda externa en el pa\u00eds\u00bb. As\u00ed funciona sin cambios, desde el origen.<\/p>\n<p>En este estado de situaci\u00f3n asume el Ministro, Axel Kiciloff, pero ya sin margen de maniobra. No es criticable la lucha contra la especulaci\u00f3n, por el contrario es el cambio. La predisposici\u00f3n de los acreedores genuinos sigue siendo una negociaci\u00f3n que tome como punto de partida ambas legislaciones. La especulaci\u00f3n y ambici\u00f3n pol\u00edtica supera en este momento cualquier buena intenci\u00f3n.<\/p>\n<p><strong>\u00bfEsto cambia en algo las cosas, puntualmente, la coyuntura econ\u00f3mica?<\/strong><\/p>\n<p>Giancaterino: Es un eslab\u00f3n m\u00e1s que suma a la crisis de confianza, y genera que el inversor extranjero analice con m\u00e1s detenimiento y cautela otras \u00e1reas de gobierno al momento de la inversi\u00f3n. Con mayor \u00e9nfasis en el cumplimiento de la SEC, y una legislaci\u00f3n local o nacional, que no sea susceptible de impugnaci\u00f3n posterior a la inversi\u00f3n.<\/p>\n<p><strong>\u00bfCree que es justo?<\/strong><\/p>\n<p>Giancaterino: Me parece desatinado e innecesario atacar al Sistema Judicial y el Gobierno Federal de Estados Unidos. El reconocimiento de jurisdicci\u00f3n en la Corte Federal del Juez Thomas Griesa fue voluntario para Argentina, sucedi\u00f3 en 2002, y luego de sancionada la Ley de emergencia econ\u00f3mica.<\/p>\n<p>Argentina no s\u00f3lo que no repudi\u00f3 la jurisdicci\u00f3n, por contrato en el Estado de New York, sino que acept\u00f3 voluntariamente la Federal. Luego, desde el Ministerio, recomendaron este tribunal a todos los acreedores genuinos que llevaron su reclamo hasta el Ministerio. A su turno, la Corte Suprema argentina cometi\u00f3 el mismo error en su fallo sobre el pari passu.<\/p>\n<p>Existiendo acreedores genuinos, la estrategia en la Corte, en la ONU o cualquier foro internacional, esta destinada al fracaso. Si la Rep\u00fablica hubiera atendido los reclamos genuinos, seguramente la posici\u00f3n pol\u00edtica actual en materia de deuda nos identificar\u00eda m\u00e1s con el caso de Islandia, que con el incumplimiento del Congo.<\/p>\n","protected":false},"excerpt":{"rendered":"<p>Finalmente, el juez Griesa determin\u00f3 que Argentina se rebel\u00f3 contra lo dispuesto por la justicia de USA, y ayer por la tarde la declar\u00f3 en desacato. El mercado se lo ve\u00eda venir, pero a\u00fan as\u00ed, reina la incertidumbre respecto de lo que pueda pasar ahora y de las consecuencias de dicha decisi\u00f3n. Entrevistamos al Dr. Pablo Giancaterino, abogado representante de &#8230; <a href=\"https:\/\/diazreus.com\/es\/el-juez-griesa-determino-que-argentina-se-rebelo-contra-lo-dispuesto-por-la-justicia-de-usa-y-ayer-por-la-tarde-la-declaro-en-desacato\/\" class=\"more-link\">Read More<\/a><\/p>\n","protected":false},"author":1,"featured_media":2811,"comment_status":"closed","ping_status":"closed","sticky":false,"template":"","format":"standard","meta":{"_acf_changed":false,"rs_blank_template":"","rs_page_bg_color":"","slide_template_v7":"","inline_featured_image":false,"footnotes":""},"categories":[558,1],"tags":[734,562,678,731,732],"class_list":["post-7480","post","type-post","status-publish","format-standard","has-post-thumbnail","hentry","category-uncategorized-ru-3-es","category-uncategorized","tag-uncategorized-ru-72-es","tag-uncategorized-ru-2-es","tag-uncategorized-ru-50-es","tag-uncategorized-ru-70-es","tag-uncategorized-ru-71-es"],"acf":[],"yoast_head":"<!-- This site is optimized with the Yoast SEO plugin v27.4 - https:\/\/yoast.com\/product\/yoast-seo-wordpress\/ -->\n<title>El juez Griesa determin\u00f3 que Argentina | Declar\u00f3 en desacato.<\/title>\n<meta name=\"robots\" content=\"index, follow, max-snippet:-1, max-image-preview:large, max-video-preview:-1\" \/>\n<link rel=\"canonical\" href=\"https:\/\/diazreus.com\/es\/el-juez-griesa-determino-que-argentina-se-rebelo-contra-lo-dispuesto-por-la-justicia-de-usa-y-ayer-por-la-tarde-la-declaro-en-desacato\/\" \/>\n<meta property=\"og:locale\" content=\"es_ES\" \/>\n<meta property=\"og:type\" content=\"article\" \/>\n<meta property=\"og:title\" content=\"El juez Griesa determin\u00f3 que Argentina | Declar\u00f3 en desacato.\" \/>\n<meta property=\"og:description\" content=\"Finalmente, el juez Griesa determin\u00f3 que Argentina se rebel\u00f3 contra lo dispuesto por la justicia de USA, y ayer por la tarde la declar\u00f3 en desacato. El mercado se lo ve\u00eda venir, pero a\u00fan as\u00ed, reina la incertidumbre respecto de lo que pueda pasar ahora y de las consecuencias de dicha decisi\u00f3n. Entrevistamos al Dr. Pablo Giancaterino, abogado representante de ... Read More\" \/>\n<meta property=\"og:url\" content=\"https:\/\/diazreus.com\/es\/el-juez-griesa-determino-que-argentina-se-rebelo-contra-lo-dispuesto-por-la-justicia-de-usa-y-ayer-por-la-tarde-la-declaro-en-desacato\/\" \/>\n<meta property=\"og:site_name\" content=\"Diaz Reus\" \/>\n<meta property=\"article:published_time\" content=\"2014-09-30T23:45:57+00:00\" \/>\n<meta property=\"og:image\" content=\"https:\/\/diazreus.com\/wp-content\/uploads\/2020\/11\/p10896\" \/>\n\t<meta property=\"og:image:width\" content=\"1\" \/>\n\t<meta property=\"og:image:height\" content=\"1\" \/>\n\t<meta property=\"og:image:type\" content=\"image\/jpeg\" \/>\n<meta name=\"author\" content=\"adpptv\" \/>\n<meta name=\"twitter:card\" content=\"summary_large_image\" \/>\n<meta name=\"twitter:label1\" content=\"Escrito por\" \/>\n\t<meta name=\"twitter:data1\" content=\"adpptv\" \/>\n\t<meta name=\"twitter:label2\" content=\"Tiempo de lectura\" \/>\n\t<meta name=\"twitter:data2\" content=\"3 minutos\" \/>\n<script type=\"application\/ld+json\" class=\"yoast-schema-graph\">{\"@context\":\"https:\\\/\\\/schema.org\",\"@graph\":[{\"@type\":\"Article\",\"@id\":\"https:\\\/\\\/diazreus.com\\\/es\\\/el-juez-griesa-determino-que-argentina-se-rebelo-contra-lo-dispuesto-por-la-justicia-de-usa-y-ayer-por-la-tarde-la-declaro-en-desacato\\\/#article\",\"isPartOf\":{\"@id\":\"https:\\\/\\\/diazreus.com\\\/es\\\/el-juez-griesa-determino-que-argentina-se-rebelo-contra-lo-dispuesto-por-la-justicia-de-usa-y-ayer-por-la-tarde-la-declaro-en-desacato\\\/\"},\"author\":{\"name\":\"adpptv\",\"@id\":\"https:\\\/\\\/diazreus.com\\\/es\\\/#\\\/schema\\\/person\\\/5ae8f6489baef735a4aac7ae8bea6e3d\"},\"headline\":\"El juez Griesa determin\u00f3 que Argentina | Declar\u00f3 en desacato.\",\"datePublished\":\"2014-09-30T23:45:57+00:00\",\"mainEntityOfPage\":{\"@id\":\"https:\\\/\\\/diazreus.com\\\/es\\\/el-juez-griesa-determino-que-argentina-se-rebelo-contra-lo-dispuesto-por-la-justicia-de-usa-y-ayer-por-la-tarde-la-declaro-en-desacato\\\/\"},\"wordCount\":522,\"image\":{\"@id\":\"https:\\\/\\\/diazreus.com\\\/es\\\/el-juez-griesa-determino-que-argentina-se-rebelo-contra-lo-dispuesto-por-la-justicia-de-usa-y-ayer-por-la-tarde-la-declaro-en-desacato\\\/#primaryimage\"},\"thumbnailUrl\":\"https:\\\/\\\/diazreus.com\\\/wp-content\\\/uploads\\\/2020\\\/11\\\/p10896\",\"keywords\":[\"Sin categoria\",\"Sin categoria\",\"Sin categoria\",\"Sin categoria\",\"Sin categoria\"],\"articleSection\":[\"Sin categoria\",\"Sin categoria\"],\"inLanguage\":\"es\"},{\"@type\":\"WebPage\",\"@id\":\"https:\\\/\\\/diazreus.com\\\/es\\\/el-juez-griesa-determino-que-argentina-se-rebelo-contra-lo-dispuesto-por-la-justicia-de-usa-y-ayer-por-la-tarde-la-declaro-en-desacato\\\/\",\"url\":\"https:\\\/\\\/diazreus.com\\\/es\\\/el-juez-griesa-determino-que-argentina-se-rebelo-contra-lo-dispuesto-por-la-justicia-de-usa-y-ayer-por-la-tarde-la-declaro-en-desacato\\\/\",\"name\":\"El juez Griesa determin\u00f3 que Argentina | Declar\u00f3 en desacato.\",\"isPartOf\":{\"@id\":\"https:\\\/\\\/diazreus.com\\\/es\\\/#website\"},\"primaryImageOfPage\":{\"@id\":\"https:\\\/\\\/diazreus.com\\\/es\\\/el-juez-griesa-determino-que-argentina-se-rebelo-contra-lo-dispuesto-por-la-justicia-de-usa-y-ayer-por-la-tarde-la-declaro-en-desacato\\\/#primaryimage\"},\"image\":{\"@id\":\"https:\\\/\\\/diazreus.com\\\/es\\\/el-juez-griesa-determino-que-argentina-se-rebelo-contra-lo-dispuesto-por-la-justicia-de-usa-y-ayer-por-la-tarde-la-declaro-en-desacato\\\/#primaryimage\"},\"thumbnailUrl\":\"https:\\\/\\\/diazreus.com\\\/wp-content\\\/uploads\\\/2020\\\/11\\\/p10896\",\"datePublished\":\"2014-09-30T23:45:57+00:00\",\"author\":{\"@id\":\"https:\\\/\\\/diazreus.com\\\/es\\\/#\\\/schema\\\/person\\\/5ae8f6489baef735a4aac7ae8bea6e3d\"},\"breadcrumb\":{\"@id\":\"https:\\\/\\\/diazreus.com\\\/es\\\/el-juez-griesa-determino-que-argentina-se-rebelo-contra-lo-dispuesto-por-la-justicia-de-usa-y-ayer-por-la-tarde-la-declaro-en-desacato\\\/#breadcrumb\"},\"inLanguage\":\"es\",\"potentialAction\":[{\"@type\":\"ReadAction\",\"target\":[\"https:\\\/\\\/diazreus.com\\\/es\\\/el-juez-griesa-determino-que-argentina-se-rebelo-contra-lo-dispuesto-por-la-justicia-de-usa-y-ayer-por-la-tarde-la-declaro-en-desacato\\\/\"]}]},{\"@type\":\"ImageObject\",\"inLanguage\":\"es\",\"@id\":\"https:\\\/\\\/diazreus.com\\\/es\\\/el-juez-griesa-determino-que-argentina-se-rebelo-contra-lo-dispuesto-por-la-justicia-de-usa-y-ayer-por-la-tarde-la-declaro-en-desacato\\\/#primaryimage\",\"url\":\"https:\\\/\\\/diazreus.com\\\/wp-content\\\/uploads\\\/2020\\\/11\\\/p10896\",\"contentUrl\":\"https:\\\/\\\/diazreus.com\\\/wp-content\\\/uploads\\\/2020\\\/11\\\/p10896\"},{\"@type\":\"BreadcrumbList\",\"@id\":\"https:\\\/\\\/diazreus.com\\\/es\\\/el-juez-griesa-determino-que-argentina-se-rebelo-contra-lo-dispuesto-por-la-justicia-de-usa-y-ayer-por-la-tarde-la-declaro-en-desacato\\\/#breadcrumb\",\"itemListElement\":[{\"@type\":\"ListItem\",\"position\":1,\"name\":\"Home\",\"item\":\"https:\\\/\\\/diazreus.com\\\/es\\\/home-espanol\\\/\"},{\"@type\":\"ListItem\",\"position\":2,\"name\":\"El juez Griesa determin\u00f3 que Argentina | Declar\u00f3 en desacato.\"}]},{\"@type\":\"WebSite\",\"@id\":\"https:\\\/\\\/diazreus.com\\\/es\\\/#website\",\"url\":\"https:\\\/\\\/diazreus.com\\\/es\\\/\",\"name\":\"Diaz Reus\",\"description\":\"\",\"potentialAction\":[{\"@type\":\"SearchAction\",\"target\":{\"@type\":\"EntryPoint\",\"urlTemplate\":\"https:\\\/\\\/diazreus.com\\\/es\\\/?s={search_term_string}\"},\"query-input\":{\"@type\":\"PropertyValueSpecification\",\"valueRequired\":true,\"valueName\":\"search_term_string\"}}],\"inLanguage\":\"es\"},{\"@type\":\"Person\",\"@id\":\"https:\\\/\\\/diazreus.com\\\/es\\\/#\\\/schema\\\/person\\\/5ae8f6489baef735a4aac7ae8bea6e3d\",\"name\":\"adpptv\",\"sameAs\":[\"https:\\\/\\\/diazreus.com\"],\"url\":\"https:\\\/\\\/diazreus.com\\\/es\\\/author\\\/adpptv\\\/\"}]}<\/script>\n<!-- \/ Yoast SEO plugin. -->","yoast_head_json":{"title":"El juez Griesa determin\u00f3 que Argentina | Declar\u00f3 en desacato.","robots":{"index":"index","follow":"follow","max-snippet":"max-snippet:-1","max-image-preview":"max-image-preview:large","max-video-preview":"max-video-preview:-1"},"canonical":"https:\/\/diazreus.com\/es\/el-juez-griesa-determino-que-argentina-se-rebelo-contra-lo-dispuesto-por-la-justicia-de-usa-y-ayer-por-la-tarde-la-declaro-en-desacato\/","og_locale":"es_ES","og_type":"article","og_title":"El juez Griesa determin\u00f3 que Argentina | Declar\u00f3 en desacato.","og_description":"Finalmente, el juez Griesa determin\u00f3 que Argentina se rebel\u00f3 contra lo dispuesto por la justicia de USA, y ayer por la tarde la declar\u00f3 en desacato. El mercado se lo ve\u00eda venir, pero a\u00fan as\u00ed, reina la incertidumbre respecto de lo que pueda pasar ahora y de las consecuencias de dicha decisi\u00f3n. Entrevistamos al Dr. Pablo Giancaterino, abogado representante de ... Read More","og_url":"https:\/\/diazreus.com\/es\/el-juez-griesa-determino-que-argentina-se-rebelo-contra-lo-dispuesto-por-la-justicia-de-usa-y-ayer-por-la-tarde-la-declaro-en-desacato\/","og_site_name":"Diaz Reus","article_published_time":"2014-09-30T23:45:57+00:00","og_image":[{"url":"https:\/\/diazreus.com\/wp-content\/uploads\/2020\/11\/p10896","width":1,"height":1,"type":"image\/jpeg"}],"author":"adpptv","twitter_card":"summary_large_image","twitter_misc":{"Escrito por":"adpptv","Tiempo de lectura":"3 minutos"},"schema":{"@context":"https:\/\/schema.org","@graph":[{"@type":"Article","@id":"https:\/\/diazreus.com\/es\/el-juez-griesa-determino-que-argentina-se-rebelo-contra-lo-dispuesto-por-la-justicia-de-usa-y-ayer-por-la-tarde-la-declaro-en-desacato\/#article","isPartOf":{"@id":"https:\/\/diazreus.com\/es\/el-juez-griesa-determino-que-argentina-se-rebelo-contra-lo-dispuesto-por-la-justicia-de-usa-y-ayer-por-la-tarde-la-declaro-en-desacato\/"},"author":{"name":"adpptv","@id":"https:\/\/diazreus.com\/es\/#\/schema\/person\/5ae8f6489baef735a4aac7ae8bea6e3d"},"headline":"El juez Griesa determin\u00f3 que Argentina | Declar\u00f3 en desacato.","datePublished":"2014-09-30T23:45:57+00:00","mainEntityOfPage":{"@id":"https:\/\/diazreus.com\/es\/el-juez-griesa-determino-que-argentina-se-rebelo-contra-lo-dispuesto-por-la-justicia-de-usa-y-ayer-por-la-tarde-la-declaro-en-desacato\/"},"wordCount":522,"image":{"@id":"https:\/\/diazreus.com\/es\/el-juez-griesa-determino-que-argentina-se-rebelo-contra-lo-dispuesto-por-la-justicia-de-usa-y-ayer-por-la-tarde-la-declaro-en-desacato\/#primaryimage"},"thumbnailUrl":"https:\/\/diazreus.com\/wp-content\/uploads\/2020\/11\/p10896","keywords":["Sin categoria","Sin categoria","Sin categoria","Sin categoria","Sin categoria"],"articleSection":["Sin categoria","Sin categoria"],"inLanguage":"es"},{"@type":"WebPage","@id":"https:\/\/diazreus.com\/es\/el-juez-griesa-determino-que-argentina-se-rebelo-contra-lo-dispuesto-por-la-justicia-de-usa-y-ayer-por-la-tarde-la-declaro-en-desacato\/","url":"https:\/\/diazreus.com\/es\/el-juez-griesa-determino-que-argentina-se-rebelo-contra-lo-dispuesto-por-la-justicia-de-usa-y-ayer-por-la-tarde-la-declaro-en-desacato\/","name":"El juez Griesa determin\u00f3 que Argentina | Declar\u00f3 en desacato.","isPartOf":{"@id":"https:\/\/diazreus.com\/es\/#website"},"primaryImageOfPage":{"@id":"https:\/\/diazreus.com\/es\/el-juez-griesa-determino-que-argentina-se-rebelo-contra-lo-dispuesto-por-la-justicia-de-usa-y-ayer-por-la-tarde-la-declaro-en-desacato\/#primaryimage"},"image":{"@id":"https:\/\/diazreus.com\/es\/el-juez-griesa-determino-que-argentina-se-rebelo-contra-lo-dispuesto-por-la-justicia-de-usa-y-ayer-por-la-tarde-la-declaro-en-desacato\/#primaryimage"},"thumbnailUrl":"https:\/\/diazreus.com\/wp-content\/uploads\/2020\/11\/p10896","datePublished":"2014-09-30T23:45:57+00:00","author":{"@id":"https:\/\/diazreus.com\/es\/#\/schema\/person\/5ae8f6489baef735a4aac7ae8bea6e3d"},"breadcrumb":{"@id":"https:\/\/diazreus.com\/es\/el-juez-griesa-determino-que-argentina-se-rebelo-contra-lo-dispuesto-por-la-justicia-de-usa-y-ayer-por-la-tarde-la-declaro-en-desacato\/#breadcrumb"},"inLanguage":"es","potentialAction":[{"@type":"ReadAction","target":["https:\/\/diazreus.com\/es\/el-juez-griesa-determino-que-argentina-se-rebelo-contra-lo-dispuesto-por-la-justicia-de-usa-y-ayer-por-la-tarde-la-declaro-en-desacato\/"]}]},{"@type":"ImageObject","inLanguage":"es","@id":"https:\/\/diazreus.com\/es\/el-juez-griesa-determino-que-argentina-se-rebelo-contra-lo-dispuesto-por-la-justicia-de-usa-y-ayer-por-la-tarde-la-declaro-en-desacato\/#primaryimage","url":"https:\/\/diazreus.com\/wp-content\/uploads\/2020\/11\/p10896","contentUrl":"https:\/\/diazreus.com\/wp-content\/uploads\/2020\/11\/p10896"},{"@type":"BreadcrumbList","@id":"https:\/\/diazreus.com\/es\/el-juez-griesa-determino-que-argentina-se-rebelo-contra-lo-dispuesto-por-la-justicia-de-usa-y-ayer-por-la-tarde-la-declaro-en-desacato\/#breadcrumb","itemListElement":[{"@type":"ListItem","position":1,"name":"Home","item":"https:\/\/diazreus.com\/es\/home-espanol\/"},{"@type":"ListItem","position":2,"name":"El juez Griesa determin\u00f3 que Argentina | Declar\u00f3 en desacato."}]},{"@type":"WebSite","@id":"https:\/\/diazreus.com\/es\/#website","url":"https:\/\/diazreus.com\/es\/","name":"Diaz Reus","description":"","potentialAction":[{"@type":"SearchAction","target":{"@type":"EntryPoint","urlTemplate":"https:\/\/diazreus.com\/es\/?s={search_term_string}"},"query-input":{"@type":"PropertyValueSpecification","valueRequired":true,"valueName":"search_term_string"}}],"inLanguage":"es"},{"@type":"Person","@id":"https:\/\/diazreus.com\/es\/#\/schema\/person\/5ae8f6489baef735a4aac7ae8bea6e3d","name":"adpptv","sameAs":["https:\/\/diazreus.com"],"url":"https:\/\/diazreus.com\/es\/author\/adpptv\/"}]}},"_links":{"self":[{"href":"https:\/\/diazreus.com\/es\/wp-json\/wp\/v2\/posts\/7480","targetHints":{"allow":["GET"]}}],"collection":[{"href":"https:\/\/diazreus.com\/es\/wp-json\/wp\/v2\/posts"}],"about":[{"href":"https:\/\/diazreus.com\/es\/wp-json\/wp\/v2\/types\/post"}],"author":[{"embeddable":true,"href":"https:\/\/diazreus.com\/es\/wp-json\/wp\/v2\/users\/1"}],"replies":[{"embeddable":true,"href":"https:\/\/diazreus.com\/es\/wp-json\/wp\/v2\/comments?post=7480"}],"version-history":[{"count":0,"href":"https:\/\/diazreus.com\/es\/wp-json\/wp\/v2\/posts\/7480\/revisions"}],"wp:featuredmedia":[{"embeddable":true,"href":"https:\/\/diazreus.com\/es\/wp-json\/wp\/v2\/media\/2811"}],"wp:attachment":[{"href":"https:\/\/diazreus.com\/es\/wp-json\/wp\/v2\/media?parent=7480"}],"wp:term":[{"taxonomy":"category","embeddable":true,"href":"https:\/\/diazreus.com\/es\/wp-json\/wp\/v2\/categories?post=7480"},{"taxonomy":"post_tag","embeddable":true,"href":"https:\/\/diazreus.com\/es\/wp-json\/wp\/v2\/tags?post=7480"}],"curies":[{"name":"wp","href":"https:\/\/api.w.org\/{rel}","templated":true}]}}