{"id":7281,"date":"2017-08-03T19:47:54","date_gmt":"2017-08-03T19:47:54","guid":{"rendered":"https:\/\/diazreus.com\/la-nueva-politica-de-trump-hacia-cuba\/"},"modified":"2021-01-13T18:53:13","modified_gmt":"2021-01-13T18:53:13","slug":"la-nueva-politica-de-trump-hacia-cuba","status":"publish","type":"post","link":"https:\/\/diazreus.com\/es\/la-nueva-politica-de-trump-hacia-cuba\/","title":{"rendered":"La nueva pol\u00edtica de Trump hacia Cuba"},"content":{"rendered":"<p>&nbsp;<\/p>\n<div>\n<div class=\"gmail_default\"><em><a class=\"dt-single-image\" href=\"https:\/\/diazreus.com\/wp-content\/uploads\/2017\/08\/Cinco-dias.jpg\" data-dt-img-description=\"\"><img loading=\"lazy\" decoding=\"async\" class=\"size-medium wp-image-13087 alignleft\" src=\"https:\/\/diazreus.com\/wp-content\/uploads\/2020\/11\/Cinco-dias-300x142.jpg\" alt=\"\" width=\"300\" height=\"142\" \/><\/a><\/em>Commentary by Associate Attorney Karel Suarez, Cinco D\u00edas.<\/div>\n<\/div>\n<div>\n<div class=\"gmail_default\">\u200b<\/div>\n<p>El pasado 16 de junio,\u00a0el Presidente Donald Trump anunci\u00f3 la cancelaci\u00f3n de las medidas hacia Cuba tomadas por el expresidente Barack Obama\u00a0el 17 de diciembre de 2014. En la ciudad de Miami, el Presidente Trump coment\u00f3 que \u201ccancelaba de inmediato todas las medidas tomadas por la pasada administraci\u00f3n\u201d. Sin embargo, los cambios anunciados no tomar\u00e1n efecto hasta que las regulaciones no se hagan oficiales, y eso podr\u00eda tomar meses.<\/p>\n<\/div>\n<div><\/div>\n<div>\n<div>Karel Suarez is an associate at Diaz Reus &amp; Targ in Miami. Diaz, Reus &amp; Targ is an international law firm with various offices in Latin America and around the world. For more information, visit\u00a0<a href=\"https:\/\/diazreus.com\/\" target=\"_blank\" rel=\"noopener noreferrer\" data-saferedirecturl=\"https:\/\/www.google.com\/url?hl=en&amp;q=https:\/\/diazreus.com\/&amp;source=gmail&amp;ust=1502229066931000&amp;usg=AFQjCNEQxo-oEsZNLi8OsxeXRJUtpB795g\">www.diazreus.com<\/a>.<\/div>\n<div><\/div>\n<div>\n<div class=\"gmail_default\">Read the article in <a href=\"https:\/\/cincodias.elpais.com\/cincodias\/2017\/07\/31\/legal\/1501503808_023041.html\" target=\"_blank\" rel=\"noopener noreferrer\" data-saferedirecturl=\"https:\/\/www.google.com\/url?hl=en&amp;q=https:\/\/cincodias.elpais.com\/cincodias\/2017\/07\/31\/legal\/1501503808_023041.html&amp;source=gmail&amp;ust=1502229066931000&amp;usg=AFQjCNHUgHcSJKFKOuJYOnKScWyaKf80bQ\">Cinco D\u00edas\u200b<\/a><\/div>\n<\/div>\n<\/div>\n<p>&nbsp;<\/p>\n","protected":false},"excerpt":{"rendered":"<p>El pasado 16 de junio, el Presidente Donald Trump anunci\u00f3 la cancelaci\u00f3n de las medidas hacia Cuba tomadas por el expresidente Barack Obama el 17 de diciembre de 2014&#8230;<\/p>\n","protected":false},"author":1,"featured_media":3704,"comment_status":"closed","ping_status":"open","sticky":false,"template":"","format":"standard","meta":{"_acf_changed":false,"rs_blank_template":"","rs_page_bg_color":"","slide_template_v7":"","inline_featured_image":false,"footnotes":""},"categories":[550,231],"tags":[],"class_list":["post-7281","post","type-post","status-publish","format-standard","has-post-thumbnail","hentry","category-eventos","category-articulos"],"acf":[],"yoast_head":"<!-- This site is optimized with the Yoast SEO plugin v27.5 - https:\/\/yoast.com\/product\/yoast-seo-wordpress\/ -->\n<title>La nueva pol\u00edtica de Trump hacia Cuba<\/title>\n<meta name=\"robots\" content=\"index, follow, max-snippet:-1, max-image-preview:large, max-video-preview:-1\" \/>\n<link rel=\"canonical\" href=\"https:\/\/diazreus.com\/es\/la-nueva-politica-de-trump-hacia-cuba\/\" \/>\n<meta property=\"og:locale\" content=\"es_ES\" \/>\n<meta property=\"og:type\" content=\"article\" \/>\n<meta property=\"og:title\" content=\"La nueva pol\u00edtica de Trump hacia Cuba\" \/>\n<meta property=\"og:description\" content=\"El pasado 16 de junio, el Presidente Donald Trump anunci\u00f3 la cancelaci\u00f3n de las medidas hacia Cuba tomadas por el expresidente Barack Obama el 17 de diciembre de 2014...\" \/>\n<meta property=\"og:url\" content=\"https:\/\/diazreus.com\/es\/la-nueva-politica-de-trump-hacia-cuba\/\" \/>\n<meta property=\"og:site_name\" content=\"Diaz Reus\" \/>\n<meta property=\"article:published_time\" content=\"2017-08-03T19:47:54+00:00\" \/>\n<meta property=\"article:modified_time\" content=\"2021-01-13T18:53:13+00:00\" \/>\n<meta property=\"og:image\" content=\"https:\/\/diazreus.com\/wp-content\/uploads\/2020\/11\/Cinco-dias-1.png\" \/>\n\t<meta property=\"og:image:width\" content=\"480\" \/>\n\t<meta property=\"og:image:height\" content=\"320\" \/>\n\t<meta property=\"og:image:type\" content=\"image\/png\" \/>\n<meta name=\"author\" content=\"adpptv\" \/>\n<meta name=\"twitter:card\" content=\"summary_large_image\" \/>\n<meta name=\"twitter:label1\" content=\"Escrito por\" \/>\n\t<meta name=\"twitter:data1\" content=\"adpptv\" \/>\n\t<meta name=\"twitter:label2\" content=\"Tiempo de lectura\" \/>\n\t<meta name=\"twitter:data2\" content=\"1 minuto\" \/>\n<script type=\"application\/ld+json\" class=\"yoast-schema-graph\">{\"@context\":\"https:\\\/\\\/schema.org\",\"@graph\":[{\"@type\":\"Article\",\"@id\":\"https:\\\/\\\/diazreus.com\\\/es\\\/la-nueva-politica-de-trump-hacia-cuba\\\/#article\",\"isPartOf\":{\"@id\":\"https:\\\/\\\/diazreus.com\\\/es\\\/la-nueva-politica-de-trump-hacia-cuba\\\/\"},\"author\":{\"name\":\"adpptv\",\"@id\":\"https:\\\/\\\/diazreus.com\\\/es\\\/#\\\/schema\\\/person\\\/5ae8f6489baef735a4aac7ae8bea6e3d\"},\"headline\":\"La nueva pol\u00edtica de Trump hacia Cuba\",\"datePublished\":\"2017-08-03T19:47:54+00:00\",\"dateModified\":\"2021-01-13T18:53:13+00:00\",\"mainEntityOfPage\":{\"@id\":\"https:\\\/\\\/diazreus.com\\\/es\\\/la-nueva-politica-de-trump-hacia-cuba\\\/\"},\"wordCount\":136,\"image\":{\"@id\":\"https:\\\/\\\/diazreus.com\\\/es\\\/la-nueva-politica-de-trump-hacia-cuba\\\/#primaryimage\"},\"thumbnailUrl\":\"https:\\\/\\\/diazreus.com\\\/wp-content\\\/uploads\\\/2020\\\/11\\\/Cinco-dias-1.png\",\"articleSection\":[\"Eventos\",\"Art\u00edculos\"],\"inLanguage\":\"es\"},{\"@type\":\"WebPage\",\"@id\":\"https:\\\/\\\/diazreus.com\\\/es\\\/la-nueva-politica-de-trump-hacia-cuba\\\/\",\"url\":\"https:\\\/\\\/diazreus.com\\\/es\\\/la-nueva-politica-de-trump-hacia-cuba\\\/\",\"name\":\"La nueva pol\u00edtica de Trump hacia Cuba\",\"isPartOf\":{\"@id\":\"https:\\\/\\\/diazreus.com\\\/es\\\/#website\"},\"primaryImageOfPage\":{\"@id\":\"https:\\\/\\\/diazreus.com\\\/es\\\/la-nueva-politica-de-trump-hacia-cuba\\\/#primaryimage\"},\"image\":{\"@id\":\"https:\\\/\\\/diazreus.com\\\/es\\\/la-nueva-politica-de-trump-hacia-cuba\\\/#primaryimage\"},\"thumbnailUrl\":\"https:\\\/\\\/diazreus.com\\\/wp-content\\\/uploads\\\/2020\\\/11\\\/Cinco-dias-1.png\",\"datePublished\":\"2017-08-03T19:47:54+00:00\",\"dateModified\":\"2021-01-13T18:53:13+00:00\",\"author\":{\"@id\":\"https:\\\/\\\/diazreus.com\\\/es\\\/#\\\/schema\\\/person\\\/5ae8f6489baef735a4aac7ae8bea6e3d\"},\"breadcrumb\":{\"@id\":\"https:\\\/\\\/diazreus.com\\\/es\\\/la-nueva-politica-de-trump-hacia-cuba\\\/#breadcrumb\"},\"inLanguage\":\"es\",\"potentialAction\":[{\"@type\":\"ReadAction\",\"target\":[\"https:\\\/\\\/diazreus.com\\\/es\\\/la-nueva-politica-de-trump-hacia-cuba\\\/\"]}]},{\"@type\":\"ImageObject\",\"inLanguage\":\"es\",\"@id\":\"https:\\\/\\\/diazreus.com\\\/es\\\/la-nueva-politica-de-trump-hacia-cuba\\\/#primaryimage\",\"url\":\"https:\\\/\\\/diazreus.com\\\/wp-content\\\/uploads\\\/2020\\\/11\\\/Cinco-dias-1.png\",\"contentUrl\":\"https:\\\/\\\/diazreus.com\\\/wp-content\\\/uploads\\\/2020\\\/11\\\/Cinco-dias-1.png\",\"width\":480,\"height\":320,\"caption\":\"Read or download PDF of Overview Chapter here\"},{\"@type\":\"BreadcrumbList\",\"@id\":\"https:\\\/\\\/diazreus.com\\\/es\\\/la-nueva-politica-de-trump-hacia-cuba\\\/#breadcrumb\",\"itemListElement\":[{\"@type\":\"ListItem\",\"position\":1,\"name\":\"Home\",\"item\":\"https:\\\/\\\/diazreus.com\\\/es\\\/home-espanol\\\/\"},{\"@type\":\"ListItem\",\"position\":2,\"name\":\"La nueva pol\u00edtica de Trump hacia Cuba\"}]},{\"@type\":\"WebSite\",\"@id\":\"https:\\\/\\\/diazreus.com\\\/es\\\/#website\",\"url\":\"https:\\\/\\\/diazreus.com\\\/es\\\/\",\"name\":\"Diaz Reus\",\"description\":\"\",\"potentialAction\":[{\"@type\":\"SearchAction\",\"target\":{\"@type\":\"EntryPoint\",\"urlTemplate\":\"https:\\\/\\\/diazreus.com\\\/es\\\/?s={search_term_string}\"},\"query-input\":{\"@type\":\"PropertyValueSpecification\",\"valueRequired\":true,\"valueName\":\"search_term_string\"}}],\"inLanguage\":\"es\"},{\"@type\":\"Person\",\"@id\":\"https:\\\/\\\/diazreus.com\\\/es\\\/#\\\/schema\\\/person\\\/5ae8f6489baef735a4aac7ae8bea6e3d\",\"name\":\"adpptv\",\"sameAs\":[\"https:\\\/\\\/diazreus.com\"],\"url\":\"https:\\\/\\\/diazreus.com\\\/es\\\/author\\\/adpptv\\\/\"}]}<\/script>\n<!-- \/ Yoast SEO plugin. -->","yoast_head_json":{"title":"La nueva pol\u00edtica de Trump hacia Cuba","robots":{"index":"index","follow":"follow","max-snippet":"max-snippet:-1","max-image-preview":"max-image-preview:large","max-video-preview":"max-video-preview:-1"},"canonical":"https:\/\/diazreus.com\/es\/la-nueva-politica-de-trump-hacia-cuba\/","og_locale":"es_ES","og_type":"article","og_title":"La nueva pol\u00edtica de Trump hacia Cuba","og_description":"El pasado 16 de junio, el Presidente Donald Trump anunci\u00f3 la cancelaci\u00f3n de las medidas hacia Cuba tomadas por el expresidente Barack Obama el 17 de diciembre de 2014...","og_url":"https:\/\/diazreus.com\/es\/la-nueva-politica-de-trump-hacia-cuba\/","og_site_name":"Diaz Reus","article_published_time":"2017-08-03T19:47:54+00:00","article_modified_time":"2021-01-13T18:53:13+00:00","og_image":[{"width":480,"height":320,"url":"https:\/\/diazreus.com\/wp-content\/uploads\/2020\/11\/Cinco-dias-1.png","type":"image\/png"}],"author":"adpptv","twitter_card":"summary_large_image","twitter_misc":{"Escrito por":"adpptv","Tiempo de lectura":"1 minuto"},"schema":{"@context":"https:\/\/schema.org","@graph":[{"@type":"Article","@id":"https:\/\/diazreus.com\/es\/la-nueva-politica-de-trump-hacia-cuba\/#article","isPartOf":{"@id":"https:\/\/diazreus.com\/es\/la-nueva-politica-de-trump-hacia-cuba\/"},"author":{"name":"adpptv","@id":"https:\/\/diazreus.com\/es\/#\/schema\/person\/5ae8f6489baef735a4aac7ae8bea6e3d"},"headline":"La nueva pol\u00edtica de Trump hacia Cuba","datePublished":"2017-08-03T19:47:54+00:00","dateModified":"2021-01-13T18:53:13+00:00","mainEntityOfPage":{"@id":"https:\/\/diazreus.com\/es\/la-nueva-politica-de-trump-hacia-cuba\/"},"wordCount":136,"image":{"@id":"https:\/\/diazreus.com\/es\/la-nueva-politica-de-trump-hacia-cuba\/#primaryimage"},"thumbnailUrl":"https:\/\/diazreus.com\/wp-content\/uploads\/2020\/11\/Cinco-dias-1.png","articleSection":["Eventos","Art\u00edculos"],"inLanguage":"es"},{"@type":"WebPage","@id":"https:\/\/diazreus.com\/es\/la-nueva-politica-de-trump-hacia-cuba\/","url":"https:\/\/diazreus.com\/es\/la-nueva-politica-de-trump-hacia-cuba\/","name":"La nueva pol\u00edtica de Trump hacia Cuba","isPartOf":{"@id":"https:\/\/diazreus.com\/es\/#website"},"primaryImageOfPage":{"@id":"https:\/\/diazreus.com\/es\/la-nueva-politica-de-trump-hacia-cuba\/#primaryimage"},"image":{"@id":"https:\/\/diazreus.com\/es\/la-nueva-politica-de-trump-hacia-cuba\/#primaryimage"},"thumbnailUrl":"https:\/\/diazreus.com\/wp-content\/uploads\/2020\/11\/Cinco-dias-1.png","datePublished":"2017-08-03T19:47:54+00:00","dateModified":"2021-01-13T18:53:13+00:00","author":{"@id":"https:\/\/diazreus.com\/es\/#\/schema\/person\/5ae8f6489baef735a4aac7ae8bea6e3d"},"breadcrumb":{"@id":"https:\/\/diazreus.com\/es\/la-nueva-politica-de-trump-hacia-cuba\/#breadcrumb"},"inLanguage":"es","potentialAction":[{"@type":"ReadAction","target":["https:\/\/diazreus.com\/es\/la-nueva-politica-de-trump-hacia-cuba\/"]}]},{"@type":"ImageObject","inLanguage":"es","@id":"https:\/\/diazreus.com\/es\/la-nueva-politica-de-trump-hacia-cuba\/#primaryimage","url":"https:\/\/diazreus.com\/wp-content\/uploads\/2020\/11\/Cinco-dias-1.png","contentUrl":"https:\/\/diazreus.com\/wp-content\/uploads\/2020\/11\/Cinco-dias-1.png","width":480,"height":320,"caption":"Read or download PDF of Overview Chapter here"},{"@type":"BreadcrumbList","@id":"https:\/\/diazreus.com\/es\/la-nueva-politica-de-trump-hacia-cuba\/#breadcrumb","itemListElement":[{"@type":"ListItem","position":1,"name":"Home","item":"https:\/\/diazreus.com\/es\/home-espanol\/"},{"@type":"ListItem","position":2,"name":"La nueva pol\u00edtica de Trump hacia Cuba"}]},{"@type":"WebSite","@id":"https:\/\/diazreus.com\/es\/#website","url":"https:\/\/diazreus.com\/es\/","name":"Diaz Reus","description":"","potentialAction":[{"@type":"SearchAction","target":{"@type":"EntryPoint","urlTemplate":"https:\/\/diazreus.com\/es\/?s={search_term_string}"},"query-input":{"@type":"PropertyValueSpecification","valueRequired":true,"valueName":"search_term_string"}}],"inLanguage":"es"},{"@type":"Person","@id":"https:\/\/diazreus.com\/es\/#\/schema\/person\/5ae8f6489baef735a4aac7ae8bea6e3d","name":"adpptv","sameAs":["https:\/\/diazreus.com"],"url":"https:\/\/diazreus.com\/es\/author\/adpptv\/"}]}},"_links":{"self":[{"href":"https:\/\/diazreus.com\/es\/wp-json\/wp\/v2\/posts\/7281","targetHints":{"allow":["GET"]}}],"collection":[{"href":"https:\/\/diazreus.com\/es\/wp-json\/wp\/v2\/posts"}],"about":[{"href":"https:\/\/diazreus.com\/es\/wp-json\/wp\/v2\/types\/post"}],"author":[{"embeddable":true,"href":"https:\/\/diazreus.com\/es\/wp-json\/wp\/v2\/users\/1"}],"replies":[{"embeddable":true,"href":"https:\/\/diazreus.com\/es\/wp-json\/wp\/v2\/comments?post=7281"}],"version-history":[{"count":1,"href":"https:\/\/diazreus.com\/es\/wp-json\/wp\/v2\/posts\/7281\/revisions"}],"predecessor-version":[{"id":8794,"href":"https:\/\/diazreus.com\/es\/wp-json\/wp\/v2\/posts\/7281\/revisions\/8794"}],"wp:featuredmedia":[{"embeddable":true,"href":"https:\/\/diazreus.com\/es\/wp-json\/wp\/v2\/media\/3704"}],"wp:attachment":[{"href":"https:\/\/diazreus.com\/es\/wp-json\/wp\/v2\/media?parent=7281"}],"wp:term":[{"taxonomy":"category","embeddable":true,"href":"https:\/\/diazreus.com\/es\/wp-json\/wp\/v2\/categories?post=7281"},{"taxonomy":"post_tag","embeddable":true,"href":"https:\/\/diazreus.com\/es\/wp-json\/wp\/v2\/tags?post=7281"}],"curies":[{"name":"wp","href":"https:\/\/api.w.org\/{rel}","templated":true}]}}