{"id":7208,"date":"2018-02-21T13:40:48","date_gmt":"2018-02-21T13:40:48","guid":{"rendered":"https:\/\/diazreus.com\/diaz-reus-y-michael-diaz-jr-reconocidos-por-chambers-global-2018-y-latinvex\/"},"modified":"2021-01-13T18:31:35","modified_gmt":"2021-01-13T18:31:35","slug":"diaz-reus-y-michael-diaz-jr-reconocidos-por-chambers-global-2018-y-latinvex","status":"publish","type":"post","link":"https:\/\/diazreus.com\/es\/diaz-reus-y-michael-diaz-jr-reconocidos-por-chambers-global-2018-y-latinvex\/","title":{"rendered":"Diaz Reus y Michael Diaz, Jr., reconocidos por Chambers Global 2018 y Latinvex"},"content":{"rendered":"<p><a class=\"dt-pswp-item\" href=\"https:\/\/diazreus.com\/wp-content\/uploads\/2018\/02\/Chambers-global-2018-2.png\" data-dt-img-description=\"\" data-large_image_width=\"800\" data-large_image_height=\"827\"><img loading=\"lazy\" decoding=\"async\" class=\"size-medium wp-image-14037 alignleft\" src=\"https:\/\/diazreus.com\/wp-content\/uploads\/2020\/11\/Chambers-global-2018-2-290x300.png\" alt=\"\" width=\"290\" height=\"300\" \/><\/a>MIAMI \u2013 20 de febrero de 2018 \u2013 La firma global con base en Miami\u00a0<a href=\"https:\/\/diazreus.com\/\">Diaz, Reus &amp; Targ, LLP<\/a>\u00a0(\u201cDRT\u201d) anuncia que\u00a0<strong>tanto la firma como su Socio Administrador Global\u00a0<\/strong><a href=\"https:\/\/diazreus.com\/dt_team\/michael-diaz-jr-2\/\"><strong>Michael Diaz, Jr.<\/strong><\/a>\u00a0han sido reconocidos por\u00a0<strong>Chambers Global 2018<\/strong>\u00a0por \u201c<strong>Investigaciones corporativas para Latinoam\u00e9rica<\/strong>\u201d. Adem\u00e1s,\u00a0<strong>Michael Diaz, Jr<\/strong>. ha sido reconocido de nuevo por\u00a0<strong>Latinvex<\/strong>\u00a0como uno de los\u00a0<a href=\"http:\/\/www.latinvex.com\/app\/article.aspx?id=3584\">Top 100 Abogados haciendo negocios en Latinoam\u00e9rica entre firmas internacionales en 2018<\/a>,\u00a0ganando esa distinci\u00f3n por sus logros en las \u00e1reas de \u201c<strong>Arbitraje y Litigio<\/strong>\u201d as\u00ed como \u201c<strong>FCPA \u2013 Ley de Pr\u00e1cticas Corruptas en el Extranjero \u2013 y Fraude<\/strong>\u201d.<\/p>\n<p>La gu\u00eda legal global m\u00e1s buscada,\u00a0<strong>Chambers Global 2018<\/strong>, coment\u00f3 que:<\/p>\n<p><em>\u201cLa firma &#8211;<strong>Diaz, Reus &amp; Targ<\/strong>&#8211; proporciona un servicio muy especializado; todos los abogados son experimentados y tienen una fuerte experiencia en este campo. El l\u00edder de esta \u00e1rea de pr\u00e1ctica\u00a0<strong>Michael Diaz<\/strong>\u00a0tiene mucha experiencia en asuntos de cumplimiento complejos, notablemente en fraude financiero y delitos de guante o cuello blanco transnacionales. Es contratado habitualmente por un amplio abanico de clientes, incluyendo corporaciones multinacionales, oficiales p\u00fablicos e instituciones financieras. Sobresale entre los entrevistados por ser \u2018eficiente, efectivo y atento con los clientes\u2019\u201d.<\/em><\/p>\n<p>En relaci\u00f3n con\u00a0<strong>Latinvex<\/strong>, la publicaci\u00f3n online diaria de noticas y negocios cubriendo los sectores de tecnolog\u00eda, legal y energ\u00eda en Latinoam\u00e9rica, dijo que\u00a0<em>\u201cMichael Diaz, nacido en Cuba, es uno de los litigantes top de casos relacionados con Latinoam\u00e9rica y ha dirigido la expansi\u00f3n continua de su firma en Latinoam\u00e9rica y globalmente el a\u00f1o pasado . . .\u00a0Chambers Latinoam\u00e9rica 2018 lo destaca por su trabajo en crimen corporativo e investigaciones para Latinoam\u00e9rica\u201d.<\/em><\/p>\n<p>El trabajo clave reciente de Michael Diaz, Jr. y DRT incluye representar a un nacional venezolano en un caso civil con trece cargos de transferencias de dinero fraudulentas de dos compa\u00f1\u00edas de Panam\u00e1 y de Florida. Independientemente, el Departamento de Homeland Security (DHS por sus siglas en ingl\u00e9s), est\u00e1 investigando a las partes del caso por supuesta corrupci\u00f3n con contratos de PDVSA. La Firma y Diaz tambi\u00e9n representan a Yani Benjamin Rosenthal Hidalgo en el caso penal\u00a0<em>U.S. v. Yani Benjamin Rosenthal Hidalgo, et al.\u00a0<\/em>en el Tribunal Federal del Distrito para el Distrito Sur de Nueva York, y para remover su nombre de la Lista de la Oficina de Control de Activos Extranjeros (\u201cOFAC\u201d por sus siglas en ingl\u00e9s) Designados Como Narcotraficantes (\u201cLista SDN\u201d) dado por la\u00a0<em>Foreign Narcotics Kingpin Designation Act.<\/em>\u00a0Adem\u00e1s, la Firma y Diaz han representado exitosamente al ciudadano mejicano y empresario John Fredy Cuellar Silva, quien fue incluido en la Lista SDN por su conexi\u00f3n con Joaqu\u00edn \u201cEl Chapo\u201d Guzm\u00e1n como un supuesto socio y testaferro del mismo. Gracias a los esfuerzos de DRT, Cuellar Silva fue removido de la Lista SDN de OFAC. La Firma tambi\u00e9n representa a un antiguo representante de Traffic Sports &amp; Imagina USA, Fabio Tordin, en una acusaci\u00f3n penal en Nueva York relacionada con el caso FIFA.<\/p>\n<p>&nbsp;<\/p>\n<p>Para m\u00e1s informaci\u00f3n, visite\u00a0<a href=\"http:\/\/ww.diazreus.com\/\">ww.diazreus.com<\/a>,\u00a0<a href=\"http:\/\/www.chambersandpartners.com\/\">www.chambersandpartners.com<\/a>\u00a0y\u00a0<a href=\"http:\/\/www.latinvex.com\/\">www.latinvex.com<\/a><\/p>\n<p>&nbsp;<\/p>\n<p>Media contact:<\/p>\n<p>Marta Colomar-Garcia, Administrative Managing Partner<\/p>\n<p><a href=\"mailto:mcolomar@diazreus.com\">mcolomar@diazreus.com<\/a><\/p>\n<p>(+1) 305-375-9220<\/p>\n<p>&nbsp;<\/p>\n<p><span style=\"text-decoration: underline;\"><strong><a href=\"https:\/\/diazreus.com\/diaz-reus-michael-diaz-jr-recognized-chambers-global-2018-latinvex\/\">Read this article in English<\/a><\/strong><\/span><\/p>\n","protected":false},"excerpt":{"rendered":"<p>La firma global con base en Miami\u00a0Diaz, Reus &#038; Targ, LLP\u00a0(\u201cDRT\u201d) anuncia que\u00a0tanto la firma como su Socio Administrador Global\u00a0Michael Diaz, Jr.\u00a0han sido reconocidos por\u00a0Chambers Global 2018\u00a0por \u201cInvestigaciones corporativas para Latinoam\u00e9rica\u201d. Adem\u00e1s,\u00a0Michael Diaz, Jr. ha sido reconocido de nuevo por\u00a0Latinvex\u00a0como uno de los\u00a0Top 100 Abogados haciendo negocios en Latinoam\u00e9rica entre firmas internacionales en 2018&#8230;<\/p>\n","protected":false},"author":1,"featured_media":3954,"comment_status":"closed","ping_status":"open","sticky":false,"template":"","format":"standard","meta":{"_acf_changed":false,"rs_blank_template":"","rs_page_bg_color":"","slide_template_v7":"","inline_featured_image":false,"footnotes":""},"categories":[550],"tags":[],"class_list":["post-7208","post","type-post","status-publish","format-standard","has-post-thumbnail","hentry","category-eventos"],"acf":[],"yoast_head":"<!-- This site is optimized with the Yoast SEO plugin v27.5 - https:\/\/yoast.com\/product\/yoast-seo-wordpress\/ -->\n<title>Diaz Reus y Michael Diaz, Jr., reconocidos por Chambers Global 2018 y Latinvex<\/title>\n<meta name=\"robots\" content=\"index, follow, max-snippet:-1, max-image-preview:large, max-video-preview:-1\" \/>\n<link rel=\"canonical\" href=\"https:\/\/diazreus.com\/es\/diaz-reus-y-michael-diaz-jr-reconocidos-por-chambers-global-2018-y-latinvex\/\" \/>\n<meta property=\"og:locale\" content=\"es_ES\" \/>\n<meta property=\"og:type\" content=\"article\" \/>\n<meta property=\"og:title\" content=\"Diaz Reus y Michael Diaz, Jr., reconocidos por Chambers Global 2018 y Latinvex\" \/>\n<meta property=\"og:description\" content=\"La firma global con base en Miami\u00a0Diaz, Reus &amp; Targ, LLP\u00a0(\u201cDRT\u201d) anuncia que\u00a0tanto la firma como su Socio Administrador Global\u00a0Michael Diaz, Jr.\u00a0han sido reconocidos por\u00a0Chambers Global 2018\u00a0por \u201cInvestigaciones corporativas para Latinoam\u00e9rica\u201d. Adem\u00e1s,\u00a0Michael Diaz, Jr. ha sido reconocido de nuevo por\u00a0Latinvex\u00a0como uno de los\u00a0Top 100 Abogados haciendo negocios en Latinoam\u00e9rica entre firmas internacionales en 2018...\" \/>\n<meta property=\"og:url\" content=\"https:\/\/diazreus.com\/es\/diaz-reus-y-michael-diaz-jr-reconocidos-por-chambers-global-2018-y-latinvex\/\" \/>\n<meta property=\"og:site_name\" content=\"Diaz Reus\" \/>\n<meta property=\"article:published_time\" content=\"2018-02-21T13:40:48+00:00\" \/>\n<meta property=\"article:modified_time\" content=\"2021-01-13T18:31:35+00:00\" \/>\n<meta property=\"og:image\" content=\"https:\/\/diazreus.com\/wp-content\/uploads\/2020\/11\/Chambers.png\" \/>\n\t<meta property=\"og:image:width\" content=\"960\" \/>\n\t<meta property=\"og:image:height\" content=\"640\" \/>\n\t<meta property=\"og:image:type\" content=\"image\/png\" \/>\n<meta name=\"author\" content=\"adpptv\" \/>\n<meta name=\"twitter:card\" content=\"summary_large_image\" \/>\n<meta name=\"twitter:label1\" content=\"Escrito por\" \/>\n\t<meta name=\"twitter:data1\" content=\"adpptv\" \/>\n\t<meta name=\"twitter:label2\" content=\"Tiempo de lectura\" \/>\n\t<meta name=\"twitter:data2\" content=\"3 minutos\" \/>\n<script type=\"application\/ld+json\" class=\"yoast-schema-graph\">{\"@context\":\"https:\\\/\\\/schema.org\",\"@graph\":[{\"@type\":\"Article\",\"@id\":\"https:\\\/\\\/diazreus.com\\\/es\\\/diaz-reus-y-michael-diaz-jr-reconocidos-por-chambers-global-2018-y-latinvex\\\/#article\",\"isPartOf\":{\"@id\":\"https:\\\/\\\/diazreus.com\\\/es\\\/diaz-reus-y-michael-diaz-jr-reconocidos-por-chambers-global-2018-y-latinvex\\\/\"},\"author\":{\"name\":\"adpptv\",\"@id\":\"https:\\\/\\\/diazreus.com\\\/es\\\/#\\\/schema\\\/person\\\/5ae8f6489baef735a4aac7ae8bea6e3d\"},\"headline\":\"Diaz Reus y Michael Diaz, Jr., reconocidos por Chambers Global 2018 y Latinvex\",\"datePublished\":\"2018-02-21T13:40:48+00:00\",\"dateModified\":\"2021-01-13T18:31:35+00:00\",\"mainEntityOfPage\":{\"@id\":\"https:\\\/\\\/diazreus.com\\\/es\\\/diaz-reus-y-michael-diaz-jr-reconocidos-por-chambers-global-2018-y-latinvex\\\/\"},\"wordCount\":552,\"image\":{\"@id\":\"https:\\\/\\\/diazreus.com\\\/es\\\/diaz-reus-y-michael-diaz-jr-reconocidos-por-chambers-global-2018-y-latinvex\\\/#primaryimage\"},\"thumbnailUrl\":\"https:\\\/\\\/diazreus.com\\\/wp-content\\\/uploads\\\/2020\\\/11\\\/Chambers.png\",\"articleSection\":[\"Eventos\"],\"inLanguage\":\"es\"},{\"@type\":\"WebPage\",\"@id\":\"https:\\\/\\\/diazreus.com\\\/es\\\/diaz-reus-y-michael-diaz-jr-reconocidos-por-chambers-global-2018-y-latinvex\\\/\",\"url\":\"https:\\\/\\\/diazreus.com\\\/es\\\/diaz-reus-y-michael-diaz-jr-reconocidos-por-chambers-global-2018-y-latinvex\\\/\",\"name\":\"Diaz Reus y Michael Diaz, Jr., reconocidos por Chambers Global 2018 y Latinvex\",\"isPartOf\":{\"@id\":\"https:\\\/\\\/diazreus.com\\\/es\\\/#website\"},\"primaryImageOfPage\":{\"@id\":\"https:\\\/\\\/diazreus.com\\\/es\\\/diaz-reus-y-michael-diaz-jr-reconocidos-por-chambers-global-2018-y-latinvex\\\/#primaryimage\"},\"image\":{\"@id\":\"https:\\\/\\\/diazreus.com\\\/es\\\/diaz-reus-y-michael-diaz-jr-reconocidos-por-chambers-global-2018-y-latinvex\\\/#primaryimage\"},\"thumbnailUrl\":\"https:\\\/\\\/diazreus.com\\\/wp-content\\\/uploads\\\/2020\\\/11\\\/Chambers.png\",\"datePublished\":\"2018-02-21T13:40:48+00:00\",\"dateModified\":\"2021-01-13T18:31:35+00:00\",\"author\":{\"@id\":\"https:\\\/\\\/diazreus.com\\\/es\\\/#\\\/schema\\\/person\\\/5ae8f6489baef735a4aac7ae8bea6e3d\"},\"breadcrumb\":{\"@id\":\"https:\\\/\\\/diazreus.com\\\/es\\\/diaz-reus-y-michael-diaz-jr-reconocidos-por-chambers-global-2018-y-latinvex\\\/#breadcrumb\"},\"inLanguage\":\"es\",\"potentialAction\":[{\"@type\":\"ReadAction\",\"target\":[\"https:\\\/\\\/diazreus.com\\\/es\\\/diaz-reus-y-michael-diaz-jr-reconocidos-por-chambers-global-2018-y-latinvex\\\/\"]}]},{\"@type\":\"ImageObject\",\"inLanguage\":\"es\",\"@id\":\"https:\\\/\\\/diazreus.com\\\/es\\\/diaz-reus-y-michael-diaz-jr-reconocidos-por-chambers-global-2018-y-latinvex\\\/#primaryimage\",\"url\":\"https:\\\/\\\/diazreus.com\\\/wp-content\\\/uploads\\\/2020\\\/11\\\/Chambers.png\",\"contentUrl\":\"https:\\\/\\\/diazreus.com\\\/wp-content\\\/uploads\\\/2020\\\/11\\\/Chambers.png\",\"width\":960,\"height\":640,\"caption\":\"Read or download PDF of Overview Chapter here\"},{\"@type\":\"BreadcrumbList\",\"@id\":\"https:\\\/\\\/diazreus.com\\\/es\\\/diaz-reus-y-michael-diaz-jr-reconocidos-por-chambers-global-2018-y-latinvex\\\/#breadcrumb\",\"itemListElement\":[{\"@type\":\"ListItem\",\"position\":1,\"name\":\"Home\",\"item\":\"https:\\\/\\\/diazreus.com\\\/es\\\/home-espanol\\\/\"},{\"@type\":\"ListItem\",\"position\":2,\"name\":\"Diaz Reus y Michael Diaz, Jr., reconocidos por Chambers Global 2018 y Latinvex\"}]},{\"@type\":\"WebSite\",\"@id\":\"https:\\\/\\\/diazreus.com\\\/es\\\/#website\",\"url\":\"https:\\\/\\\/diazreus.com\\\/es\\\/\",\"name\":\"Diaz Reus\",\"description\":\"\",\"potentialAction\":[{\"@type\":\"SearchAction\",\"target\":{\"@type\":\"EntryPoint\",\"urlTemplate\":\"https:\\\/\\\/diazreus.com\\\/es\\\/?s={search_term_string}\"},\"query-input\":{\"@type\":\"PropertyValueSpecification\",\"valueRequired\":true,\"valueName\":\"search_term_string\"}}],\"inLanguage\":\"es\"},{\"@type\":\"Person\",\"@id\":\"https:\\\/\\\/diazreus.com\\\/es\\\/#\\\/schema\\\/person\\\/5ae8f6489baef735a4aac7ae8bea6e3d\",\"name\":\"adpptv\",\"sameAs\":[\"https:\\\/\\\/diazreus.com\"],\"url\":\"https:\\\/\\\/diazreus.com\\\/es\\\/author\\\/adpptv\\\/\"}]}<\/script>\n<!-- \/ Yoast SEO plugin. -->","yoast_head_json":{"title":"Diaz Reus y Michael Diaz, Jr., reconocidos por Chambers Global 2018 y Latinvex","robots":{"index":"index","follow":"follow","max-snippet":"max-snippet:-1","max-image-preview":"max-image-preview:large","max-video-preview":"max-video-preview:-1"},"canonical":"https:\/\/diazreus.com\/es\/diaz-reus-y-michael-diaz-jr-reconocidos-por-chambers-global-2018-y-latinvex\/","og_locale":"es_ES","og_type":"article","og_title":"Diaz Reus y Michael Diaz, Jr., reconocidos por Chambers Global 2018 y Latinvex","og_description":"La firma global con base en Miami\u00a0Diaz, Reus & Targ, LLP\u00a0(\u201cDRT\u201d) anuncia que\u00a0tanto la firma como su Socio Administrador Global\u00a0Michael Diaz, Jr.\u00a0han sido reconocidos por\u00a0Chambers Global 2018\u00a0por \u201cInvestigaciones corporativas para Latinoam\u00e9rica\u201d. Adem\u00e1s,\u00a0Michael Diaz, Jr. ha sido reconocido de nuevo por\u00a0Latinvex\u00a0como uno de los\u00a0Top 100 Abogados haciendo negocios en Latinoam\u00e9rica entre firmas internacionales en 2018...","og_url":"https:\/\/diazreus.com\/es\/diaz-reus-y-michael-diaz-jr-reconocidos-por-chambers-global-2018-y-latinvex\/","og_site_name":"Diaz Reus","article_published_time":"2018-02-21T13:40:48+00:00","article_modified_time":"2021-01-13T18:31:35+00:00","og_image":[{"width":960,"height":640,"url":"https:\/\/diazreus.com\/wp-content\/uploads\/2020\/11\/Chambers.png","type":"image\/png"}],"author":"adpptv","twitter_card":"summary_large_image","twitter_misc":{"Escrito por":"adpptv","Tiempo de lectura":"3 minutos"},"schema":{"@context":"https:\/\/schema.org","@graph":[{"@type":"Article","@id":"https:\/\/diazreus.com\/es\/diaz-reus-y-michael-diaz-jr-reconocidos-por-chambers-global-2018-y-latinvex\/#article","isPartOf":{"@id":"https:\/\/diazreus.com\/es\/diaz-reus-y-michael-diaz-jr-reconocidos-por-chambers-global-2018-y-latinvex\/"},"author":{"name":"adpptv","@id":"https:\/\/diazreus.com\/es\/#\/schema\/person\/5ae8f6489baef735a4aac7ae8bea6e3d"},"headline":"Diaz Reus y Michael Diaz, Jr., reconocidos por Chambers Global 2018 y Latinvex","datePublished":"2018-02-21T13:40:48+00:00","dateModified":"2021-01-13T18:31:35+00:00","mainEntityOfPage":{"@id":"https:\/\/diazreus.com\/es\/diaz-reus-y-michael-diaz-jr-reconocidos-por-chambers-global-2018-y-latinvex\/"},"wordCount":552,"image":{"@id":"https:\/\/diazreus.com\/es\/diaz-reus-y-michael-diaz-jr-reconocidos-por-chambers-global-2018-y-latinvex\/#primaryimage"},"thumbnailUrl":"https:\/\/diazreus.com\/wp-content\/uploads\/2020\/11\/Chambers.png","articleSection":["Eventos"],"inLanguage":"es"},{"@type":"WebPage","@id":"https:\/\/diazreus.com\/es\/diaz-reus-y-michael-diaz-jr-reconocidos-por-chambers-global-2018-y-latinvex\/","url":"https:\/\/diazreus.com\/es\/diaz-reus-y-michael-diaz-jr-reconocidos-por-chambers-global-2018-y-latinvex\/","name":"Diaz Reus y Michael Diaz, Jr., reconocidos por Chambers Global 2018 y Latinvex","isPartOf":{"@id":"https:\/\/diazreus.com\/es\/#website"},"primaryImageOfPage":{"@id":"https:\/\/diazreus.com\/es\/diaz-reus-y-michael-diaz-jr-reconocidos-por-chambers-global-2018-y-latinvex\/#primaryimage"},"image":{"@id":"https:\/\/diazreus.com\/es\/diaz-reus-y-michael-diaz-jr-reconocidos-por-chambers-global-2018-y-latinvex\/#primaryimage"},"thumbnailUrl":"https:\/\/diazreus.com\/wp-content\/uploads\/2020\/11\/Chambers.png","datePublished":"2018-02-21T13:40:48+00:00","dateModified":"2021-01-13T18:31:35+00:00","author":{"@id":"https:\/\/diazreus.com\/es\/#\/schema\/person\/5ae8f6489baef735a4aac7ae8bea6e3d"},"breadcrumb":{"@id":"https:\/\/diazreus.com\/es\/diaz-reus-y-michael-diaz-jr-reconocidos-por-chambers-global-2018-y-latinvex\/#breadcrumb"},"inLanguage":"es","potentialAction":[{"@type":"ReadAction","target":["https:\/\/diazreus.com\/es\/diaz-reus-y-michael-diaz-jr-reconocidos-por-chambers-global-2018-y-latinvex\/"]}]},{"@type":"ImageObject","inLanguage":"es","@id":"https:\/\/diazreus.com\/es\/diaz-reus-y-michael-diaz-jr-reconocidos-por-chambers-global-2018-y-latinvex\/#primaryimage","url":"https:\/\/diazreus.com\/wp-content\/uploads\/2020\/11\/Chambers.png","contentUrl":"https:\/\/diazreus.com\/wp-content\/uploads\/2020\/11\/Chambers.png","width":960,"height":640,"caption":"Read or download PDF of Overview Chapter here"},{"@type":"BreadcrumbList","@id":"https:\/\/diazreus.com\/es\/diaz-reus-y-michael-diaz-jr-reconocidos-por-chambers-global-2018-y-latinvex\/#breadcrumb","itemListElement":[{"@type":"ListItem","position":1,"name":"Home","item":"https:\/\/diazreus.com\/es\/home-espanol\/"},{"@type":"ListItem","position":2,"name":"Diaz Reus y Michael Diaz, Jr., reconocidos por Chambers Global 2018 y Latinvex"}]},{"@type":"WebSite","@id":"https:\/\/diazreus.com\/es\/#website","url":"https:\/\/diazreus.com\/es\/","name":"Diaz Reus","description":"","potentialAction":[{"@type":"SearchAction","target":{"@type":"EntryPoint","urlTemplate":"https:\/\/diazreus.com\/es\/?s={search_term_string}"},"query-input":{"@type":"PropertyValueSpecification","valueRequired":true,"valueName":"search_term_string"}}],"inLanguage":"es"},{"@type":"Person","@id":"https:\/\/diazreus.com\/es\/#\/schema\/person\/5ae8f6489baef735a4aac7ae8bea6e3d","name":"adpptv","sameAs":["https:\/\/diazreus.com"],"url":"https:\/\/diazreus.com\/es\/author\/adpptv\/"}]}},"_links":{"self":[{"href":"https:\/\/diazreus.com\/es\/wp-json\/wp\/v2\/posts\/7208","targetHints":{"allow":["GET"]}}],"collection":[{"href":"https:\/\/diazreus.com\/es\/wp-json\/wp\/v2\/posts"}],"about":[{"href":"https:\/\/diazreus.com\/es\/wp-json\/wp\/v2\/types\/post"}],"author":[{"embeddable":true,"href":"https:\/\/diazreus.com\/es\/wp-json\/wp\/v2\/users\/1"}],"replies":[{"embeddable":true,"href":"https:\/\/diazreus.com\/es\/wp-json\/wp\/v2\/comments?post=7208"}],"version-history":[{"count":1,"href":"https:\/\/diazreus.com\/es\/wp-json\/wp\/v2\/posts\/7208\/revisions"}],"predecessor-version":[{"id":8734,"href":"https:\/\/diazreus.com\/es\/wp-json\/wp\/v2\/posts\/7208\/revisions\/8734"}],"wp:featuredmedia":[{"embeddable":true,"href":"https:\/\/diazreus.com\/es\/wp-json\/wp\/v2\/media\/3954"}],"wp:attachment":[{"href":"https:\/\/diazreus.com\/es\/wp-json\/wp\/v2\/media?parent=7208"}],"wp:term":[{"taxonomy":"category","embeddable":true,"href":"https:\/\/diazreus.com\/es\/wp-json\/wp\/v2\/categories?post=7208"},{"taxonomy":"post_tag","embeddable":true,"href":"https:\/\/diazreus.com\/es\/wp-json\/wp\/v2\/tags?post=7208"}],"curies":[{"name":"wp","href":"https:\/\/api.w.org\/{rel}","templated":true}]}}