{"id":6357,"date":"2020-07-30T11:01:44","date_gmt":"2020-07-30T11:01:44","guid":{"rendered":"https:\/\/diazreus.com\/impulso-al-agro\/"},"modified":"2021-01-13T19:52:18","modified_gmt":"2021-01-13T19:52:18","slug":"impulso-al-agro","status":"publish","type":"post","link":"https:\/\/diazreus.com\/es\/impulso-al-agro\/","title":{"rendered":"Impulso al agro"},"content":{"rendered":"<p>30 de julio de 2020<\/p>\n<p>\u201cEl despegue del agro es urgente, no solo por los campesinos y productores, sino por la imperiosa necesidad de detener y comenzar a bajar la presi\u00f3n que ejerce sobre la zona metropolitana, la descontrolada migraci\u00f3n con todas sus secuelas.\u201d<\/p>\n<p id=\"m46-45-47\" class=\"paragraph \">La crisis del agro paname\u00f1o es producto de una multiplicidad de circunstancias econ\u00f3micas, ambientales, culturales y factores externos que se suman a la ausencia de objetivos y pol\u00edticas p\u00fablicas acordes con estos. El \u201cnegocio agrario\u201d, salvo algunas excepciones, es de mera subsistencia y los productores necesitan subsidios para asegurar una utilidad m\u00ednima. Aun cuando cerca del 40 % de la poblaci\u00f3n econ\u00f3micamente activa vive en las \u00e1reas rurales del pa\u00eds, el aporte del sector agr\u00edcola al PIB escasamente llega al 3 %, en un vertiginoso declive de veinte a\u00f1os cuando aportaba cerca del 20 %, gracias a las exportaciones de banano y camar\u00f3n.<\/p>\n<p id=\"m51-50-52\" class=\"paragraph \">No solo no existen pol\u00edticas p\u00fablicas claras y bien planificadas, sino que hay actitudes culturales que van en contra de la actividad. Tal es el caso de la poca o nula asociatividad o cooperaci\u00f3n empresarial entre propietarios de tierras del campo. Por el contrario, existe una cultura de ego\u00edsmo y recelo que anula el aprovechamiento de una herramienta fundamental para que los productores, en su inmensa mayor\u00eda peque\u00f1os, tengan acceso a recursos tecnol\u00f3gicos, alcancen competitividad y puedan enfrentar los retos y exigencias de los mercados internacionales y los altibajos de la econom\u00eda.<\/p>\n<p id=\"m56-55-57\" class=\"paragraph \">Por otra parte, el financiamiento estatal ha sido todo, menos impulsor de una actividad seria y responsable, eso lo demuestra la morosidad de las carteras de cr\u00e9dito, los incumplimientos y las condonaciones politizadas.<\/p>\n<p id=\"m61-60-62\" class=\"paragraph \">El impulso del sector rural es urgente, pero demanda acciones inmediatas y pol\u00edticas visionarias y estables, as\u00ed como seguridad e inversi\u00f3n. Mucho m\u00e1s ahora, que la recuperaci\u00f3n econ\u00f3mica tras la pandemia de la COVID-19 impondr\u00e1 la implementaci\u00f3n de medidas audaces y novedosas en todos los campos, pero uno que exigir\u00e1 un esfuerzo mayor es el agroindustrial, porque el aseguramiento de la alimentaci\u00f3n ser\u00e1 en el futuro uno de los objetivos estrat\u00e9gicos de cada pa\u00eds.<\/p>\n","protected":false},"excerpt":{"rendered":"<p>Por Jaime J\u00e1come de la Guardia, miembro de DRT International Law Firm &#038; Alliance en Panam\u00e1.<br \/>\n\u201cEl despegue del agro es urgente, no solo por los campesinos y productores, sino por la imperiosa necesidad de detener y comenzar a bajar la presi\u00f3n que ejerce sobre la zona metropolitana, la descontrolada migraci\u00f3n con todas sus secuelas.\u201d<\/p>\n","protected":false},"author":1,"featured_media":5477,"comment_status":"closed","ping_status":"open","sticky":false,"template":"","format":"standard","meta":{"_acf_changed":false,"rs_blank_template":"","rs_page_bg_color":"","slide_template_v7":"","inline_featured_image":false,"footnotes":""},"categories":[231,1],"tags":[],"class_list":["post-6357","post","type-post","status-publish","format-standard","has-post-thumbnail","hentry","category-articulos","category-uncategorized"],"acf":[],"yoast_head":"<!-- This site is optimized with the Yoast SEO plugin v27.5 - https:\/\/yoast.com\/product\/yoast-seo-wordpress\/ -->\n<title>Impulso al agro<\/title>\n<meta name=\"robots\" content=\"index, follow, max-snippet:-1, max-image-preview:large, max-video-preview:-1\" \/>\n<link rel=\"canonical\" href=\"https:\/\/diazreus.com\/es\/impulso-al-agro\/\" \/>\n<meta property=\"og:locale\" content=\"es_ES\" \/>\n<meta property=\"og:type\" content=\"article\" \/>\n<meta property=\"og:title\" content=\"Impulso al agro\" \/>\n<meta property=\"og:description\" content=\"Por Jaime J\u00e1come de la Guardia, miembro de DRT International Law Firm &amp; Alliance en Panam\u00e1. \u201cEl despegue del agro es urgente, no solo por los campesinos y productores, sino por la imperiosa necesidad de detener y comenzar a bajar la presi\u00f3n que ejerce sobre la zona metropolitana, la descontrolada migraci\u00f3n con todas sus secuelas.\u201d\" \/>\n<meta property=\"og:url\" content=\"https:\/\/diazreus.com\/es\/impulso-al-agro\/\" \/>\n<meta property=\"og:site_name\" content=\"Diaz Reus\" \/>\n<meta property=\"article:published_time\" content=\"2020-07-30T11:01:44+00:00\" \/>\n<meta property=\"article:modified_time\" content=\"2021-01-13T19:52:18+00:00\" \/>\n<meta property=\"og:image\" content=\"https:\/\/diazreus.com\/wp-content\/uploads\/2020\/11\/estrella-de-panama.jpg\" \/>\n\t<meta property=\"og:image:width\" content=\"960\" \/>\n\t<meta property=\"og:image:height\" content=\"640\" \/>\n\t<meta property=\"og:image:type\" content=\"image\/jpeg\" \/>\n<meta name=\"author\" content=\"adpptv\" \/>\n<meta name=\"twitter:card\" content=\"summary_large_image\" \/>\n<meta name=\"twitter:label1\" content=\"Escrito por\" \/>\n\t<meta name=\"twitter:data1\" content=\"adpptv\" \/>\n\t<meta name=\"twitter:label2\" content=\"Tiempo de lectura\" \/>\n\t<meta name=\"twitter:data2\" content=\"2 minutos\" \/>\n<script type=\"application\/ld+json\" class=\"yoast-schema-graph\">{\"@context\":\"https:\\\/\\\/schema.org\",\"@graph\":[{\"@type\":\"Article\",\"@id\":\"https:\\\/\\\/diazreus.com\\\/es\\\/impulso-al-agro\\\/#article\",\"isPartOf\":{\"@id\":\"https:\\\/\\\/diazreus.com\\\/es\\\/impulso-al-agro\\\/\"},\"author\":{\"name\":\"adpptv\",\"@id\":\"https:\\\/\\\/diazreus.com\\\/es\\\/#\\\/schema\\\/person\\\/5ae8f6489baef735a4aac7ae8bea6e3d\"},\"headline\":\"Impulso al agro\",\"datePublished\":\"2020-07-30T11:01:44+00:00\",\"dateModified\":\"2021-01-13T19:52:18+00:00\",\"mainEntityOfPage\":{\"@id\":\"https:\\\/\\\/diazreus.com\\\/es\\\/impulso-al-agro\\\/\"},\"wordCount\":372,\"image\":{\"@id\":\"https:\\\/\\\/diazreus.com\\\/es\\\/impulso-al-agro\\\/#primaryimage\"},\"thumbnailUrl\":\"https:\\\/\\\/diazreus.com\\\/wp-content\\\/uploads\\\/2020\\\/11\\\/estrella-de-panama.jpg\",\"articleSection\":[\"Art\u00edculos\",\"Sin categoria\"],\"inLanguage\":\"es\"},{\"@type\":\"WebPage\",\"@id\":\"https:\\\/\\\/diazreus.com\\\/es\\\/impulso-al-agro\\\/\",\"url\":\"https:\\\/\\\/diazreus.com\\\/es\\\/impulso-al-agro\\\/\",\"name\":\"Impulso al agro\",\"isPartOf\":{\"@id\":\"https:\\\/\\\/diazreus.com\\\/es\\\/#website\"},\"primaryImageOfPage\":{\"@id\":\"https:\\\/\\\/diazreus.com\\\/es\\\/impulso-al-agro\\\/#primaryimage\"},\"image\":{\"@id\":\"https:\\\/\\\/diazreus.com\\\/es\\\/impulso-al-agro\\\/#primaryimage\"},\"thumbnailUrl\":\"https:\\\/\\\/diazreus.com\\\/wp-content\\\/uploads\\\/2020\\\/11\\\/estrella-de-panama.jpg\",\"datePublished\":\"2020-07-30T11:01:44+00:00\",\"dateModified\":\"2021-01-13T19:52:18+00:00\",\"author\":{\"@id\":\"https:\\\/\\\/diazreus.com\\\/es\\\/#\\\/schema\\\/person\\\/5ae8f6489baef735a4aac7ae8bea6e3d\"},\"breadcrumb\":{\"@id\":\"https:\\\/\\\/diazreus.com\\\/es\\\/impulso-al-agro\\\/#breadcrumb\"},\"inLanguage\":\"es\",\"potentialAction\":[{\"@type\":\"ReadAction\",\"target\":[\"https:\\\/\\\/diazreus.com\\\/es\\\/impulso-al-agro\\\/\"]}]},{\"@type\":\"ImageObject\",\"inLanguage\":\"es\",\"@id\":\"https:\\\/\\\/diazreus.com\\\/es\\\/impulso-al-agro\\\/#primaryimage\",\"url\":\"https:\\\/\\\/diazreus.com\\\/wp-content\\\/uploads\\\/2020\\\/11\\\/estrella-de-panama.jpg\",\"contentUrl\":\"https:\\\/\\\/diazreus.com\\\/wp-content\\\/uploads\\\/2020\\\/11\\\/estrella-de-panama.jpg\",\"width\":960,\"height\":640,\"caption\":\"Read or download PDF of Overview Chapter here\"},{\"@type\":\"BreadcrumbList\",\"@id\":\"https:\\\/\\\/diazreus.com\\\/es\\\/impulso-al-agro\\\/#breadcrumb\",\"itemListElement\":[{\"@type\":\"ListItem\",\"position\":1,\"name\":\"Home\",\"item\":\"https:\\\/\\\/diazreus.com\\\/es\\\/home-espanol\\\/\"},{\"@type\":\"ListItem\",\"position\":2,\"name\":\"Impulso al agro\"}]},{\"@type\":\"WebSite\",\"@id\":\"https:\\\/\\\/diazreus.com\\\/es\\\/#website\",\"url\":\"https:\\\/\\\/diazreus.com\\\/es\\\/\",\"name\":\"Diaz Reus\",\"description\":\"\",\"potentialAction\":[{\"@type\":\"SearchAction\",\"target\":{\"@type\":\"EntryPoint\",\"urlTemplate\":\"https:\\\/\\\/diazreus.com\\\/es\\\/?s={search_term_string}\"},\"query-input\":{\"@type\":\"PropertyValueSpecification\",\"valueRequired\":true,\"valueName\":\"search_term_string\"}}],\"inLanguage\":\"es\"},{\"@type\":\"Person\",\"@id\":\"https:\\\/\\\/diazreus.com\\\/es\\\/#\\\/schema\\\/person\\\/5ae8f6489baef735a4aac7ae8bea6e3d\",\"name\":\"adpptv\",\"sameAs\":[\"https:\\\/\\\/diazreus.com\"],\"url\":\"https:\\\/\\\/diazreus.com\\\/es\\\/author\\\/adpptv\\\/\"}]}<\/script>\n<!-- \/ Yoast SEO plugin. -->","yoast_head_json":{"title":"Impulso al agro","robots":{"index":"index","follow":"follow","max-snippet":"max-snippet:-1","max-image-preview":"max-image-preview:large","max-video-preview":"max-video-preview:-1"},"canonical":"https:\/\/diazreus.com\/es\/impulso-al-agro\/","og_locale":"es_ES","og_type":"article","og_title":"Impulso al agro","og_description":"Por Jaime J\u00e1come de la Guardia, miembro de DRT International Law Firm & Alliance en Panam\u00e1. \u201cEl despegue del agro es urgente, no solo por los campesinos y productores, sino por la imperiosa necesidad de detener y comenzar a bajar la presi\u00f3n que ejerce sobre la zona metropolitana, la descontrolada migraci\u00f3n con todas sus secuelas.\u201d","og_url":"https:\/\/diazreus.com\/es\/impulso-al-agro\/","og_site_name":"Diaz Reus","article_published_time":"2020-07-30T11:01:44+00:00","article_modified_time":"2021-01-13T19:52:18+00:00","og_image":[{"width":960,"height":640,"url":"https:\/\/diazreus.com\/wp-content\/uploads\/2020\/11\/estrella-de-panama.jpg","type":"image\/jpeg"}],"author":"adpptv","twitter_card":"summary_large_image","twitter_misc":{"Escrito por":"adpptv","Tiempo de lectura":"2 minutos"},"schema":{"@context":"https:\/\/schema.org","@graph":[{"@type":"Article","@id":"https:\/\/diazreus.com\/es\/impulso-al-agro\/#article","isPartOf":{"@id":"https:\/\/diazreus.com\/es\/impulso-al-agro\/"},"author":{"name":"adpptv","@id":"https:\/\/diazreus.com\/es\/#\/schema\/person\/5ae8f6489baef735a4aac7ae8bea6e3d"},"headline":"Impulso al agro","datePublished":"2020-07-30T11:01:44+00:00","dateModified":"2021-01-13T19:52:18+00:00","mainEntityOfPage":{"@id":"https:\/\/diazreus.com\/es\/impulso-al-agro\/"},"wordCount":372,"image":{"@id":"https:\/\/diazreus.com\/es\/impulso-al-agro\/#primaryimage"},"thumbnailUrl":"https:\/\/diazreus.com\/wp-content\/uploads\/2020\/11\/estrella-de-panama.jpg","articleSection":["Art\u00edculos","Sin categoria"],"inLanguage":"es"},{"@type":"WebPage","@id":"https:\/\/diazreus.com\/es\/impulso-al-agro\/","url":"https:\/\/diazreus.com\/es\/impulso-al-agro\/","name":"Impulso al agro","isPartOf":{"@id":"https:\/\/diazreus.com\/es\/#website"},"primaryImageOfPage":{"@id":"https:\/\/diazreus.com\/es\/impulso-al-agro\/#primaryimage"},"image":{"@id":"https:\/\/diazreus.com\/es\/impulso-al-agro\/#primaryimage"},"thumbnailUrl":"https:\/\/diazreus.com\/wp-content\/uploads\/2020\/11\/estrella-de-panama.jpg","datePublished":"2020-07-30T11:01:44+00:00","dateModified":"2021-01-13T19:52:18+00:00","author":{"@id":"https:\/\/diazreus.com\/es\/#\/schema\/person\/5ae8f6489baef735a4aac7ae8bea6e3d"},"breadcrumb":{"@id":"https:\/\/diazreus.com\/es\/impulso-al-agro\/#breadcrumb"},"inLanguage":"es","potentialAction":[{"@type":"ReadAction","target":["https:\/\/diazreus.com\/es\/impulso-al-agro\/"]}]},{"@type":"ImageObject","inLanguage":"es","@id":"https:\/\/diazreus.com\/es\/impulso-al-agro\/#primaryimage","url":"https:\/\/diazreus.com\/wp-content\/uploads\/2020\/11\/estrella-de-panama.jpg","contentUrl":"https:\/\/diazreus.com\/wp-content\/uploads\/2020\/11\/estrella-de-panama.jpg","width":960,"height":640,"caption":"Read or download PDF of Overview Chapter here"},{"@type":"BreadcrumbList","@id":"https:\/\/diazreus.com\/es\/impulso-al-agro\/#breadcrumb","itemListElement":[{"@type":"ListItem","position":1,"name":"Home","item":"https:\/\/diazreus.com\/es\/home-espanol\/"},{"@type":"ListItem","position":2,"name":"Impulso al agro"}]},{"@type":"WebSite","@id":"https:\/\/diazreus.com\/es\/#website","url":"https:\/\/diazreus.com\/es\/","name":"Diaz Reus","description":"","potentialAction":[{"@type":"SearchAction","target":{"@type":"EntryPoint","urlTemplate":"https:\/\/diazreus.com\/es\/?s={search_term_string}"},"query-input":{"@type":"PropertyValueSpecification","valueRequired":true,"valueName":"search_term_string"}}],"inLanguage":"es"},{"@type":"Person","@id":"https:\/\/diazreus.com\/es\/#\/schema\/person\/5ae8f6489baef735a4aac7ae8bea6e3d","name":"adpptv","sameAs":["https:\/\/diazreus.com"],"url":"https:\/\/diazreus.com\/es\/author\/adpptv\/"}]}},"_links":{"self":[{"href":"https:\/\/diazreus.com\/es\/wp-json\/wp\/v2\/posts\/6357","targetHints":{"allow":["GET"]}}],"collection":[{"href":"https:\/\/diazreus.com\/es\/wp-json\/wp\/v2\/posts"}],"about":[{"href":"https:\/\/diazreus.com\/es\/wp-json\/wp\/v2\/types\/post"}],"author":[{"embeddable":true,"href":"https:\/\/diazreus.com\/es\/wp-json\/wp\/v2\/users\/1"}],"replies":[{"embeddable":true,"href":"https:\/\/diazreus.com\/es\/wp-json\/wp\/v2\/comments?post=6357"}],"version-history":[{"count":2,"href":"https:\/\/diazreus.com\/es\/wp-json\/wp\/v2\/posts\/6357\/revisions"}],"predecessor-version":[{"id":8925,"href":"https:\/\/diazreus.com\/es\/wp-json\/wp\/v2\/posts\/6357\/revisions\/8925"}],"wp:featuredmedia":[{"embeddable":true,"href":"https:\/\/diazreus.com\/es\/wp-json\/wp\/v2\/media\/5477"}],"wp:attachment":[{"href":"https:\/\/diazreus.com\/es\/wp-json\/wp\/v2\/media?parent=6357"}],"wp:term":[{"taxonomy":"category","embeddable":true,"href":"https:\/\/diazreus.com\/es\/wp-json\/wp\/v2\/categories?post=6357"},{"taxonomy":"post_tag","embeddable":true,"href":"https:\/\/diazreus.com\/es\/wp-json\/wp\/v2\/tags?post=6357"}],"curies":[{"name":"wp","href":"https:\/\/api.w.org\/{rel}","templated":true}]}}