{"id":24994,"date":"2025-10-28T17:35:52","date_gmt":"2025-10-28T17:35:52","guid":{"rendered":"https:\/\/diazreus.com\/?p=24994"},"modified":"2025-11-19T16:34:38","modified_gmt":"2025-11-19T16:34:38","slug":"diaz-reus-colombia-reconocida-por-the-legal-500-latinoamerica-2026","status":"publish","type":"post","link":"https:\/\/diazreus.com\/es\/diaz-reus-colombia-reconocida-por-the-legal-500-latinoamerica-2026\/","title":{"rendered":"Diaz Reus Colombia reconocida por The Legal 500 Latinoam\u00e9rica 2026"},"content":{"rendered":"<p>Diaz Reus Colombia, as\u00ed como <a href=\"https:\/\/diazreus.com\/es\/people\/marcela-cristina-blanco-2\/\">Marcela Blanco<\/a>, <a href=\"https:\/\/diazreus.com\/es\/people\/javier-coronado-diaz-2\/\">Javier Coronado<\/a> y <a href=\"https:\/\/diazreus.com\/es\/people\/alejandra-martinez-rodriguez\/\">Alejandra Mart\u00ednez<\/a>, han sido reconocidos por la gu\u00eda jur\u00eddica internacional The Legal 500 Latin America 2026, cap\u00edtulo Colombia, en las \u00e1reas de Cumplimiento Normativo y Delitos de Cuello o Guante Blanco, y Corporativo\/Fusiones y Adquisiciones.<br \/>\nEn el \u00e1rea de Cumplimiento Normativo y Delitos de Cuello o Guante Blanco, <a href=\"https:\/\/diazreus.com\/es\/people\/marcela-cristina-blanco-2\/\">Marcela Blanco<\/a> ha sido nombrada Socia L\u00edder, y <a href=\"https:\/\/diazreus.com\/es\/people\/javier-coronado-diaz-2\/\">Javier Coronado<\/a> ha sido nombrado \u00abSocio de la Pr\u00f3xima Generaci\u00f3n\u00bb.<\/p>\n<p>Legal 500 coment\u00f3:<br \/>\n\u00abUn equipo de solucionadores de problemas que piensan m\u00e1s all\u00e1 del marco jur\u00eddico tradicional\u00bb, el despacho Diaz Reus International Law Firm se distingue por su perspectiva global. Una opci\u00f3n muy popular entre los clientes multinacionales, la sucursal colombiana de este despacho con sede en Miami cuenta con varios especialistas en cumplimiento normativo y delitos de cuello blanco cualificados en m\u00faltiples jurisdicciones, y es elogiada por su capacidad para ofrecer un asesoramiento armonizado sobre la normativa internacional. La directora de la oficina de Bogot\u00e1, <a href=\"https:\/\/diazreus.com\/es\/people\/marcela-cristina-blanco-2\/\">Marcela Blanco<\/a>, est\u00e1 habilitada para ejercer en Colombia, Florida y Kansas; combina una amplia experiencia en cumplimiento normativo, transacciones corporativas y resoluci\u00f3n de disputas, incluidos los procedimientos penales. <a href=\"https:\/\/diazreus.com\/es\/people\/javier-coronado-diaz-2\/\">Javier Coronado<\/a> tambi\u00e9n cuenta con triple titulaci\u00f3n (Florida\/Nueva York\/Colombia) y divide su pr\u00e1ctica entre Bogot\u00e1 y Miami, donde se especializa en delitos de cuello blanco, investigaciones internacionales, lucha contra el lavado de dinero y sanciones de la OFAC (Oficina de Control de Activos Extranjeros) de EE. UU. El equipo tambi\u00e9n cuenta con la asociada Alejandra Mart\u00ednez Rodr\u00edguez, cuya pr\u00e1ctica abarca el cumplimiento normativo, el derecho corporativo y la resoluci\u00f3n de disputas.\u00bb<\/p>\n<p>Comentarios de los clientes:<\/p>\n<p>\u2022 \u00abEl despacho tiene una importante cobertura nacional e internacional, y sus tarifas ofrecen una excelente relaci\u00f3n calidad-precio. Los procesos y plazos del despacho son muy eficientes\u00bb.<br \/>\n\u2022 \u00abLos abogados del despacho conocen muy bien los asuntos que tratan y son muy receptivos con sus clientes. No hay barreras para acceder a los socios u otros miembros del personal, lo que facilita la interacci\u00f3n\u00bb.<br \/>\n\u2022 \u00abEl equipo de D\u00edaz Reus es incre\u00edblemente receptivo y tiene muchos recursos. Si no tiene una respuesta inmediata, recurre a su red de expertos y consigue r\u00e1pidamente a las personas adecuadas. Es impresionante la rapidez con la que encuentra soluciones\u00bb.<br \/>\n\u2022 \u00abLo que realmente lo distingue es la amplitud y profundidad de su experiencia. No solo ofrece asesoramiento jur\u00eddico, sino que proporciona orientaci\u00f3n estrat\u00e9gica y pr\u00e1ctica que ayuda a afrontar retos empresariales y jur\u00eddicos complejos. Un equipo de solucionadores de problemas que piensan m\u00e1s all\u00e1 del marco jur\u00eddico tradicional\u00bb.<br \/>\n\u2022 \u00abA diferencia de muchas firmas, D\u00edaz Reus adopta un enfoque pr\u00e1ctico y colaborativo. Invierten genuinamente en las relaciones con sus clientes, y lo hemos comprobado de primera mano. <a href=\"https:\/\/diazreus.com\/es\/people\/marcela-cristina-blanco-2\/\">Marcela Blanco<\/a>, en particular, ha sido invaluable para garantizar que siempre recibamos el apoyo adecuado cuando lo necesitamos\u00bb.<br \/>\n\u2022 \u00ab<a href=\"https:\/\/diazreus.com\/es\/people\/marcela-cristina-blanco-2\/\">Marcela Blanco <\/a>se destaca porque va m\u00e1s all\u00e1 de simplemente brindar asesor\u00eda legal: se preocupa genuinamente por el negocio y aborda cada decisi\u00f3n como si fuera propia. La capacidad de respuesta y la dedicaci\u00f3n del equipo marcan una verdadera diferencia, y contar con ellos ha sido una gran ventaja\u00bb.<br \/>\n\u2022 \u00abLo que los diferencia de la competencia es su capacidad para integrarse perfectamente en nuestras operaciones. Los abogados no solo reaccionan ante las cuestiones legales, sino que se anticipan a los retos, aportan ideas estrat\u00e9gicas y nos ayudan a tomar mejores decisiones. Incluso antes de que nos lanz\u00e1ramos en Colombia, ellos ya estaban ah\u00ed, acompa\u00f1\u00e1ndonos en cada paso del camino\u00bb.<\/p>\n","protected":false},"excerpt":{"rendered":"<p>Diaz Reus Colombia, as\u00ed como Marcela Blanco, Javier Coronado y Alejandra Mart\u00ednez, han sido reconocidos por la gu\u00eda jur\u00eddica internacional The Legal 500 Latin America 2026, cap\u00edtulo Colombia, en las \u00e1reas de Cumplimiento Normativo y Delitos de Cuello o Guante Blanco, y Corporativo\/Fusiones y Adquisiciones. En el \u00e1rea de Cumplimiento Normativo y Delitos de Cuello o Guante Blanco, Marcela Blanco &#8230; <a href=\"https:\/\/diazreus.com\/es\/diaz-reus-colombia-reconocida-por-the-legal-500-latinoamerica-2026\/\" class=\"more-link\">Read More<\/a><\/p>\n","protected":false},"author":5,"featured_media":24992,"comment_status":"closed","ping_status":"open","sticky":false,"template":"","format":"standard","meta":{"_acf_changed":false,"rs_blank_template":"","rs_page_bg_color":"","slide_template_v7":"","inline_featured_image":false,"footnotes":""},"categories":[870,550],"tags":[],"class_list":["post-24994","post","type-post","status-publish","format-standard","has-post-thumbnail","hentry","category-news-events","category-eventos"],"acf":[],"yoast_head":"<!-- This site is optimized with the Yoast SEO plugin v27.5 - https:\/\/yoast.com\/product\/yoast-seo-wordpress\/ -->\n<title>Diaz Reus Colombia reconocida por The Legal 500 Latinoam\u00e9rica 2026 - Diaz Reus<\/title>\n<meta name=\"robots\" content=\"index, follow, max-snippet:-1, max-image-preview:large, max-video-preview:-1\" \/>\n<link rel=\"canonical\" href=\"https:\/\/diazreus.com\/es\/diaz-reus-colombia-reconocida-por-the-legal-500-latinoamerica-2026\/\" \/>\n<meta property=\"og:locale\" content=\"es_ES\" \/>\n<meta property=\"og:type\" content=\"article\" \/>\n<meta property=\"og:title\" content=\"Diaz Reus Colombia reconocida por The Legal 500 Latinoam\u00e9rica 2026 - Diaz Reus\" \/>\n<meta property=\"og:description\" content=\"Diaz Reus Colombia, as\u00ed como Marcela Blanco, Javier Coronado y Alejandra Mart\u00ednez, han sido reconocidos por la gu\u00eda jur\u00eddica internacional The Legal 500 Latin America 2026, cap\u00edtulo Colombia, en las \u00e1reas de Cumplimiento Normativo y Delitos de Cuello o Guante Blanco, y Corporativo\/Fusiones y Adquisiciones. En el \u00e1rea de Cumplimiento Normativo y Delitos de Cuello o Guante Blanco, Marcela Blanco ... Read More\" \/>\n<meta property=\"og:url\" content=\"https:\/\/diazreus.com\/es\/diaz-reus-colombia-reconocida-por-the-legal-500-latinoamerica-2026\/\" \/>\n<meta property=\"og:site_name\" content=\"Diaz Reus\" \/>\n<meta property=\"article:published_time\" content=\"2025-10-28T17:35:52+00:00\" \/>\n<meta property=\"article:modified_time\" content=\"2025-11-19T16:34:38+00:00\" \/>\n<meta property=\"og:image\" content=\"https:\/\/diazreus.com\/wp-content\/uploads\/2025\/10\/Untitled-41.jpeg\" \/>\n\t<meta property=\"og:image:width\" content=\"960\" \/>\n\t<meta property=\"og:image:height\" content=\"640\" \/>\n\t<meta property=\"og:image:type\" content=\"image\/jpeg\" \/>\n<meta name=\"author\" content=\"mbattier@diazreus.com\" \/>\n<meta name=\"twitter:card\" content=\"summary_large_image\" \/>\n<meta name=\"twitter:label1\" content=\"Escrito por\" \/>\n\t<meta name=\"twitter:data1\" content=\"mbattier@diazreus.com\" \/>\n\t<meta name=\"twitter:label2\" content=\"Tiempo de lectura\" \/>\n\t<meta name=\"twitter:data2\" content=\"3 minutos\" \/>\n<script type=\"application\/ld+json\" class=\"yoast-schema-graph\">{\"@context\":\"https:\\\/\\\/schema.org\",\"@graph\":[{\"@type\":\"Article\",\"@id\":\"https:\\\/\\\/diazreus.com\\\/es\\\/diaz-reus-colombia-reconocida-por-the-legal-500-latinoamerica-2026\\\/#article\",\"isPartOf\":{\"@id\":\"https:\\\/\\\/diazreus.com\\\/es\\\/diaz-reus-colombia-reconocida-por-the-legal-500-latinoamerica-2026\\\/\"},\"author\":{\"name\":\"mbattier@diazreus.com\",\"@id\":\"https:\\\/\\\/diazreus.com\\\/es\\\/#\\\/schema\\\/person\\\/ac819f404d59c9664cc3132d90054303\"},\"headline\":\"Diaz Reus Colombia reconocida por The Legal 500 Latinoam\u00e9rica 2026\",\"datePublished\":\"2025-10-28T17:35:52+00:00\",\"dateModified\":\"2025-11-19T16:34:38+00:00\",\"mainEntityOfPage\":{\"@id\":\"https:\\\/\\\/diazreus.com\\\/es\\\/diaz-reus-colombia-reconocida-por-the-legal-500-latinoamerica-2026\\\/\"},\"wordCount\":620,\"image\":{\"@id\":\"https:\\\/\\\/diazreus.com\\\/es\\\/diaz-reus-colombia-reconocida-por-the-legal-500-latinoamerica-2026\\\/#primaryimage\"},\"thumbnailUrl\":\"https:\\\/\\\/diazreus.com\\\/wp-content\\\/uploads\\\/2025\\\/10\\\/Untitled-41.jpeg\",\"articleSection\":[\"News &amp; Events\",\"Eventos\"],\"inLanguage\":\"es\"},{\"@type\":\"WebPage\",\"@id\":\"https:\\\/\\\/diazreus.com\\\/es\\\/diaz-reus-colombia-reconocida-por-the-legal-500-latinoamerica-2026\\\/\",\"url\":\"https:\\\/\\\/diazreus.com\\\/es\\\/diaz-reus-colombia-reconocida-por-the-legal-500-latinoamerica-2026\\\/\",\"name\":\"Diaz Reus Colombia reconocida por The Legal 500 Latinoam\u00e9rica 2026 - Diaz Reus\",\"isPartOf\":{\"@id\":\"https:\\\/\\\/diazreus.com\\\/es\\\/#website\"},\"primaryImageOfPage\":{\"@id\":\"https:\\\/\\\/diazreus.com\\\/es\\\/diaz-reus-colombia-reconocida-por-the-legal-500-latinoamerica-2026\\\/#primaryimage\"},\"image\":{\"@id\":\"https:\\\/\\\/diazreus.com\\\/es\\\/diaz-reus-colombia-reconocida-por-the-legal-500-latinoamerica-2026\\\/#primaryimage\"},\"thumbnailUrl\":\"https:\\\/\\\/diazreus.com\\\/wp-content\\\/uploads\\\/2025\\\/10\\\/Untitled-41.jpeg\",\"datePublished\":\"2025-10-28T17:35:52+00:00\",\"dateModified\":\"2025-11-19T16:34:38+00:00\",\"author\":{\"@id\":\"https:\\\/\\\/diazreus.com\\\/es\\\/#\\\/schema\\\/person\\\/ac819f404d59c9664cc3132d90054303\"},\"breadcrumb\":{\"@id\":\"https:\\\/\\\/diazreus.com\\\/es\\\/diaz-reus-colombia-reconocida-por-the-legal-500-latinoamerica-2026\\\/#breadcrumb\"},\"inLanguage\":\"es\",\"potentialAction\":[{\"@type\":\"ReadAction\",\"target\":[\"https:\\\/\\\/diazreus.com\\\/es\\\/diaz-reus-colombia-reconocida-por-the-legal-500-latinoamerica-2026\\\/\"]}]},{\"@type\":\"ImageObject\",\"inLanguage\":\"es\",\"@id\":\"https:\\\/\\\/diazreus.com\\\/es\\\/diaz-reus-colombia-reconocida-por-the-legal-500-latinoamerica-2026\\\/#primaryimage\",\"url\":\"https:\\\/\\\/diazreus.com\\\/wp-content\\\/uploads\\\/2025\\\/10\\\/Untitled-41.jpeg\",\"contentUrl\":\"https:\\\/\\\/diazreus.com\\\/wp-content\\\/uploads\\\/2025\\\/10\\\/Untitled-41.jpeg\",\"width\":960,\"height\":640},{\"@type\":\"BreadcrumbList\",\"@id\":\"https:\\\/\\\/diazreus.com\\\/es\\\/diaz-reus-colombia-reconocida-por-the-legal-500-latinoamerica-2026\\\/#breadcrumb\",\"itemListElement\":[{\"@type\":\"ListItem\",\"position\":1,\"name\":\"Home\",\"item\":\"https:\\\/\\\/diazreus.com\\\/es\\\/home-espanol\\\/\"},{\"@type\":\"ListItem\",\"position\":2,\"name\":\"Diaz Reus Colombia reconocida por The Legal 500 Latinoam\u00e9rica 2026\"}]},{\"@type\":\"WebSite\",\"@id\":\"https:\\\/\\\/diazreus.com\\\/es\\\/#website\",\"url\":\"https:\\\/\\\/diazreus.com\\\/es\\\/\",\"name\":\"Diaz Reus\",\"description\":\"\",\"potentialAction\":[{\"@type\":\"SearchAction\",\"target\":{\"@type\":\"EntryPoint\",\"urlTemplate\":\"https:\\\/\\\/diazreus.com\\\/es\\\/?s={search_term_string}\"},\"query-input\":{\"@type\":\"PropertyValueSpecification\",\"valueRequired\":true,\"valueName\":\"search_term_string\"}}],\"inLanguage\":\"es\"},{\"@type\":\"Person\",\"@id\":\"https:\\\/\\\/diazreus.com\\\/es\\\/#\\\/schema\\\/person\\\/ac819f404d59c9664cc3132d90054303\",\"name\":\"mbattier@diazreus.com\",\"url\":\"https:\\\/\\\/diazreus.com\\\/es\\\/author\\\/mbattierdiazreus-com\\\/\"}]}<\/script>\n<!-- \/ Yoast SEO plugin. -->","yoast_head_json":{"title":"Diaz Reus Colombia reconocida por The Legal 500 Latinoam\u00e9rica 2026 - Diaz Reus","robots":{"index":"index","follow":"follow","max-snippet":"max-snippet:-1","max-image-preview":"max-image-preview:large","max-video-preview":"max-video-preview:-1"},"canonical":"https:\/\/diazreus.com\/es\/diaz-reus-colombia-reconocida-por-the-legal-500-latinoamerica-2026\/","og_locale":"es_ES","og_type":"article","og_title":"Diaz Reus Colombia reconocida por The Legal 500 Latinoam\u00e9rica 2026 - Diaz Reus","og_description":"Diaz Reus Colombia, as\u00ed como Marcela Blanco, Javier Coronado y Alejandra Mart\u00ednez, han sido reconocidos por la gu\u00eda jur\u00eddica internacional The Legal 500 Latin America 2026, cap\u00edtulo Colombia, en las \u00e1reas de Cumplimiento Normativo y Delitos de Cuello o Guante Blanco, y Corporativo\/Fusiones y Adquisiciones. En el \u00e1rea de Cumplimiento Normativo y Delitos de Cuello o Guante Blanco, Marcela Blanco ... Read More","og_url":"https:\/\/diazreus.com\/es\/diaz-reus-colombia-reconocida-por-the-legal-500-latinoamerica-2026\/","og_site_name":"Diaz Reus","article_published_time":"2025-10-28T17:35:52+00:00","article_modified_time":"2025-11-19T16:34:38+00:00","og_image":[{"width":960,"height":640,"url":"https:\/\/diazreus.com\/wp-content\/uploads\/2025\/10\/Untitled-41.jpeg","type":"image\/jpeg"}],"author":"mbattier@diazreus.com","twitter_card":"summary_large_image","twitter_misc":{"Escrito por":"mbattier@diazreus.com","Tiempo de lectura":"3 minutos"},"schema":{"@context":"https:\/\/schema.org","@graph":[{"@type":"Article","@id":"https:\/\/diazreus.com\/es\/diaz-reus-colombia-reconocida-por-the-legal-500-latinoamerica-2026\/#article","isPartOf":{"@id":"https:\/\/diazreus.com\/es\/diaz-reus-colombia-reconocida-por-the-legal-500-latinoamerica-2026\/"},"author":{"name":"mbattier@diazreus.com","@id":"https:\/\/diazreus.com\/es\/#\/schema\/person\/ac819f404d59c9664cc3132d90054303"},"headline":"Diaz Reus Colombia reconocida por The Legal 500 Latinoam\u00e9rica 2026","datePublished":"2025-10-28T17:35:52+00:00","dateModified":"2025-11-19T16:34:38+00:00","mainEntityOfPage":{"@id":"https:\/\/diazreus.com\/es\/diaz-reus-colombia-reconocida-por-the-legal-500-latinoamerica-2026\/"},"wordCount":620,"image":{"@id":"https:\/\/diazreus.com\/es\/diaz-reus-colombia-reconocida-por-the-legal-500-latinoamerica-2026\/#primaryimage"},"thumbnailUrl":"https:\/\/diazreus.com\/wp-content\/uploads\/2025\/10\/Untitled-41.jpeg","articleSection":["News &amp; Events","Eventos"],"inLanguage":"es"},{"@type":"WebPage","@id":"https:\/\/diazreus.com\/es\/diaz-reus-colombia-reconocida-por-the-legal-500-latinoamerica-2026\/","url":"https:\/\/diazreus.com\/es\/diaz-reus-colombia-reconocida-por-the-legal-500-latinoamerica-2026\/","name":"Diaz Reus Colombia reconocida por The Legal 500 Latinoam\u00e9rica 2026 - Diaz Reus","isPartOf":{"@id":"https:\/\/diazreus.com\/es\/#website"},"primaryImageOfPage":{"@id":"https:\/\/diazreus.com\/es\/diaz-reus-colombia-reconocida-por-the-legal-500-latinoamerica-2026\/#primaryimage"},"image":{"@id":"https:\/\/diazreus.com\/es\/diaz-reus-colombia-reconocida-por-the-legal-500-latinoamerica-2026\/#primaryimage"},"thumbnailUrl":"https:\/\/diazreus.com\/wp-content\/uploads\/2025\/10\/Untitled-41.jpeg","datePublished":"2025-10-28T17:35:52+00:00","dateModified":"2025-11-19T16:34:38+00:00","author":{"@id":"https:\/\/diazreus.com\/es\/#\/schema\/person\/ac819f404d59c9664cc3132d90054303"},"breadcrumb":{"@id":"https:\/\/diazreus.com\/es\/diaz-reus-colombia-reconocida-por-the-legal-500-latinoamerica-2026\/#breadcrumb"},"inLanguage":"es","potentialAction":[{"@type":"ReadAction","target":["https:\/\/diazreus.com\/es\/diaz-reus-colombia-reconocida-por-the-legal-500-latinoamerica-2026\/"]}]},{"@type":"ImageObject","inLanguage":"es","@id":"https:\/\/diazreus.com\/es\/diaz-reus-colombia-reconocida-por-the-legal-500-latinoamerica-2026\/#primaryimage","url":"https:\/\/diazreus.com\/wp-content\/uploads\/2025\/10\/Untitled-41.jpeg","contentUrl":"https:\/\/diazreus.com\/wp-content\/uploads\/2025\/10\/Untitled-41.jpeg","width":960,"height":640},{"@type":"BreadcrumbList","@id":"https:\/\/diazreus.com\/es\/diaz-reus-colombia-reconocida-por-the-legal-500-latinoamerica-2026\/#breadcrumb","itemListElement":[{"@type":"ListItem","position":1,"name":"Home","item":"https:\/\/diazreus.com\/es\/home-espanol\/"},{"@type":"ListItem","position":2,"name":"Diaz Reus Colombia reconocida por The Legal 500 Latinoam\u00e9rica 2026"}]},{"@type":"WebSite","@id":"https:\/\/diazreus.com\/es\/#website","url":"https:\/\/diazreus.com\/es\/","name":"Diaz Reus","description":"","potentialAction":[{"@type":"SearchAction","target":{"@type":"EntryPoint","urlTemplate":"https:\/\/diazreus.com\/es\/?s={search_term_string}"},"query-input":{"@type":"PropertyValueSpecification","valueRequired":true,"valueName":"search_term_string"}}],"inLanguage":"es"},{"@type":"Person","@id":"https:\/\/diazreus.com\/es\/#\/schema\/person\/ac819f404d59c9664cc3132d90054303","name":"mbattier@diazreus.com","url":"https:\/\/diazreus.com\/es\/author\/mbattierdiazreus-com\/"}]}},"_links":{"self":[{"href":"https:\/\/diazreus.com\/es\/wp-json\/wp\/v2\/posts\/24994","targetHints":{"allow":["GET"]}}],"collection":[{"href":"https:\/\/diazreus.com\/es\/wp-json\/wp\/v2\/posts"}],"about":[{"href":"https:\/\/diazreus.com\/es\/wp-json\/wp\/v2\/types\/post"}],"author":[{"embeddable":true,"href":"https:\/\/diazreus.com\/es\/wp-json\/wp\/v2\/users\/5"}],"replies":[{"embeddable":true,"href":"https:\/\/diazreus.com\/es\/wp-json\/wp\/v2\/comments?post=24994"}],"version-history":[{"count":2,"href":"https:\/\/diazreus.com\/es\/wp-json\/wp\/v2\/posts\/24994\/revisions"}],"predecessor-version":[{"id":25129,"href":"https:\/\/diazreus.com\/es\/wp-json\/wp\/v2\/posts\/24994\/revisions\/25129"}],"wp:featuredmedia":[{"embeddable":true,"href":"https:\/\/diazreus.com\/es\/wp-json\/wp\/v2\/media\/24992"}],"wp:attachment":[{"href":"https:\/\/diazreus.com\/es\/wp-json\/wp\/v2\/media?parent=24994"}],"wp:term":[{"taxonomy":"category","embeddable":true,"href":"https:\/\/diazreus.com\/es\/wp-json\/wp\/v2\/categories?post=24994"},{"taxonomy":"post_tag","embeddable":true,"href":"https:\/\/diazreus.com\/es\/wp-json\/wp\/v2\/tags?post=24994"}],"curies":[{"name":"wp","href":"https:\/\/api.w.org\/{rel}","templated":true}]}}