{"id":24980,"date":"2025-10-28T17:03:02","date_gmt":"2025-10-28T17:03:02","guid":{"rendered":"https:\/\/diazreus.com\/?p=24980"},"modified":"2025-10-28T17:03:02","modified_gmt":"2025-10-28T17:03:02","slug":"diaz-reus-international-participo-en-conferencia-de-investigaciones-y-anticorrupcion-en-brasil","status":"publish","type":"post","link":"https:\/\/diazreus.com\/es\/diaz-reus-international-participo-en-conferencia-de-investigaciones-y-anticorrupcion-en-brasil\/","title":{"rendered":"Diaz Reus International particip\u00f3 en Conferencia de Investigaciones y Anticorrupci\u00f3n en Brasil"},"content":{"rendered":"<p>La firma de abogados Diaz Reus International particip\u00f3 en la Conferencia de Investigaciones y Anticorrupci\u00f3n de Latin Lawyer y GIR, realizada en Sao Paulo, Brasil.<\/p>\n<p>En la conferencia se toc\u00f3 el tema sobre el cumplimiento de la aplicaci\u00f3n penal y regulatoria en Brasil y Estados Unidos.<br \/>\nEn dicho evento participaron los fiscales brasile\u00f1os Nat\u00e1lia Camba Martins, Fiscal Federal, Fiscal\u00eda General de la Rep\u00fablica (AGU), Beatriz Lopes de Oliveira, Fiscal del Estado de S\u00e3o Paulo, Minist\u00e9rio P\u00fablico do Estado de S\u00e3o Paulo, Marcos Lindenmayer, Inspector General del Estado de S\u00e3o Paulo, Controladoria Geral do Estado de S\u00e3o Paulo y Marcelo Pontes Vianna, Secretario de Integridad del Sector Privado, Contralor\u00eda General de la Rep\u00fablica (CGU), entre otro.<\/p>\n<p>Por parte de la firma Diaz Reus Intenational estuvo presente <a href=\"https:\/\/diazreus.com\/es\/people\/martha-araujo-hager\/\">Martha Hager<\/a>.<\/p>\n<p><a href=\"https:\/\/www.vidayexito.net\/negocios\/diaz-reus-international-participo-en-conferencia-de-investigaciones-y-anticorrupcion-en-brasil\/\">LEER M\u00c1S<\/a><\/p>\n","protected":false},"excerpt":{"rendered":"<p>La firma de abogados Diaz Reus International particip\u00f3 en la Conferencia de Investigaciones y Anticorrupci\u00f3n de Latin Lawyer y GIR, realizada en Sao Paulo, Brasil. En la conferencia se toc\u00f3 el tema sobre el cumplimiento de la aplicaci\u00f3n penal y regulatoria en Brasil y Estados Unidos. En dicho evento participaron los fiscales brasile\u00f1os Nat\u00e1lia Camba Martins, Fiscal Federal, Fiscal\u00eda General &#8230; <a href=\"https:\/\/diazreus.com\/es\/diaz-reus-international-participo-en-conferencia-de-investigaciones-y-anticorrupcion-en-brasil\/\" class=\"more-link\">Read More<\/a><\/p>\n","protected":false},"author":5,"featured_media":20683,"comment_status":"closed","ping_status":"open","sticky":false,"template":"","format":"standard","meta":{"_acf_changed":false,"rs_blank_template":"","rs_page_bg_color":"","slide_template_v7":"","inline_featured_image":false,"footnotes":""},"categories":[870,550],"tags":[],"class_list":["post-24980","post","type-post","status-publish","format-standard","has-post-thumbnail","hentry","category-news-events","category-eventos"],"acf":[],"yoast_head":"<!-- This site is optimized with the Yoast SEO plugin v27.5 - https:\/\/yoast.com\/product\/yoast-seo-wordpress\/ -->\n<title>Diaz Reus International particip\u00f3 en Conferencia de Investigaciones y Anticorrupci\u00f3n en Brasil - Diaz Reus<\/title>\n<meta name=\"robots\" content=\"index, follow, max-snippet:-1, max-image-preview:large, max-video-preview:-1\" \/>\n<link rel=\"canonical\" href=\"https:\/\/diazreus.com\/es\/diaz-reus-international-participo-en-conferencia-de-investigaciones-y-anticorrupcion-en-brasil\/\" \/>\n<meta property=\"og:locale\" content=\"es_ES\" \/>\n<meta property=\"og:type\" content=\"article\" \/>\n<meta property=\"og:title\" content=\"Diaz Reus International particip\u00f3 en Conferencia de Investigaciones y Anticorrupci\u00f3n en Brasil - Diaz Reus\" \/>\n<meta property=\"og:description\" content=\"La firma de abogados Diaz Reus International particip\u00f3 en la Conferencia de Investigaciones y Anticorrupci\u00f3n de Latin Lawyer y GIR, realizada en Sao Paulo, Brasil. En la conferencia se toc\u00f3 el tema sobre el cumplimiento de la aplicaci\u00f3n penal y regulatoria en Brasil y Estados Unidos. En dicho evento participaron los fiscales brasile\u00f1os Nat\u00e1lia Camba Martins, Fiscal Federal, Fiscal\u00eda General ... Read More\" \/>\n<meta property=\"og:url\" content=\"https:\/\/diazreus.com\/es\/diaz-reus-international-participo-en-conferencia-de-investigaciones-y-anticorrupcion-en-brasil\/\" \/>\n<meta property=\"og:site_name\" content=\"Diaz Reus\" \/>\n<meta property=\"article:published_time\" content=\"2025-10-28T17:03:02+00:00\" \/>\n<meta property=\"og:image\" content=\"https:\/\/diazreus.com\/wp-content\/uploads\/2023\/01\/vida-y-exito-1.jpg\" \/>\n\t<meta property=\"og:image:width\" content=\"960\" \/>\n\t<meta property=\"og:image:height\" content=\"640\" \/>\n\t<meta property=\"og:image:type\" content=\"image\/jpeg\" \/>\n<meta name=\"author\" content=\"mbattier@diazreus.com\" \/>\n<meta name=\"twitter:card\" content=\"summary_large_image\" \/>\n<meta name=\"twitter:label1\" content=\"Escrito por\" \/>\n\t<meta name=\"twitter:data1\" content=\"mbattier@diazreus.com\" \/>\n\t<meta name=\"twitter:label2\" content=\"Tiempo de lectura\" \/>\n\t<meta name=\"twitter:data2\" content=\"1 minuto\" \/>\n<script type=\"application\/ld+json\" class=\"yoast-schema-graph\">{\"@context\":\"https:\\\/\\\/schema.org\",\"@graph\":[{\"@type\":\"Article\",\"@id\":\"https:\\\/\\\/diazreus.com\\\/es\\\/diaz-reus-international-participo-en-conferencia-de-investigaciones-y-anticorrupcion-en-brasil\\\/#article\",\"isPartOf\":{\"@id\":\"https:\\\/\\\/diazreus.com\\\/es\\\/diaz-reus-international-participo-en-conferencia-de-investigaciones-y-anticorrupcion-en-brasil\\\/\"},\"author\":{\"name\":\"mbattier@diazreus.com\",\"@id\":\"https:\\\/\\\/diazreus.com\\\/es\\\/#\\\/schema\\\/person\\\/ac819f404d59c9664cc3132d90054303\"},\"headline\":\"Diaz Reus International particip\u00f3 en Conferencia de Investigaciones y Anticorrupci\u00f3n en Brasil\",\"datePublished\":\"2025-10-28T17:03:02+00:00\",\"mainEntityOfPage\":{\"@id\":\"https:\\\/\\\/diazreus.com\\\/es\\\/diaz-reus-international-participo-en-conferencia-de-investigaciones-y-anticorrupcion-en-brasil\\\/\"},\"wordCount\":157,\"image\":{\"@id\":\"https:\\\/\\\/diazreus.com\\\/es\\\/diaz-reus-international-participo-en-conferencia-de-investigaciones-y-anticorrupcion-en-brasil\\\/#primaryimage\"},\"thumbnailUrl\":\"https:\\\/\\\/diazreus.com\\\/wp-content\\\/uploads\\\/2023\\\/01\\\/vida-y-exito-1.jpg\",\"articleSection\":[\"News &amp; Events\",\"Eventos\"],\"inLanguage\":\"es\"},{\"@type\":\"WebPage\",\"@id\":\"https:\\\/\\\/diazreus.com\\\/es\\\/diaz-reus-international-participo-en-conferencia-de-investigaciones-y-anticorrupcion-en-brasil\\\/\",\"url\":\"https:\\\/\\\/diazreus.com\\\/es\\\/diaz-reus-international-participo-en-conferencia-de-investigaciones-y-anticorrupcion-en-brasil\\\/\",\"name\":\"Diaz Reus International particip\u00f3 en Conferencia de Investigaciones y Anticorrupci\u00f3n en Brasil - Diaz Reus\",\"isPartOf\":{\"@id\":\"https:\\\/\\\/diazreus.com\\\/es\\\/#website\"},\"primaryImageOfPage\":{\"@id\":\"https:\\\/\\\/diazreus.com\\\/es\\\/diaz-reus-international-participo-en-conferencia-de-investigaciones-y-anticorrupcion-en-brasil\\\/#primaryimage\"},\"image\":{\"@id\":\"https:\\\/\\\/diazreus.com\\\/es\\\/diaz-reus-international-participo-en-conferencia-de-investigaciones-y-anticorrupcion-en-brasil\\\/#primaryimage\"},\"thumbnailUrl\":\"https:\\\/\\\/diazreus.com\\\/wp-content\\\/uploads\\\/2023\\\/01\\\/vida-y-exito-1.jpg\",\"datePublished\":\"2025-10-28T17:03:02+00:00\",\"author\":{\"@id\":\"https:\\\/\\\/diazreus.com\\\/es\\\/#\\\/schema\\\/person\\\/ac819f404d59c9664cc3132d90054303\"},\"breadcrumb\":{\"@id\":\"https:\\\/\\\/diazreus.com\\\/es\\\/diaz-reus-international-participo-en-conferencia-de-investigaciones-y-anticorrupcion-en-brasil\\\/#breadcrumb\"},\"inLanguage\":\"es\",\"potentialAction\":[{\"@type\":\"ReadAction\",\"target\":[\"https:\\\/\\\/diazreus.com\\\/es\\\/diaz-reus-international-participo-en-conferencia-de-investigaciones-y-anticorrupcion-en-brasil\\\/\"]}]},{\"@type\":\"ImageObject\",\"inLanguage\":\"es\",\"@id\":\"https:\\\/\\\/diazreus.com\\\/es\\\/diaz-reus-international-participo-en-conferencia-de-investigaciones-y-anticorrupcion-en-brasil\\\/#primaryimage\",\"url\":\"https:\\\/\\\/diazreus.com\\\/wp-content\\\/uploads\\\/2023\\\/01\\\/vida-y-exito-1.jpg\",\"contentUrl\":\"https:\\\/\\\/diazreus.com\\\/wp-content\\\/uploads\\\/2023\\\/01\\\/vida-y-exito-1.jpg\",\"width\":960,\"height\":640},{\"@type\":\"BreadcrumbList\",\"@id\":\"https:\\\/\\\/diazreus.com\\\/es\\\/diaz-reus-international-participo-en-conferencia-de-investigaciones-y-anticorrupcion-en-brasil\\\/#breadcrumb\",\"itemListElement\":[{\"@type\":\"ListItem\",\"position\":1,\"name\":\"Home\",\"item\":\"https:\\\/\\\/diazreus.com\\\/es\\\/home-espanol\\\/\"},{\"@type\":\"ListItem\",\"position\":2,\"name\":\"Diaz Reus International particip\u00f3 en Conferencia de Investigaciones y Anticorrupci\u00f3n en Brasil\"}]},{\"@type\":\"WebSite\",\"@id\":\"https:\\\/\\\/diazreus.com\\\/es\\\/#website\",\"url\":\"https:\\\/\\\/diazreus.com\\\/es\\\/\",\"name\":\"Diaz Reus\",\"description\":\"\",\"potentialAction\":[{\"@type\":\"SearchAction\",\"target\":{\"@type\":\"EntryPoint\",\"urlTemplate\":\"https:\\\/\\\/diazreus.com\\\/es\\\/?s={search_term_string}\"},\"query-input\":{\"@type\":\"PropertyValueSpecification\",\"valueRequired\":true,\"valueName\":\"search_term_string\"}}],\"inLanguage\":\"es\"},{\"@type\":\"Person\",\"@id\":\"https:\\\/\\\/diazreus.com\\\/es\\\/#\\\/schema\\\/person\\\/ac819f404d59c9664cc3132d90054303\",\"name\":\"mbattier@diazreus.com\",\"url\":\"https:\\\/\\\/diazreus.com\\\/es\\\/author\\\/mbattierdiazreus-com\\\/\"}]}<\/script>\n<!-- \/ Yoast SEO plugin. -->","yoast_head_json":{"title":"Diaz Reus International particip\u00f3 en Conferencia de Investigaciones y Anticorrupci\u00f3n en Brasil - Diaz Reus","robots":{"index":"index","follow":"follow","max-snippet":"max-snippet:-1","max-image-preview":"max-image-preview:large","max-video-preview":"max-video-preview:-1"},"canonical":"https:\/\/diazreus.com\/es\/diaz-reus-international-participo-en-conferencia-de-investigaciones-y-anticorrupcion-en-brasil\/","og_locale":"es_ES","og_type":"article","og_title":"Diaz Reus International particip\u00f3 en Conferencia de Investigaciones y Anticorrupci\u00f3n en Brasil - Diaz Reus","og_description":"La firma de abogados Diaz Reus International particip\u00f3 en la Conferencia de Investigaciones y Anticorrupci\u00f3n de Latin Lawyer y GIR, realizada en Sao Paulo, Brasil. En la conferencia se toc\u00f3 el tema sobre el cumplimiento de la aplicaci\u00f3n penal y regulatoria en Brasil y Estados Unidos. En dicho evento participaron los fiscales brasile\u00f1os Nat\u00e1lia Camba Martins, Fiscal Federal, Fiscal\u00eda General ... Read More","og_url":"https:\/\/diazreus.com\/es\/diaz-reus-international-participo-en-conferencia-de-investigaciones-y-anticorrupcion-en-brasil\/","og_site_name":"Diaz Reus","article_published_time":"2025-10-28T17:03:02+00:00","og_image":[{"width":960,"height":640,"url":"https:\/\/diazreus.com\/wp-content\/uploads\/2023\/01\/vida-y-exito-1.jpg","type":"image\/jpeg"}],"author":"mbattier@diazreus.com","twitter_card":"summary_large_image","twitter_misc":{"Escrito por":"mbattier@diazreus.com","Tiempo de lectura":"1 minuto"},"schema":{"@context":"https:\/\/schema.org","@graph":[{"@type":"Article","@id":"https:\/\/diazreus.com\/es\/diaz-reus-international-participo-en-conferencia-de-investigaciones-y-anticorrupcion-en-brasil\/#article","isPartOf":{"@id":"https:\/\/diazreus.com\/es\/diaz-reus-international-participo-en-conferencia-de-investigaciones-y-anticorrupcion-en-brasil\/"},"author":{"name":"mbattier@diazreus.com","@id":"https:\/\/diazreus.com\/es\/#\/schema\/person\/ac819f404d59c9664cc3132d90054303"},"headline":"Diaz Reus International particip\u00f3 en Conferencia de Investigaciones y Anticorrupci\u00f3n en Brasil","datePublished":"2025-10-28T17:03:02+00:00","mainEntityOfPage":{"@id":"https:\/\/diazreus.com\/es\/diaz-reus-international-participo-en-conferencia-de-investigaciones-y-anticorrupcion-en-brasil\/"},"wordCount":157,"image":{"@id":"https:\/\/diazreus.com\/es\/diaz-reus-international-participo-en-conferencia-de-investigaciones-y-anticorrupcion-en-brasil\/#primaryimage"},"thumbnailUrl":"https:\/\/diazreus.com\/wp-content\/uploads\/2023\/01\/vida-y-exito-1.jpg","articleSection":["News &amp; Events","Eventos"],"inLanguage":"es"},{"@type":"WebPage","@id":"https:\/\/diazreus.com\/es\/diaz-reus-international-participo-en-conferencia-de-investigaciones-y-anticorrupcion-en-brasil\/","url":"https:\/\/diazreus.com\/es\/diaz-reus-international-participo-en-conferencia-de-investigaciones-y-anticorrupcion-en-brasil\/","name":"Diaz Reus International particip\u00f3 en Conferencia de Investigaciones y Anticorrupci\u00f3n en Brasil - Diaz Reus","isPartOf":{"@id":"https:\/\/diazreus.com\/es\/#website"},"primaryImageOfPage":{"@id":"https:\/\/diazreus.com\/es\/diaz-reus-international-participo-en-conferencia-de-investigaciones-y-anticorrupcion-en-brasil\/#primaryimage"},"image":{"@id":"https:\/\/diazreus.com\/es\/diaz-reus-international-participo-en-conferencia-de-investigaciones-y-anticorrupcion-en-brasil\/#primaryimage"},"thumbnailUrl":"https:\/\/diazreus.com\/wp-content\/uploads\/2023\/01\/vida-y-exito-1.jpg","datePublished":"2025-10-28T17:03:02+00:00","author":{"@id":"https:\/\/diazreus.com\/es\/#\/schema\/person\/ac819f404d59c9664cc3132d90054303"},"breadcrumb":{"@id":"https:\/\/diazreus.com\/es\/diaz-reus-international-participo-en-conferencia-de-investigaciones-y-anticorrupcion-en-brasil\/#breadcrumb"},"inLanguage":"es","potentialAction":[{"@type":"ReadAction","target":["https:\/\/diazreus.com\/es\/diaz-reus-international-participo-en-conferencia-de-investigaciones-y-anticorrupcion-en-brasil\/"]}]},{"@type":"ImageObject","inLanguage":"es","@id":"https:\/\/diazreus.com\/es\/diaz-reus-international-participo-en-conferencia-de-investigaciones-y-anticorrupcion-en-brasil\/#primaryimage","url":"https:\/\/diazreus.com\/wp-content\/uploads\/2023\/01\/vida-y-exito-1.jpg","contentUrl":"https:\/\/diazreus.com\/wp-content\/uploads\/2023\/01\/vida-y-exito-1.jpg","width":960,"height":640},{"@type":"BreadcrumbList","@id":"https:\/\/diazreus.com\/es\/diaz-reus-international-participo-en-conferencia-de-investigaciones-y-anticorrupcion-en-brasil\/#breadcrumb","itemListElement":[{"@type":"ListItem","position":1,"name":"Home","item":"https:\/\/diazreus.com\/es\/home-espanol\/"},{"@type":"ListItem","position":2,"name":"Diaz Reus International particip\u00f3 en Conferencia de Investigaciones y Anticorrupci\u00f3n en Brasil"}]},{"@type":"WebSite","@id":"https:\/\/diazreus.com\/es\/#website","url":"https:\/\/diazreus.com\/es\/","name":"Diaz Reus","description":"","potentialAction":[{"@type":"SearchAction","target":{"@type":"EntryPoint","urlTemplate":"https:\/\/diazreus.com\/es\/?s={search_term_string}"},"query-input":{"@type":"PropertyValueSpecification","valueRequired":true,"valueName":"search_term_string"}}],"inLanguage":"es"},{"@type":"Person","@id":"https:\/\/diazreus.com\/es\/#\/schema\/person\/ac819f404d59c9664cc3132d90054303","name":"mbattier@diazreus.com","url":"https:\/\/diazreus.com\/es\/author\/mbattierdiazreus-com\/"}]}},"_links":{"self":[{"href":"https:\/\/diazreus.com\/es\/wp-json\/wp\/v2\/posts\/24980","targetHints":{"allow":["GET"]}}],"collection":[{"href":"https:\/\/diazreus.com\/es\/wp-json\/wp\/v2\/posts"}],"about":[{"href":"https:\/\/diazreus.com\/es\/wp-json\/wp\/v2\/types\/post"}],"author":[{"embeddable":true,"href":"https:\/\/diazreus.com\/es\/wp-json\/wp\/v2\/users\/5"}],"replies":[{"embeddable":true,"href":"https:\/\/diazreus.com\/es\/wp-json\/wp\/v2\/comments?post=24980"}],"version-history":[{"count":1,"href":"https:\/\/diazreus.com\/es\/wp-json\/wp\/v2\/posts\/24980\/revisions"}],"predecessor-version":[{"id":24981,"href":"https:\/\/diazreus.com\/es\/wp-json\/wp\/v2\/posts\/24980\/revisions\/24981"}],"wp:featuredmedia":[{"embeddable":true,"href":"https:\/\/diazreus.com\/es\/wp-json\/wp\/v2\/media\/20683"}],"wp:attachment":[{"href":"https:\/\/diazreus.com\/es\/wp-json\/wp\/v2\/media?parent=24980"}],"wp:term":[{"taxonomy":"category","embeddable":true,"href":"https:\/\/diazreus.com\/es\/wp-json\/wp\/v2\/categories?post=24980"},{"taxonomy":"post_tag","embeddable":true,"href":"https:\/\/diazreus.com\/es\/wp-json\/wp\/v2\/tags?post=24980"}],"curies":[{"name":"wp","href":"https:\/\/api.w.org\/{rel}","templated":true}]}}