{"id":24973,"date":"2025-10-27T15:21:34","date_gmt":"2025-10-27T15:21:34","guid":{"rendered":"https:\/\/diazreus.com\/?p=24973"},"modified":"2025-10-27T15:21:34","modified_gmt":"2025-10-27T15:21:34","slug":"bancos-da-colombia-devem-seguir-sancoes-contra-petro-diz-advogado","status":"publish","type":"post","link":"https:\/\/diazreus.com\/es\/bancos-da-colombia-devem-seguir-sancoes-contra-petro-diz-advogado\/","title":{"rendered":"Bancos da Col\u00f4mbia devem seguir san\u00e7\u00f5es contra Petro, diz advogado&#8230;"},"content":{"rendered":"<p>Hadass Leventhal de Bras\u00edlia 27.out.2025 (segunda-feira) &#8211;<br \/>\n O presidente da Col\u00f4mbia, Gustavo Petro (Col\u00f4mbia Humana, esquerda), foi sancionado pelo governo dos Estados Unidos na 6\u00aa feira (24.out.2025). A medida foi divulgada pelo Departamento do Tesouro norte-americano e inclui o congelamento de eventuais bens sob jurisdi\u00e7\u00e3o dos EUA e restri\u00e7\u00e3o a transa\u00e7\u00f5es financeiras internacionais. <\/p>\n<p>Para o advogado <a href=\"https:\/\/diazreus.com\/es\/people\/javier-coronado-diaz-2\/\">Javier Coronado Diaz<\/a>, especializado em casos de san\u00e7\u00f5es internacionais, as institui\u00e7\u00f5es financeiras colombianas devem cumprir com as ordens dos EUA: \u201cA posi\u00e7\u00e3o do governo dos EUA \u00e9 que pessoas estrangeiras, como os bancos colombianos, tamb\u00e9m s\u00e3o obrigadas a cumprir as san\u00e7\u00f5es\u201d. \u201cEmbora n\u00e3o sejam pessoas norte-americanas, os bancos colombianos entendem que podem enfrentar consequ\u00eancias legais significativas se n\u00e3o cumprirem as san\u00e7\u00f5es do OFAC\u201d, afirmou Diaz ao Poder360&#8230;.<\/p>\n<p><a href=\"https:\/\/www.poder360.com.br\/poder-internacional\/bancos-da-colombia-devem-seguir-sancoes-contra-petro-diz-advogado\/\">Leia mais no texto original<\/a>:<\/p>\n","protected":false},"excerpt":{"rendered":"<p>Hadass Leventhal de Bras\u00edlia 27.out.2025 (segunda-feira) &#8211; O presidente da Col\u00f4mbia, Gustavo Petro (Col\u00f4mbia Humana, esquerda), foi sancionado pelo governo dos Estados Unidos na 6\u00aa feira (24.out.2025). A medida foi divulgada pelo Departamento do Tesouro norte-americano e inclui o congelamento de eventuais bens sob jurisdi\u00e7\u00e3o dos EUA e restri\u00e7\u00e3o a transa\u00e7\u00f5es financeiras internacionais. Para o advogado Javier Coronado Diaz, especializado &#8230; <a href=\"https:\/\/diazreus.com\/es\/bancos-da-colombia-devem-seguir-sancoes-contra-petro-diz-advogado\/\" class=\"more-link\">Read More<\/a><\/p>\n","protected":false},"author":5,"featured_media":24967,"comment_status":"closed","ping_status":"open","sticky":false,"template":"","format":"standard","meta":{"_acf_changed":false,"rs_blank_template":"","rs_page_bg_color":"","slide_template_v7":"","inline_featured_image":false,"footnotes":""},"categories":[872,231],"tags":[],"class_list":["post-24973","post","type-post","status-publish","format-standard","has-post-thumbnail","hentry","category-articles-publications","category-articulos"],"acf":[],"yoast_head":"<!-- This site is optimized with the Yoast SEO plugin v27.5 - https:\/\/yoast.com\/product\/yoast-seo-wordpress\/ -->\n<title>Bancos da Col\u00f4mbia devem seguir san\u00e7\u00f5es contra Petro, diz advogado... - Diaz Reus<\/title>\n<meta name=\"robots\" content=\"index, follow, max-snippet:-1, max-image-preview:large, max-video-preview:-1\" \/>\n<link rel=\"canonical\" href=\"https:\/\/diazreus.com\/es\/bancos-da-colombia-devem-seguir-sancoes-contra-petro-diz-advogado\/\" \/>\n<meta property=\"og:locale\" content=\"es_ES\" \/>\n<meta property=\"og:type\" content=\"article\" \/>\n<meta property=\"og:title\" content=\"Bancos da Col\u00f4mbia devem seguir san\u00e7\u00f5es contra Petro, diz advogado... - Diaz Reus\" \/>\n<meta property=\"og:description\" content=\"Hadass Leventhal de Bras\u00edlia 27.out.2025 (segunda-feira) &#8211; O presidente da Col\u00f4mbia, Gustavo Petro (Col\u00f4mbia Humana, esquerda), foi sancionado pelo governo dos Estados Unidos na 6\u00aa feira (24.out.2025). A medida foi divulgada pelo Departamento do Tesouro norte-americano e inclui o congelamento de eventuais bens sob jurisdi\u00e7\u00e3o dos EUA e restri\u00e7\u00e3o a transa\u00e7\u00f5es financeiras internacionais. Para o advogado Javier Coronado Diaz, especializado ... Read More\" \/>\n<meta property=\"og:url\" content=\"https:\/\/diazreus.com\/es\/bancos-da-colombia-devem-seguir-sancoes-contra-petro-diz-advogado\/\" \/>\n<meta property=\"og:site_name\" content=\"Diaz Reus\" \/>\n<meta property=\"article:published_time\" content=\"2025-10-27T15:21:34+00:00\" \/>\n<meta property=\"og:image\" content=\"https:\/\/diazreus.com\/wp-content\/uploads\/2025\/10\/Untitled-40.jpeg\" \/>\n\t<meta property=\"og:image:width\" content=\"960\" \/>\n\t<meta property=\"og:image:height\" content=\"640\" \/>\n\t<meta property=\"og:image:type\" content=\"image\/jpeg\" \/>\n<meta name=\"author\" content=\"mbattier@diazreus.com\" \/>\n<meta name=\"twitter:card\" content=\"summary_large_image\" \/>\n<meta name=\"twitter:label1\" content=\"Escrito por\" \/>\n\t<meta name=\"twitter:data1\" content=\"mbattier@diazreus.com\" \/>\n\t<meta name=\"twitter:label2\" content=\"Tiempo de lectura\" \/>\n\t<meta name=\"twitter:data2\" content=\"1 minuto\" \/>\n<script type=\"application\/ld+json\" class=\"yoast-schema-graph\">{\"@context\":\"https:\\\/\\\/schema.org\",\"@graph\":[{\"@type\":\"Article\",\"@id\":\"https:\\\/\\\/diazreus.com\\\/es\\\/bancos-da-colombia-devem-seguir-sancoes-contra-petro-diz-advogado\\\/#article\",\"isPartOf\":{\"@id\":\"https:\\\/\\\/diazreus.com\\\/es\\\/bancos-da-colombia-devem-seguir-sancoes-contra-petro-diz-advogado\\\/\"},\"author\":{\"name\":\"mbattier@diazreus.com\",\"@id\":\"https:\\\/\\\/diazreus.com\\\/es\\\/#\\\/schema\\\/person\\\/ac819f404d59c9664cc3132d90054303\"},\"headline\":\"Bancos da Col\u00f4mbia devem seguir san\u00e7\u00f5es contra Petro, diz advogado&#8230;\",\"datePublished\":\"2025-10-27T15:21:34+00:00\",\"mainEntityOfPage\":{\"@id\":\"https:\\\/\\\/diazreus.com\\\/es\\\/bancos-da-colombia-devem-seguir-sancoes-contra-petro-diz-advogado\\\/\"},\"wordCount\":154,\"image\":{\"@id\":\"https:\\\/\\\/diazreus.com\\\/es\\\/bancos-da-colombia-devem-seguir-sancoes-contra-petro-diz-advogado\\\/#primaryimage\"},\"thumbnailUrl\":\"https:\\\/\\\/diazreus.com\\\/wp-content\\\/uploads\\\/2025\\\/10\\\/Untitled-40.jpeg\",\"articleSection\":[\"Articles &amp; Publications\",\"Art\u00edculos\"],\"inLanguage\":\"es\"},{\"@type\":\"WebPage\",\"@id\":\"https:\\\/\\\/diazreus.com\\\/es\\\/bancos-da-colombia-devem-seguir-sancoes-contra-petro-diz-advogado\\\/\",\"url\":\"https:\\\/\\\/diazreus.com\\\/es\\\/bancos-da-colombia-devem-seguir-sancoes-contra-petro-diz-advogado\\\/\",\"name\":\"Bancos da Col\u00f4mbia devem seguir san\u00e7\u00f5es contra Petro, diz advogado... - Diaz Reus\",\"isPartOf\":{\"@id\":\"https:\\\/\\\/diazreus.com\\\/es\\\/#website\"},\"primaryImageOfPage\":{\"@id\":\"https:\\\/\\\/diazreus.com\\\/es\\\/bancos-da-colombia-devem-seguir-sancoes-contra-petro-diz-advogado\\\/#primaryimage\"},\"image\":{\"@id\":\"https:\\\/\\\/diazreus.com\\\/es\\\/bancos-da-colombia-devem-seguir-sancoes-contra-petro-diz-advogado\\\/#primaryimage\"},\"thumbnailUrl\":\"https:\\\/\\\/diazreus.com\\\/wp-content\\\/uploads\\\/2025\\\/10\\\/Untitled-40.jpeg\",\"datePublished\":\"2025-10-27T15:21:34+00:00\",\"author\":{\"@id\":\"https:\\\/\\\/diazreus.com\\\/es\\\/#\\\/schema\\\/person\\\/ac819f404d59c9664cc3132d90054303\"},\"breadcrumb\":{\"@id\":\"https:\\\/\\\/diazreus.com\\\/es\\\/bancos-da-colombia-devem-seguir-sancoes-contra-petro-diz-advogado\\\/#breadcrumb\"},\"inLanguage\":\"es\",\"potentialAction\":[{\"@type\":\"ReadAction\",\"target\":[\"https:\\\/\\\/diazreus.com\\\/es\\\/bancos-da-colombia-devem-seguir-sancoes-contra-petro-diz-advogado\\\/\"]}]},{\"@type\":\"ImageObject\",\"inLanguage\":\"es\",\"@id\":\"https:\\\/\\\/diazreus.com\\\/es\\\/bancos-da-colombia-devem-seguir-sancoes-contra-petro-diz-advogado\\\/#primaryimage\",\"url\":\"https:\\\/\\\/diazreus.com\\\/wp-content\\\/uploads\\\/2025\\\/10\\\/Untitled-40.jpeg\",\"contentUrl\":\"https:\\\/\\\/diazreus.com\\\/wp-content\\\/uploads\\\/2025\\\/10\\\/Untitled-40.jpeg\",\"width\":960,\"height\":640},{\"@type\":\"BreadcrumbList\",\"@id\":\"https:\\\/\\\/diazreus.com\\\/es\\\/bancos-da-colombia-devem-seguir-sancoes-contra-petro-diz-advogado\\\/#breadcrumb\",\"itemListElement\":[{\"@type\":\"ListItem\",\"position\":1,\"name\":\"Home\",\"item\":\"https:\\\/\\\/diazreus.com\\\/es\\\/home-espanol\\\/\"},{\"@type\":\"ListItem\",\"position\":2,\"name\":\"Bancos da Col\u00f4mbia devem seguir san\u00e7\u00f5es contra Petro, diz advogado&#8230;\"}]},{\"@type\":\"WebSite\",\"@id\":\"https:\\\/\\\/diazreus.com\\\/es\\\/#website\",\"url\":\"https:\\\/\\\/diazreus.com\\\/es\\\/\",\"name\":\"Diaz Reus\",\"description\":\"\",\"potentialAction\":[{\"@type\":\"SearchAction\",\"target\":{\"@type\":\"EntryPoint\",\"urlTemplate\":\"https:\\\/\\\/diazreus.com\\\/es\\\/?s={search_term_string}\"},\"query-input\":{\"@type\":\"PropertyValueSpecification\",\"valueRequired\":true,\"valueName\":\"search_term_string\"}}],\"inLanguage\":\"es\"},{\"@type\":\"Person\",\"@id\":\"https:\\\/\\\/diazreus.com\\\/es\\\/#\\\/schema\\\/person\\\/ac819f404d59c9664cc3132d90054303\",\"name\":\"mbattier@diazreus.com\",\"url\":\"https:\\\/\\\/diazreus.com\\\/es\\\/author\\\/mbattierdiazreus-com\\\/\"}]}<\/script>\n<!-- \/ Yoast SEO plugin. -->","yoast_head_json":{"title":"Bancos da Col\u00f4mbia devem seguir san\u00e7\u00f5es contra Petro, diz advogado... - Diaz Reus","robots":{"index":"index","follow":"follow","max-snippet":"max-snippet:-1","max-image-preview":"max-image-preview:large","max-video-preview":"max-video-preview:-1"},"canonical":"https:\/\/diazreus.com\/es\/bancos-da-colombia-devem-seguir-sancoes-contra-petro-diz-advogado\/","og_locale":"es_ES","og_type":"article","og_title":"Bancos da Col\u00f4mbia devem seguir san\u00e7\u00f5es contra Petro, diz advogado... - Diaz Reus","og_description":"Hadass Leventhal de Bras\u00edlia 27.out.2025 (segunda-feira) &#8211; O presidente da Col\u00f4mbia, Gustavo Petro (Col\u00f4mbia Humana, esquerda), foi sancionado pelo governo dos Estados Unidos na 6\u00aa feira (24.out.2025). A medida foi divulgada pelo Departamento do Tesouro norte-americano e inclui o congelamento de eventuais bens sob jurisdi\u00e7\u00e3o dos EUA e restri\u00e7\u00e3o a transa\u00e7\u00f5es financeiras internacionais. Para o advogado Javier Coronado Diaz, especializado ... Read More","og_url":"https:\/\/diazreus.com\/es\/bancos-da-colombia-devem-seguir-sancoes-contra-petro-diz-advogado\/","og_site_name":"Diaz Reus","article_published_time":"2025-10-27T15:21:34+00:00","og_image":[{"width":960,"height":640,"url":"https:\/\/diazreus.com\/wp-content\/uploads\/2025\/10\/Untitled-40.jpeg","type":"image\/jpeg"}],"author":"mbattier@diazreus.com","twitter_card":"summary_large_image","twitter_misc":{"Escrito por":"mbattier@diazreus.com","Tiempo de lectura":"1 minuto"},"schema":{"@context":"https:\/\/schema.org","@graph":[{"@type":"Article","@id":"https:\/\/diazreus.com\/es\/bancos-da-colombia-devem-seguir-sancoes-contra-petro-diz-advogado\/#article","isPartOf":{"@id":"https:\/\/diazreus.com\/es\/bancos-da-colombia-devem-seguir-sancoes-contra-petro-diz-advogado\/"},"author":{"name":"mbattier@diazreus.com","@id":"https:\/\/diazreus.com\/es\/#\/schema\/person\/ac819f404d59c9664cc3132d90054303"},"headline":"Bancos da Col\u00f4mbia devem seguir san\u00e7\u00f5es contra Petro, diz advogado&#8230;","datePublished":"2025-10-27T15:21:34+00:00","mainEntityOfPage":{"@id":"https:\/\/diazreus.com\/es\/bancos-da-colombia-devem-seguir-sancoes-contra-petro-diz-advogado\/"},"wordCount":154,"image":{"@id":"https:\/\/diazreus.com\/es\/bancos-da-colombia-devem-seguir-sancoes-contra-petro-diz-advogado\/#primaryimage"},"thumbnailUrl":"https:\/\/diazreus.com\/wp-content\/uploads\/2025\/10\/Untitled-40.jpeg","articleSection":["Articles &amp; Publications","Art\u00edculos"],"inLanguage":"es"},{"@type":"WebPage","@id":"https:\/\/diazreus.com\/es\/bancos-da-colombia-devem-seguir-sancoes-contra-petro-diz-advogado\/","url":"https:\/\/diazreus.com\/es\/bancos-da-colombia-devem-seguir-sancoes-contra-petro-diz-advogado\/","name":"Bancos da Col\u00f4mbia devem seguir san\u00e7\u00f5es contra Petro, diz advogado... - Diaz Reus","isPartOf":{"@id":"https:\/\/diazreus.com\/es\/#website"},"primaryImageOfPage":{"@id":"https:\/\/diazreus.com\/es\/bancos-da-colombia-devem-seguir-sancoes-contra-petro-diz-advogado\/#primaryimage"},"image":{"@id":"https:\/\/diazreus.com\/es\/bancos-da-colombia-devem-seguir-sancoes-contra-petro-diz-advogado\/#primaryimage"},"thumbnailUrl":"https:\/\/diazreus.com\/wp-content\/uploads\/2025\/10\/Untitled-40.jpeg","datePublished":"2025-10-27T15:21:34+00:00","author":{"@id":"https:\/\/diazreus.com\/es\/#\/schema\/person\/ac819f404d59c9664cc3132d90054303"},"breadcrumb":{"@id":"https:\/\/diazreus.com\/es\/bancos-da-colombia-devem-seguir-sancoes-contra-petro-diz-advogado\/#breadcrumb"},"inLanguage":"es","potentialAction":[{"@type":"ReadAction","target":["https:\/\/diazreus.com\/es\/bancos-da-colombia-devem-seguir-sancoes-contra-petro-diz-advogado\/"]}]},{"@type":"ImageObject","inLanguage":"es","@id":"https:\/\/diazreus.com\/es\/bancos-da-colombia-devem-seguir-sancoes-contra-petro-diz-advogado\/#primaryimage","url":"https:\/\/diazreus.com\/wp-content\/uploads\/2025\/10\/Untitled-40.jpeg","contentUrl":"https:\/\/diazreus.com\/wp-content\/uploads\/2025\/10\/Untitled-40.jpeg","width":960,"height":640},{"@type":"BreadcrumbList","@id":"https:\/\/diazreus.com\/es\/bancos-da-colombia-devem-seguir-sancoes-contra-petro-diz-advogado\/#breadcrumb","itemListElement":[{"@type":"ListItem","position":1,"name":"Home","item":"https:\/\/diazreus.com\/es\/home-espanol\/"},{"@type":"ListItem","position":2,"name":"Bancos da Col\u00f4mbia devem seguir san\u00e7\u00f5es contra Petro, diz advogado&#8230;"}]},{"@type":"WebSite","@id":"https:\/\/diazreus.com\/es\/#website","url":"https:\/\/diazreus.com\/es\/","name":"Diaz Reus","description":"","potentialAction":[{"@type":"SearchAction","target":{"@type":"EntryPoint","urlTemplate":"https:\/\/diazreus.com\/es\/?s={search_term_string}"},"query-input":{"@type":"PropertyValueSpecification","valueRequired":true,"valueName":"search_term_string"}}],"inLanguage":"es"},{"@type":"Person","@id":"https:\/\/diazreus.com\/es\/#\/schema\/person\/ac819f404d59c9664cc3132d90054303","name":"mbattier@diazreus.com","url":"https:\/\/diazreus.com\/es\/author\/mbattierdiazreus-com\/"}]}},"_links":{"self":[{"href":"https:\/\/diazreus.com\/es\/wp-json\/wp\/v2\/posts\/24973","targetHints":{"allow":["GET"]}}],"collection":[{"href":"https:\/\/diazreus.com\/es\/wp-json\/wp\/v2\/posts"}],"about":[{"href":"https:\/\/diazreus.com\/es\/wp-json\/wp\/v2\/types\/post"}],"author":[{"embeddable":true,"href":"https:\/\/diazreus.com\/es\/wp-json\/wp\/v2\/users\/5"}],"replies":[{"embeddable":true,"href":"https:\/\/diazreus.com\/es\/wp-json\/wp\/v2\/comments?post=24973"}],"version-history":[{"count":1,"href":"https:\/\/diazreus.com\/es\/wp-json\/wp\/v2\/posts\/24973\/revisions"}],"predecessor-version":[{"id":24974,"href":"https:\/\/diazreus.com\/es\/wp-json\/wp\/v2\/posts\/24973\/revisions\/24974"}],"wp:featuredmedia":[{"embeddable":true,"href":"https:\/\/diazreus.com\/es\/wp-json\/wp\/v2\/media\/24967"}],"wp:attachment":[{"href":"https:\/\/diazreus.com\/es\/wp-json\/wp\/v2\/media?parent=24973"}],"wp:term":[{"taxonomy":"category","embeddable":true,"href":"https:\/\/diazreus.com\/es\/wp-json\/wp\/v2\/categories?post=24973"},{"taxonomy":"post_tag","embeddable":true,"href":"https:\/\/diazreus.com\/es\/wp-json\/wp\/v2\/tags?post=24973"}],"curies":[{"name":"wp","href":"https:\/\/api.w.org\/{rel}","templated":true}]}}