{"id":24862,"date":"2025-10-09T09:02:43","date_gmt":"2025-10-09T09:02:43","guid":{"rendered":"https:\/\/diazreus.com\/?p=24862"},"modified":"2025-10-09T09:02:43","modified_gmt":"2025-10-09T09:02:43","slug":"marta-colomar-garcia-y-marcela-cristina-blanco-y-martha-araujo-hager-entre-las-100-mejores-abogadas-de-latinoamerica-segun-latinvex","status":"publish","type":"post","link":"https:\/\/diazreus.com\/es\/marta-colomar-garcia-y-marcela-cristina-blanco-y-martha-araujo-hager-entre-las-100-mejores-abogadas-de-latinoamerica-segun-latinvex\/","title":{"rendered":"Marta Colomar-Garc\u00eda y Marcela Cristina Blanco y Martha Araujo Hager, entre las 100 mejores abogadas de Latinoam\u00e9rica seg\u00fan Latinvex"},"content":{"rendered":"<p><a href=\"https:\/\/diazreus.com\/es\/people\/marta-colomar-garcia-2\/\">Marta Colomar-Garc\u00eda<\/a>, Socia Directora Administrativa, y <a href=\"https:\/\/diazreus.com\/es\/people\/marcela-cristina-blanco-2\/\">Marcela Cristina Blanco<\/a>, Socia y responsable de la oficina de Bogot\u00e1, han sido nombradas de nuevo por Latinvex entre las 100 mejores abogadas especializadas en Latinoam\u00e9rica en despachos internacionales, en la categor\u00eda de Litigios y Arbitraje. Es el d\u00e9cimo a\u00f1o de nominaci\u00f3n para Marta y el noveno para Marcela.<br \/>\nAdem\u00e1s, <a href=\"https:\/\/diazreus.com\/es\/people\/martha-araujo-hager\/\">Martha Araujo Hager<\/a> ha sido nombrada en la categor\u00eda de FCPA y Fraude.<\/p>\n<p>El criterio de selecci\u00f3n de Latinvex fue una combinaci\u00f3n de factores, incluyendo la participaci\u00f3n reciente en grandes casos, la prominencia de la firma en Am\u00e9rica Latina y los rankings. La investigaci\u00f3n se bas\u00f3 en los datos proporcionados a Latinvex por las firmas, los datos p\u00fablicos de las firmas, as\u00ed como el reconocimiento de terceros como Chambers and Partners y Legal 500 y los datos de fusiones y adquisiciones de Refinitiv.<\/p>\n<p>Latinvex publica noticias diarias y an\u00e1lisis semanales sobre los negocios en Am\u00e9rica Latina, incluyendo cerca de 50 rankings que eval\u00faan a las empresas, pa\u00edses y personas de la regi\u00f3n. Ofrece una cobertura amplia y \u00fanica de los sectores jur\u00eddico, energ\u00e9tico y tecnol\u00f3gico de Am\u00e9rica Latina.<\/p>\n","protected":false},"excerpt":{"rendered":"<p>Marta Colomar-Garc\u00eda, Socia Directora Administrativa, y Marcela Cristina Blanco, Socia y responsable de la oficina de Bogot\u00e1, han sido nombradas de nuevo por Latinvex entre las 100 mejores abogadas especializadas en Latinoam\u00e9rica en despachos internacionales, en la categor\u00eda de Litigios y Arbitraje. Es el d\u00e9cimo a\u00f1o de nominaci\u00f3n para Marta y el noveno para Marcela. Adem\u00e1s, Martha Araujo Hager ha &#8230; <a href=\"https:\/\/diazreus.com\/es\/marta-colomar-garcia-y-marcela-cristina-blanco-y-martha-araujo-hager-entre-las-100-mejores-abogadas-de-latinoamerica-segun-latinvex\/\" class=\"more-link\">Read More<\/a><\/p>\n","protected":false},"author":5,"featured_media":24858,"comment_status":"closed","ping_status":"open","sticky":false,"template":"","format":"standard","meta":{"_acf_changed":false,"rs_blank_template":"","rs_page_bg_color":"","slide_template_v7":"","inline_featured_image":false,"footnotes":""},"categories":[870,550,1],"tags":[],"class_list":["post-24862","post","type-post","status-publish","format-standard","has-post-thumbnail","hentry","category-news-events","category-eventos","category-uncategorized"],"acf":[],"yoast_head":"<!-- This site is optimized with the Yoast SEO plugin v27.5 - https:\/\/yoast.com\/product\/yoast-seo-wordpress\/ -->\n<title>Marta Colomar-Garc\u00eda y Marcela Cristina Blanco y Martha Araujo Hager, entre las 100 mejores abogadas de Latinoam\u00e9rica seg\u00fan Latinvex - Diaz Reus<\/title>\n<meta name=\"robots\" content=\"index, follow, max-snippet:-1, max-image-preview:large, max-video-preview:-1\" \/>\n<link rel=\"canonical\" href=\"https:\/\/diazreus.com\/es\/marta-colomar-garcia-y-marcela-cristina-blanco-y-martha-araujo-hager-entre-las-100-mejores-abogadas-de-latinoamerica-segun-latinvex\/\" \/>\n<meta property=\"og:locale\" content=\"es_ES\" \/>\n<meta property=\"og:type\" content=\"article\" \/>\n<meta property=\"og:title\" content=\"Marta Colomar-Garc\u00eda y Marcela Cristina Blanco y Martha Araujo Hager, entre las 100 mejores abogadas de Latinoam\u00e9rica seg\u00fan Latinvex - Diaz Reus\" \/>\n<meta property=\"og:description\" content=\"Marta Colomar-Garc\u00eda, Socia Directora Administrativa, y Marcela Cristina Blanco, Socia y responsable de la oficina de Bogot\u00e1, han sido nombradas de nuevo por Latinvex entre las 100 mejores abogadas especializadas en Latinoam\u00e9rica en despachos internacionales, en la categor\u00eda de Litigios y Arbitraje. Es el d\u00e9cimo a\u00f1o de nominaci\u00f3n para Marta y el noveno para Marcela. Adem\u00e1s, Martha Araujo Hager ha ... Read More\" \/>\n<meta property=\"og:url\" content=\"https:\/\/diazreus.com\/es\/marta-colomar-garcia-y-marcela-cristina-blanco-y-martha-araujo-hager-entre-las-100-mejores-abogadas-de-latinoamerica-segun-latinvex\/\" \/>\n<meta property=\"og:site_name\" content=\"Diaz Reus\" \/>\n<meta property=\"article:published_time\" content=\"2025-10-09T09:02:43+00:00\" \/>\n<meta property=\"og:image\" content=\"https:\/\/diazreus.com\/wp-content\/uploads\/2025\/10\/Latinvex-top-female-lawyers-2025.jpeg\" \/>\n\t<meta property=\"og:image:width\" content=\"960\" \/>\n\t<meta property=\"og:image:height\" content=\"640\" \/>\n\t<meta property=\"og:image:type\" content=\"image\/jpeg\" \/>\n<meta name=\"author\" content=\"mbattier@diazreus.com\" \/>\n<meta name=\"twitter:card\" content=\"summary_large_image\" \/>\n<meta name=\"twitter:label1\" content=\"Escrito por\" \/>\n\t<meta name=\"twitter:data1\" content=\"mbattier@diazreus.com\" \/>\n\t<meta name=\"twitter:label2\" content=\"Tiempo de lectura\" \/>\n\t<meta name=\"twitter:data2\" content=\"1 minuto\" \/>\n<script type=\"application\/ld+json\" class=\"yoast-schema-graph\">{\"@context\":\"https:\\\/\\\/schema.org\",\"@graph\":[{\"@type\":\"Article\",\"@id\":\"https:\\\/\\\/diazreus.com\\\/es\\\/marta-colomar-garcia-y-marcela-cristina-blanco-y-martha-araujo-hager-entre-las-100-mejores-abogadas-de-latinoamerica-segun-latinvex\\\/#article\",\"isPartOf\":{\"@id\":\"https:\\\/\\\/diazreus.com\\\/es\\\/marta-colomar-garcia-y-marcela-cristina-blanco-y-martha-araujo-hager-entre-las-100-mejores-abogadas-de-latinoamerica-segun-latinvex\\\/\"},\"author\":{\"name\":\"mbattier@diazreus.com\",\"@id\":\"https:\\\/\\\/diazreus.com\\\/es\\\/#\\\/schema\\\/person\\\/ac819f404d59c9664cc3132d90054303\"},\"headline\":\"Marta Colomar-Garc\u00eda y Marcela Cristina Blanco y Martha Araujo Hager, entre las 100 mejores abogadas de Latinoam\u00e9rica seg\u00fan Latinvex\",\"datePublished\":\"2025-10-09T09:02:43+00:00\",\"mainEntityOfPage\":{\"@id\":\"https:\\\/\\\/diazreus.com\\\/es\\\/marta-colomar-garcia-y-marcela-cristina-blanco-y-martha-araujo-hager-entre-las-100-mejores-abogadas-de-latinoamerica-segun-latinvex\\\/\"},\"wordCount\":225,\"image\":{\"@id\":\"https:\\\/\\\/diazreus.com\\\/es\\\/marta-colomar-garcia-y-marcela-cristina-blanco-y-martha-araujo-hager-entre-las-100-mejores-abogadas-de-latinoamerica-segun-latinvex\\\/#primaryimage\"},\"thumbnailUrl\":\"https:\\\/\\\/diazreus.com\\\/wp-content\\\/uploads\\\/2025\\\/10\\\/Latinvex-top-female-lawyers-2025.jpeg\",\"articleSection\":[\"News &amp; Events\",\"Eventos\",\"Sin categoria\"],\"inLanguage\":\"es\"},{\"@type\":\"WebPage\",\"@id\":\"https:\\\/\\\/diazreus.com\\\/es\\\/marta-colomar-garcia-y-marcela-cristina-blanco-y-martha-araujo-hager-entre-las-100-mejores-abogadas-de-latinoamerica-segun-latinvex\\\/\",\"url\":\"https:\\\/\\\/diazreus.com\\\/es\\\/marta-colomar-garcia-y-marcela-cristina-blanco-y-martha-araujo-hager-entre-las-100-mejores-abogadas-de-latinoamerica-segun-latinvex\\\/\",\"name\":\"Marta Colomar-Garc\u00eda y Marcela Cristina Blanco y Martha Araujo Hager, entre las 100 mejores abogadas de Latinoam\u00e9rica seg\u00fan Latinvex - Diaz Reus\",\"isPartOf\":{\"@id\":\"https:\\\/\\\/diazreus.com\\\/es\\\/#website\"},\"primaryImageOfPage\":{\"@id\":\"https:\\\/\\\/diazreus.com\\\/es\\\/marta-colomar-garcia-y-marcela-cristina-blanco-y-martha-araujo-hager-entre-las-100-mejores-abogadas-de-latinoamerica-segun-latinvex\\\/#primaryimage\"},\"image\":{\"@id\":\"https:\\\/\\\/diazreus.com\\\/es\\\/marta-colomar-garcia-y-marcela-cristina-blanco-y-martha-araujo-hager-entre-las-100-mejores-abogadas-de-latinoamerica-segun-latinvex\\\/#primaryimage\"},\"thumbnailUrl\":\"https:\\\/\\\/diazreus.com\\\/wp-content\\\/uploads\\\/2025\\\/10\\\/Latinvex-top-female-lawyers-2025.jpeg\",\"datePublished\":\"2025-10-09T09:02:43+00:00\",\"author\":{\"@id\":\"https:\\\/\\\/diazreus.com\\\/es\\\/#\\\/schema\\\/person\\\/ac819f404d59c9664cc3132d90054303\"},\"breadcrumb\":{\"@id\":\"https:\\\/\\\/diazreus.com\\\/es\\\/marta-colomar-garcia-y-marcela-cristina-blanco-y-martha-araujo-hager-entre-las-100-mejores-abogadas-de-latinoamerica-segun-latinvex\\\/#breadcrumb\"},\"inLanguage\":\"es\",\"potentialAction\":[{\"@type\":\"ReadAction\",\"target\":[\"https:\\\/\\\/diazreus.com\\\/es\\\/marta-colomar-garcia-y-marcela-cristina-blanco-y-martha-araujo-hager-entre-las-100-mejores-abogadas-de-latinoamerica-segun-latinvex\\\/\"]}]},{\"@type\":\"ImageObject\",\"inLanguage\":\"es\",\"@id\":\"https:\\\/\\\/diazreus.com\\\/es\\\/marta-colomar-garcia-y-marcela-cristina-blanco-y-martha-araujo-hager-entre-las-100-mejores-abogadas-de-latinoamerica-segun-latinvex\\\/#primaryimage\",\"url\":\"https:\\\/\\\/diazreus.com\\\/wp-content\\\/uploads\\\/2025\\\/10\\\/Latinvex-top-female-lawyers-2025.jpeg\",\"contentUrl\":\"https:\\\/\\\/diazreus.com\\\/wp-content\\\/uploads\\\/2025\\\/10\\\/Latinvex-top-female-lawyers-2025.jpeg\",\"width\":960,\"height\":640},{\"@type\":\"BreadcrumbList\",\"@id\":\"https:\\\/\\\/diazreus.com\\\/es\\\/marta-colomar-garcia-y-marcela-cristina-blanco-y-martha-araujo-hager-entre-las-100-mejores-abogadas-de-latinoamerica-segun-latinvex\\\/#breadcrumb\",\"itemListElement\":[{\"@type\":\"ListItem\",\"position\":1,\"name\":\"Home\",\"item\":\"https:\\\/\\\/diazreus.com\\\/es\\\/home-espanol\\\/\"},{\"@type\":\"ListItem\",\"position\":2,\"name\":\"Marta Colomar-Garc\u00eda y Marcela Cristina Blanco y Martha Araujo Hager, entre las 100 mejores abogadas de Latinoam\u00e9rica seg\u00fan Latinvex\"}]},{\"@type\":\"WebSite\",\"@id\":\"https:\\\/\\\/diazreus.com\\\/es\\\/#website\",\"url\":\"https:\\\/\\\/diazreus.com\\\/es\\\/\",\"name\":\"Diaz Reus\",\"description\":\"\",\"potentialAction\":[{\"@type\":\"SearchAction\",\"target\":{\"@type\":\"EntryPoint\",\"urlTemplate\":\"https:\\\/\\\/diazreus.com\\\/es\\\/?s={search_term_string}\"},\"query-input\":{\"@type\":\"PropertyValueSpecification\",\"valueRequired\":true,\"valueName\":\"search_term_string\"}}],\"inLanguage\":\"es\"},{\"@type\":\"Person\",\"@id\":\"https:\\\/\\\/diazreus.com\\\/es\\\/#\\\/schema\\\/person\\\/ac819f404d59c9664cc3132d90054303\",\"name\":\"mbattier@diazreus.com\",\"url\":\"https:\\\/\\\/diazreus.com\\\/es\\\/author\\\/mbattierdiazreus-com\\\/\"}]}<\/script>\n<!-- \/ Yoast SEO plugin. -->","yoast_head_json":{"title":"Marta Colomar-Garc\u00eda y Marcela Cristina Blanco y Martha Araujo Hager, entre las 100 mejores abogadas de Latinoam\u00e9rica seg\u00fan Latinvex - Diaz Reus","robots":{"index":"index","follow":"follow","max-snippet":"max-snippet:-1","max-image-preview":"max-image-preview:large","max-video-preview":"max-video-preview:-1"},"canonical":"https:\/\/diazreus.com\/es\/marta-colomar-garcia-y-marcela-cristina-blanco-y-martha-araujo-hager-entre-las-100-mejores-abogadas-de-latinoamerica-segun-latinvex\/","og_locale":"es_ES","og_type":"article","og_title":"Marta Colomar-Garc\u00eda y Marcela Cristina Blanco y Martha Araujo Hager, entre las 100 mejores abogadas de Latinoam\u00e9rica seg\u00fan Latinvex - Diaz Reus","og_description":"Marta Colomar-Garc\u00eda, Socia Directora Administrativa, y Marcela Cristina Blanco, Socia y responsable de la oficina de Bogot\u00e1, han sido nombradas de nuevo por Latinvex entre las 100 mejores abogadas especializadas en Latinoam\u00e9rica en despachos internacionales, en la categor\u00eda de Litigios y Arbitraje. Es el d\u00e9cimo a\u00f1o de nominaci\u00f3n para Marta y el noveno para Marcela. Adem\u00e1s, Martha Araujo Hager ha ... Read More","og_url":"https:\/\/diazreus.com\/es\/marta-colomar-garcia-y-marcela-cristina-blanco-y-martha-araujo-hager-entre-las-100-mejores-abogadas-de-latinoamerica-segun-latinvex\/","og_site_name":"Diaz Reus","article_published_time":"2025-10-09T09:02:43+00:00","og_image":[{"width":960,"height":640,"url":"https:\/\/diazreus.com\/wp-content\/uploads\/2025\/10\/Latinvex-top-female-lawyers-2025.jpeg","type":"image\/jpeg"}],"author":"mbattier@diazreus.com","twitter_card":"summary_large_image","twitter_misc":{"Escrito por":"mbattier@diazreus.com","Tiempo de lectura":"1 minuto"},"schema":{"@context":"https:\/\/schema.org","@graph":[{"@type":"Article","@id":"https:\/\/diazreus.com\/es\/marta-colomar-garcia-y-marcela-cristina-blanco-y-martha-araujo-hager-entre-las-100-mejores-abogadas-de-latinoamerica-segun-latinvex\/#article","isPartOf":{"@id":"https:\/\/diazreus.com\/es\/marta-colomar-garcia-y-marcela-cristina-blanco-y-martha-araujo-hager-entre-las-100-mejores-abogadas-de-latinoamerica-segun-latinvex\/"},"author":{"name":"mbattier@diazreus.com","@id":"https:\/\/diazreus.com\/es\/#\/schema\/person\/ac819f404d59c9664cc3132d90054303"},"headline":"Marta Colomar-Garc\u00eda y Marcela Cristina Blanco y Martha Araujo Hager, entre las 100 mejores abogadas de Latinoam\u00e9rica seg\u00fan Latinvex","datePublished":"2025-10-09T09:02:43+00:00","mainEntityOfPage":{"@id":"https:\/\/diazreus.com\/es\/marta-colomar-garcia-y-marcela-cristina-blanco-y-martha-araujo-hager-entre-las-100-mejores-abogadas-de-latinoamerica-segun-latinvex\/"},"wordCount":225,"image":{"@id":"https:\/\/diazreus.com\/es\/marta-colomar-garcia-y-marcela-cristina-blanco-y-martha-araujo-hager-entre-las-100-mejores-abogadas-de-latinoamerica-segun-latinvex\/#primaryimage"},"thumbnailUrl":"https:\/\/diazreus.com\/wp-content\/uploads\/2025\/10\/Latinvex-top-female-lawyers-2025.jpeg","articleSection":["News &amp; Events","Eventos","Sin categoria"],"inLanguage":"es"},{"@type":"WebPage","@id":"https:\/\/diazreus.com\/es\/marta-colomar-garcia-y-marcela-cristina-blanco-y-martha-araujo-hager-entre-las-100-mejores-abogadas-de-latinoamerica-segun-latinvex\/","url":"https:\/\/diazreus.com\/es\/marta-colomar-garcia-y-marcela-cristina-blanco-y-martha-araujo-hager-entre-las-100-mejores-abogadas-de-latinoamerica-segun-latinvex\/","name":"Marta Colomar-Garc\u00eda y Marcela Cristina Blanco y Martha Araujo Hager, entre las 100 mejores abogadas de Latinoam\u00e9rica seg\u00fan Latinvex - Diaz Reus","isPartOf":{"@id":"https:\/\/diazreus.com\/es\/#website"},"primaryImageOfPage":{"@id":"https:\/\/diazreus.com\/es\/marta-colomar-garcia-y-marcela-cristina-blanco-y-martha-araujo-hager-entre-las-100-mejores-abogadas-de-latinoamerica-segun-latinvex\/#primaryimage"},"image":{"@id":"https:\/\/diazreus.com\/es\/marta-colomar-garcia-y-marcela-cristina-blanco-y-martha-araujo-hager-entre-las-100-mejores-abogadas-de-latinoamerica-segun-latinvex\/#primaryimage"},"thumbnailUrl":"https:\/\/diazreus.com\/wp-content\/uploads\/2025\/10\/Latinvex-top-female-lawyers-2025.jpeg","datePublished":"2025-10-09T09:02:43+00:00","author":{"@id":"https:\/\/diazreus.com\/es\/#\/schema\/person\/ac819f404d59c9664cc3132d90054303"},"breadcrumb":{"@id":"https:\/\/diazreus.com\/es\/marta-colomar-garcia-y-marcela-cristina-blanco-y-martha-araujo-hager-entre-las-100-mejores-abogadas-de-latinoamerica-segun-latinvex\/#breadcrumb"},"inLanguage":"es","potentialAction":[{"@type":"ReadAction","target":["https:\/\/diazreus.com\/es\/marta-colomar-garcia-y-marcela-cristina-blanco-y-martha-araujo-hager-entre-las-100-mejores-abogadas-de-latinoamerica-segun-latinvex\/"]}]},{"@type":"ImageObject","inLanguage":"es","@id":"https:\/\/diazreus.com\/es\/marta-colomar-garcia-y-marcela-cristina-blanco-y-martha-araujo-hager-entre-las-100-mejores-abogadas-de-latinoamerica-segun-latinvex\/#primaryimage","url":"https:\/\/diazreus.com\/wp-content\/uploads\/2025\/10\/Latinvex-top-female-lawyers-2025.jpeg","contentUrl":"https:\/\/diazreus.com\/wp-content\/uploads\/2025\/10\/Latinvex-top-female-lawyers-2025.jpeg","width":960,"height":640},{"@type":"BreadcrumbList","@id":"https:\/\/diazreus.com\/es\/marta-colomar-garcia-y-marcela-cristina-blanco-y-martha-araujo-hager-entre-las-100-mejores-abogadas-de-latinoamerica-segun-latinvex\/#breadcrumb","itemListElement":[{"@type":"ListItem","position":1,"name":"Home","item":"https:\/\/diazreus.com\/es\/home-espanol\/"},{"@type":"ListItem","position":2,"name":"Marta Colomar-Garc\u00eda y Marcela Cristina Blanco y Martha Araujo Hager, entre las 100 mejores abogadas de Latinoam\u00e9rica seg\u00fan Latinvex"}]},{"@type":"WebSite","@id":"https:\/\/diazreus.com\/es\/#website","url":"https:\/\/diazreus.com\/es\/","name":"Diaz Reus","description":"","potentialAction":[{"@type":"SearchAction","target":{"@type":"EntryPoint","urlTemplate":"https:\/\/diazreus.com\/es\/?s={search_term_string}"},"query-input":{"@type":"PropertyValueSpecification","valueRequired":true,"valueName":"search_term_string"}}],"inLanguage":"es"},{"@type":"Person","@id":"https:\/\/diazreus.com\/es\/#\/schema\/person\/ac819f404d59c9664cc3132d90054303","name":"mbattier@diazreus.com","url":"https:\/\/diazreus.com\/es\/author\/mbattierdiazreus-com\/"}]}},"_links":{"self":[{"href":"https:\/\/diazreus.com\/es\/wp-json\/wp\/v2\/posts\/24862","targetHints":{"allow":["GET"]}}],"collection":[{"href":"https:\/\/diazreus.com\/es\/wp-json\/wp\/v2\/posts"}],"about":[{"href":"https:\/\/diazreus.com\/es\/wp-json\/wp\/v2\/types\/post"}],"author":[{"embeddable":true,"href":"https:\/\/diazreus.com\/es\/wp-json\/wp\/v2\/users\/5"}],"replies":[{"embeddable":true,"href":"https:\/\/diazreus.com\/es\/wp-json\/wp\/v2\/comments?post=24862"}],"version-history":[{"count":1,"href":"https:\/\/diazreus.com\/es\/wp-json\/wp\/v2\/posts\/24862\/revisions"}],"predecessor-version":[{"id":24863,"href":"https:\/\/diazreus.com\/es\/wp-json\/wp\/v2\/posts\/24862\/revisions\/24863"}],"wp:featuredmedia":[{"embeddable":true,"href":"https:\/\/diazreus.com\/es\/wp-json\/wp\/v2\/media\/24858"}],"wp:attachment":[{"href":"https:\/\/diazreus.com\/es\/wp-json\/wp\/v2\/media?parent=24862"}],"wp:term":[{"taxonomy":"category","embeddable":true,"href":"https:\/\/diazreus.com\/es\/wp-json\/wp\/v2\/categories?post=24862"},{"taxonomy":"post_tag","embeddable":true,"href":"https:\/\/diazreus.com\/es\/wp-json\/wp\/v2\/tags?post=24862"}],"curies":[{"name":"wp","href":"https:\/\/api.w.org\/{rel}","templated":true}]}}