{"id":24222,"date":"2025-06-26T13:42:43","date_gmt":"2025-06-26T13:42:43","guid":{"rendered":"https:\/\/diazreus.com\/?p=24222"},"modified":"2025-06-26T13:43:17","modified_gmt":"2025-06-26T13:43:17","slug":"drt-marta-colomar-garcia-y-michael-diaz-jr-reconocidos-por-chambers-usa-2025","status":"publish","type":"post","link":"https:\/\/diazreus.com\/es\/drt-marta-colomar-garcia-y-michael-diaz-jr-reconocidos-por-chambers-usa-2025\/","title":{"rendered":"DRT, Marta Colomar-Garc\u00eda y Michael Diaz, Jr., reconocidos por Chambers USA 2025"},"content":{"rendered":"<p>Diaz Reus International Law Firm (DRT) anuncia que ha sido reconocido por la prestigiosa gu\u00eda jur\u00eddica internacional Chambers USA 2025 en \u00abLitigation: General Commercial: Highly Regarded\u00bb en Florida, junto con la socia directora administrativa <a href=\"https:\/\/diazreus.com\/es\/people\/marta-colomar-garcia-2\/\">Marta Colomar-Garcia<\/a> y el socio director global <a href=\"https:\/\/diazreus.com\/es\/people\/michael-diaz-jr-2\/\">Michael Diaz, Jr.<\/a><br \/>\nAdem\u00e1s, Michael Diaz, Jr. ha sido reconocido en \u00abDelitos de Cuello o Guante Blanco e Investigaciones Gubernamentales\u00bb.<\/p>\n<p>Chambers comenta que \u00abDiaz Reus act\u00faa para clientes nacionales e internacionales en una amplia gama de litigios comerciales. El bufete goza de gran prestigio por su experiencia en litigios transfronterizos, con especial atenci\u00f3n a asuntos latinoamericanos y casos con procedimientos paralelos. El equipo goza de una excelente reputaci\u00f3n por su trabajo en casos de fraude financiero, y tambi\u00e9n destaca por su solidez en litigios sobre accionistas y contratos.\u00bb<\/p>\n<p>Los clientes comentan que \u00abCon una profunda experiencia, el equipo destaca en la prestaci\u00f3n de atenci\u00f3n personalizada y la comprensi\u00f3n de las necesidades \u00fanicas de cada cliente, garantizando soluciones a medida y eficaces.<br \/>\nDiaz Reus ofrece asesoramiento experto, cuenta con abogados amables y est\u00e1 disponible las 24 horas del d\u00eda.<br \/>\nDiaz Reus es receptivo, est\u00e1 bien informado y realiza un trabajo y un asesoramiento de alta calidad.\u00bb<\/p>\n<p>En cuanto a <a href=\"https:\/\/diazreus.com\/es\/people\/marta-colomar-garcia-2\/\">Marta Colomar Garcia<\/a>, Chambers explica que tiene una amplia pr\u00e1ctica en litigios y ofrece una considerable experiencia en disputas transfronterizas. Los clientes comentan que \u00abMarta es una excelente abogada\u00bb.<\/p>\n<p>En cuanto a <a href=\"https:\/\/diazreus.com\/es\/people\/michael-diaz-jr-2\/\">Michael Diaz, Jr.<\/a>, \u00abmantiene una amplia pr\u00e1ctica en litigios comerciales y ofrece una notable experiencia en asuntos con elementos transfronterizos con Latinoam\u00e9rica\u00bb. Tambi\u00e9n es reconocido por su amplia experiencia en la representaci\u00f3n de particulares en procedimientos penales en los EE.UU., as\u00ed como en Am\u00e9rica Latina y Oriente Medio. Es especialmente competente en casos de blanqueo de dinero, soborno y corrupci\u00f3n\u00bb. Los clientes dicen que \u00abMichael es un excelente abogado con una gran riqueza de conocimientos y experiencia. La pericia, dedicaci\u00f3n y enfoque centrado en el cliente de Mike hacen de \u00e9l un profesional destacado.\u00bb<br \/>\n\u00abTiene especial fortaleza en casos de alegaciones de blanqueo de dinero, soborno y corrupci\u00f3n.<br \/>\nElogiar\u00eda los conocimientos, experiencia, pericia y logros de Michael.<br \/>\nEst\u00e1 muy bien informado y es un ser humano fant\u00e1stico.<br \/>\nEl Sr. D\u00edaz es bastante impresionante tanto en su conjunto de habilidades como abogado, sino tambi\u00e9n en su completa supervisi\u00f3n y las comunicaciones dentro de su empresa y los casos en curso con los clientes.\u00bb<\/p>\n","protected":false},"excerpt":{"rendered":"<p>Diaz Reus International Law Firm (DRT) anuncia que ha sido reconocido por la prestigiosa gu\u00eda jur\u00eddica internacional Chambers USA 2025 en \u00abLitigation: General Commercial: Highly Regarded\u00bb en Florida, junto con la socia directora administrativa Marta Colomar-Garcia y el socio director global Michael Diaz, Jr. Adem\u00e1s, Michael Diaz, Jr. ha sido reconocido en \u00abDelitos de Cuello o Guante Blanco e Investigaciones &#8230; <a href=\"https:\/\/diazreus.com\/es\/drt-marta-colomar-garcia-y-michael-diaz-jr-reconocidos-por-chambers-usa-2025\/\" class=\"more-link\">Read More<\/a><\/p>\n","protected":false},"author":5,"featured_media":24264,"comment_status":"closed","ping_status":"open","sticky":false,"template":"","format":"standard","meta":{"_acf_changed":false,"rs_blank_template":"","rs_page_bg_color":"","slide_template_v7":"","inline_featured_image":false,"footnotes":""},"categories":[870,550],"tags":[],"class_list":["post-24222","post","type-post","status-publish","format-standard","has-post-thumbnail","hentry","category-news-events","category-eventos"],"acf":[],"yoast_head":"<!-- This site is optimized with the Yoast SEO plugin v27.5 - https:\/\/yoast.com\/product\/yoast-seo-wordpress\/ -->\n<title>DRT, Marta Colomar-Garc\u00eda y Michael Diaz, Jr., reconocidos por Chambers USA 2025 - Diaz Reus<\/title>\n<meta name=\"robots\" content=\"index, follow, max-snippet:-1, max-image-preview:large, max-video-preview:-1\" \/>\n<link rel=\"canonical\" href=\"https:\/\/diazreus.com\/es\/drt-marta-colomar-garcia-y-michael-diaz-jr-reconocidos-por-chambers-usa-2025\/\" \/>\n<meta property=\"og:locale\" content=\"es_ES\" \/>\n<meta property=\"og:type\" content=\"article\" \/>\n<meta property=\"og:title\" content=\"DRT, Marta Colomar-Garc\u00eda y Michael Diaz, Jr., reconocidos por Chambers USA 2025 - Diaz Reus\" \/>\n<meta property=\"og:description\" content=\"Diaz Reus International Law Firm (DRT) anuncia que ha sido reconocido por la prestigiosa gu\u00eda jur\u00eddica internacional Chambers USA 2025 en \u00abLitigation: General Commercial: Highly Regarded\u00bb en Florida, junto con la socia directora administrativa Marta Colomar-Garcia y el socio director global Michael Diaz, Jr. Adem\u00e1s, Michael Diaz, Jr. ha sido reconocido en \u00abDelitos de Cuello o Guante Blanco e Investigaciones ... Read More\" \/>\n<meta property=\"og:url\" content=\"https:\/\/diazreus.com\/es\/drt-marta-colomar-garcia-y-michael-diaz-jr-reconocidos-por-chambers-usa-2025\/\" \/>\n<meta property=\"og:site_name\" content=\"Diaz Reus\" \/>\n<meta property=\"article:published_time\" content=\"2025-06-26T13:42:43+00:00\" \/>\n<meta property=\"article:modified_time\" content=\"2025-06-26T13:43:17+00:00\" \/>\n<meta property=\"og:image\" content=\"https:\/\/diazreus.com\/wp-content\/uploads\/2025\/06\/Chambers-USA-2025.jpeg\" \/>\n\t<meta property=\"og:image:width\" content=\"960\" \/>\n\t<meta property=\"og:image:height\" content=\"640\" \/>\n\t<meta property=\"og:image:type\" content=\"image\/jpeg\" \/>\n<meta name=\"author\" content=\"mbattier@diazreus.com\" \/>\n<meta name=\"twitter:card\" content=\"summary_large_image\" \/>\n<meta name=\"twitter:label1\" content=\"Escrito por\" \/>\n\t<meta name=\"twitter:data1\" content=\"mbattier@diazreus.com\" \/>\n\t<meta name=\"twitter:label2\" content=\"Tiempo de lectura\" \/>\n\t<meta name=\"twitter:data2\" content=\"2 minutos\" \/>\n<script type=\"application\/ld+json\" class=\"yoast-schema-graph\">{\"@context\":\"https:\\\/\\\/schema.org\",\"@graph\":[{\"@type\":\"Article\",\"@id\":\"https:\\\/\\\/diazreus.com\\\/es\\\/drt-marta-colomar-garcia-y-michael-diaz-jr-reconocidos-por-chambers-usa-2025\\\/#article\",\"isPartOf\":{\"@id\":\"https:\\\/\\\/diazreus.com\\\/es\\\/drt-marta-colomar-garcia-y-michael-diaz-jr-reconocidos-por-chambers-usa-2025\\\/\"},\"author\":{\"name\":\"mbattier@diazreus.com\",\"@id\":\"https:\\\/\\\/diazreus.com\\\/es\\\/#\\\/schema\\\/person\\\/ac819f404d59c9664cc3132d90054303\"},\"headline\":\"DRT, Marta Colomar-Garc\u00eda y Michael Diaz, Jr., reconocidos por Chambers USA 2025\",\"datePublished\":\"2025-06-26T13:42:43+00:00\",\"dateModified\":\"2025-06-26T13:43:17+00:00\",\"mainEntityOfPage\":{\"@id\":\"https:\\\/\\\/diazreus.com\\\/es\\\/drt-marta-colomar-garcia-y-michael-diaz-jr-reconocidos-por-chambers-usa-2025\\\/\"},\"wordCount\":429,\"image\":{\"@id\":\"https:\\\/\\\/diazreus.com\\\/es\\\/drt-marta-colomar-garcia-y-michael-diaz-jr-reconocidos-por-chambers-usa-2025\\\/#primaryimage\"},\"thumbnailUrl\":\"https:\\\/\\\/diazreus.com\\\/wp-content\\\/uploads\\\/2025\\\/06\\\/Chambers-USA-2025.jpeg\",\"articleSection\":[\"News &amp; Events\",\"Eventos\"],\"inLanguage\":\"es\"},{\"@type\":\"WebPage\",\"@id\":\"https:\\\/\\\/diazreus.com\\\/es\\\/drt-marta-colomar-garcia-y-michael-diaz-jr-reconocidos-por-chambers-usa-2025\\\/\",\"url\":\"https:\\\/\\\/diazreus.com\\\/es\\\/drt-marta-colomar-garcia-y-michael-diaz-jr-reconocidos-por-chambers-usa-2025\\\/\",\"name\":\"DRT, Marta Colomar-Garc\u00eda y Michael Diaz, Jr., reconocidos por Chambers USA 2025 - Diaz Reus\",\"isPartOf\":{\"@id\":\"https:\\\/\\\/diazreus.com\\\/es\\\/#website\"},\"primaryImageOfPage\":{\"@id\":\"https:\\\/\\\/diazreus.com\\\/es\\\/drt-marta-colomar-garcia-y-michael-diaz-jr-reconocidos-por-chambers-usa-2025\\\/#primaryimage\"},\"image\":{\"@id\":\"https:\\\/\\\/diazreus.com\\\/es\\\/drt-marta-colomar-garcia-y-michael-diaz-jr-reconocidos-por-chambers-usa-2025\\\/#primaryimage\"},\"thumbnailUrl\":\"https:\\\/\\\/diazreus.com\\\/wp-content\\\/uploads\\\/2025\\\/06\\\/Chambers-USA-2025.jpeg\",\"datePublished\":\"2025-06-26T13:42:43+00:00\",\"dateModified\":\"2025-06-26T13:43:17+00:00\",\"author\":{\"@id\":\"https:\\\/\\\/diazreus.com\\\/es\\\/#\\\/schema\\\/person\\\/ac819f404d59c9664cc3132d90054303\"},\"breadcrumb\":{\"@id\":\"https:\\\/\\\/diazreus.com\\\/es\\\/drt-marta-colomar-garcia-y-michael-diaz-jr-reconocidos-por-chambers-usa-2025\\\/#breadcrumb\"},\"inLanguage\":\"es\",\"potentialAction\":[{\"@type\":\"ReadAction\",\"target\":[\"https:\\\/\\\/diazreus.com\\\/es\\\/drt-marta-colomar-garcia-y-michael-diaz-jr-reconocidos-por-chambers-usa-2025\\\/\"]}]},{\"@type\":\"ImageObject\",\"inLanguage\":\"es\",\"@id\":\"https:\\\/\\\/diazreus.com\\\/es\\\/drt-marta-colomar-garcia-y-michael-diaz-jr-reconocidos-por-chambers-usa-2025\\\/#primaryimage\",\"url\":\"https:\\\/\\\/diazreus.com\\\/wp-content\\\/uploads\\\/2025\\\/06\\\/Chambers-USA-2025.jpeg\",\"contentUrl\":\"https:\\\/\\\/diazreus.com\\\/wp-content\\\/uploads\\\/2025\\\/06\\\/Chambers-USA-2025.jpeg\",\"width\":960,\"height\":640},{\"@type\":\"BreadcrumbList\",\"@id\":\"https:\\\/\\\/diazreus.com\\\/es\\\/drt-marta-colomar-garcia-y-michael-diaz-jr-reconocidos-por-chambers-usa-2025\\\/#breadcrumb\",\"itemListElement\":[{\"@type\":\"ListItem\",\"position\":1,\"name\":\"Home\",\"item\":\"https:\\\/\\\/diazreus.com\\\/es\\\/home-espanol\\\/\"},{\"@type\":\"ListItem\",\"position\":2,\"name\":\"DRT, Marta Colomar-Garc\u00eda y Michael Diaz, Jr., reconocidos por Chambers USA 2025\"}]},{\"@type\":\"WebSite\",\"@id\":\"https:\\\/\\\/diazreus.com\\\/es\\\/#website\",\"url\":\"https:\\\/\\\/diazreus.com\\\/es\\\/\",\"name\":\"Diaz Reus\",\"description\":\"\",\"potentialAction\":[{\"@type\":\"SearchAction\",\"target\":{\"@type\":\"EntryPoint\",\"urlTemplate\":\"https:\\\/\\\/diazreus.com\\\/es\\\/?s={search_term_string}\"},\"query-input\":{\"@type\":\"PropertyValueSpecification\",\"valueRequired\":true,\"valueName\":\"search_term_string\"}}],\"inLanguage\":\"es\"},{\"@type\":\"Person\",\"@id\":\"https:\\\/\\\/diazreus.com\\\/es\\\/#\\\/schema\\\/person\\\/ac819f404d59c9664cc3132d90054303\",\"name\":\"mbattier@diazreus.com\",\"url\":\"https:\\\/\\\/diazreus.com\\\/es\\\/author\\\/mbattierdiazreus-com\\\/\"}]}<\/script>\n<!-- \/ Yoast SEO plugin. -->","yoast_head_json":{"title":"DRT, Marta Colomar-Garc\u00eda y Michael Diaz, Jr., reconocidos por Chambers USA 2025 - Diaz Reus","robots":{"index":"index","follow":"follow","max-snippet":"max-snippet:-1","max-image-preview":"max-image-preview:large","max-video-preview":"max-video-preview:-1"},"canonical":"https:\/\/diazreus.com\/es\/drt-marta-colomar-garcia-y-michael-diaz-jr-reconocidos-por-chambers-usa-2025\/","og_locale":"es_ES","og_type":"article","og_title":"DRT, Marta Colomar-Garc\u00eda y Michael Diaz, Jr., reconocidos por Chambers USA 2025 - Diaz Reus","og_description":"Diaz Reus International Law Firm (DRT) anuncia que ha sido reconocido por la prestigiosa gu\u00eda jur\u00eddica internacional Chambers USA 2025 en \u00abLitigation: General Commercial: Highly Regarded\u00bb en Florida, junto con la socia directora administrativa Marta Colomar-Garcia y el socio director global Michael Diaz, Jr. Adem\u00e1s, Michael Diaz, Jr. ha sido reconocido en \u00abDelitos de Cuello o Guante Blanco e Investigaciones ... Read More","og_url":"https:\/\/diazreus.com\/es\/drt-marta-colomar-garcia-y-michael-diaz-jr-reconocidos-por-chambers-usa-2025\/","og_site_name":"Diaz Reus","article_published_time":"2025-06-26T13:42:43+00:00","article_modified_time":"2025-06-26T13:43:17+00:00","og_image":[{"width":960,"height":640,"url":"https:\/\/diazreus.com\/wp-content\/uploads\/2025\/06\/Chambers-USA-2025.jpeg","type":"image\/jpeg"}],"author":"mbattier@diazreus.com","twitter_card":"summary_large_image","twitter_misc":{"Escrito por":"mbattier@diazreus.com","Tiempo de lectura":"2 minutos"},"schema":{"@context":"https:\/\/schema.org","@graph":[{"@type":"Article","@id":"https:\/\/diazreus.com\/es\/drt-marta-colomar-garcia-y-michael-diaz-jr-reconocidos-por-chambers-usa-2025\/#article","isPartOf":{"@id":"https:\/\/diazreus.com\/es\/drt-marta-colomar-garcia-y-michael-diaz-jr-reconocidos-por-chambers-usa-2025\/"},"author":{"name":"mbattier@diazreus.com","@id":"https:\/\/diazreus.com\/es\/#\/schema\/person\/ac819f404d59c9664cc3132d90054303"},"headline":"DRT, Marta Colomar-Garc\u00eda y Michael Diaz, Jr., reconocidos por Chambers USA 2025","datePublished":"2025-06-26T13:42:43+00:00","dateModified":"2025-06-26T13:43:17+00:00","mainEntityOfPage":{"@id":"https:\/\/diazreus.com\/es\/drt-marta-colomar-garcia-y-michael-diaz-jr-reconocidos-por-chambers-usa-2025\/"},"wordCount":429,"image":{"@id":"https:\/\/diazreus.com\/es\/drt-marta-colomar-garcia-y-michael-diaz-jr-reconocidos-por-chambers-usa-2025\/#primaryimage"},"thumbnailUrl":"https:\/\/diazreus.com\/wp-content\/uploads\/2025\/06\/Chambers-USA-2025.jpeg","articleSection":["News &amp; Events","Eventos"],"inLanguage":"es"},{"@type":"WebPage","@id":"https:\/\/diazreus.com\/es\/drt-marta-colomar-garcia-y-michael-diaz-jr-reconocidos-por-chambers-usa-2025\/","url":"https:\/\/diazreus.com\/es\/drt-marta-colomar-garcia-y-michael-diaz-jr-reconocidos-por-chambers-usa-2025\/","name":"DRT, Marta Colomar-Garc\u00eda y Michael Diaz, Jr., reconocidos por Chambers USA 2025 - Diaz Reus","isPartOf":{"@id":"https:\/\/diazreus.com\/es\/#website"},"primaryImageOfPage":{"@id":"https:\/\/diazreus.com\/es\/drt-marta-colomar-garcia-y-michael-diaz-jr-reconocidos-por-chambers-usa-2025\/#primaryimage"},"image":{"@id":"https:\/\/diazreus.com\/es\/drt-marta-colomar-garcia-y-michael-diaz-jr-reconocidos-por-chambers-usa-2025\/#primaryimage"},"thumbnailUrl":"https:\/\/diazreus.com\/wp-content\/uploads\/2025\/06\/Chambers-USA-2025.jpeg","datePublished":"2025-06-26T13:42:43+00:00","dateModified":"2025-06-26T13:43:17+00:00","author":{"@id":"https:\/\/diazreus.com\/es\/#\/schema\/person\/ac819f404d59c9664cc3132d90054303"},"breadcrumb":{"@id":"https:\/\/diazreus.com\/es\/drt-marta-colomar-garcia-y-michael-diaz-jr-reconocidos-por-chambers-usa-2025\/#breadcrumb"},"inLanguage":"es","potentialAction":[{"@type":"ReadAction","target":["https:\/\/diazreus.com\/es\/drt-marta-colomar-garcia-y-michael-diaz-jr-reconocidos-por-chambers-usa-2025\/"]}]},{"@type":"ImageObject","inLanguage":"es","@id":"https:\/\/diazreus.com\/es\/drt-marta-colomar-garcia-y-michael-diaz-jr-reconocidos-por-chambers-usa-2025\/#primaryimage","url":"https:\/\/diazreus.com\/wp-content\/uploads\/2025\/06\/Chambers-USA-2025.jpeg","contentUrl":"https:\/\/diazreus.com\/wp-content\/uploads\/2025\/06\/Chambers-USA-2025.jpeg","width":960,"height":640},{"@type":"BreadcrumbList","@id":"https:\/\/diazreus.com\/es\/drt-marta-colomar-garcia-y-michael-diaz-jr-reconocidos-por-chambers-usa-2025\/#breadcrumb","itemListElement":[{"@type":"ListItem","position":1,"name":"Home","item":"https:\/\/diazreus.com\/es\/home-espanol\/"},{"@type":"ListItem","position":2,"name":"DRT, Marta Colomar-Garc\u00eda y Michael Diaz, Jr., reconocidos por Chambers USA 2025"}]},{"@type":"WebSite","@id":"https:\/\/diazreus.com\/es\/#website","url":"https:\/\/diazreus.com\/es\/","name":"Diaz Reus","description":"","potentialAction":[{"@type":"SearchAction","target":{"@type":"EntryPoint","urlTemplate":"https:\/\/diazreus.com\/es\/?s={search_term_string}"},"query-input":{"@type":"PropertyValueSpecification","valueRequired":true,"valueName":"search_term_string"}}],"inLanguage":"es"},{"@type":"Person","@id":"https:\/\/diazreus.com\/es\/#\/schema\/person\/ac819f404d59c9664cc3132d90054303","name":"mbattier@diazreus.com","url":"https:\/\/diazreus.com\/es\/author\/mbattierdiazreus-com\/"}]}},"_links":{"self":[{"href":"https:\/\/diazreus.com\/es\/wp-json\/wp\/v2\/posts\/24222","targetHints":{"allow":["GET"]}}],"collection":[{"href":"https:\/\/diazreus.com\/es\/wp-json\/wp\/v2\/posts"}],"about":[{"href":"https:\/\/diazreus.com\/es\/wp-json\/wp\/v2\/types\/post"}],"author":[{"embeddable":true,"href":"https:\/\/diazreus.com\/es\/wp-json\/wp\/v2\/users\/5"}],"replies":[{"embeddable":true,"href":"https:\/\/diazreus.com\/es\/wp-json\/wp\/v2\/comments?post=24222"}],"version-history":[{"count":2,"href":"https:\/\/diazreus.com\/es\/wp-json\/wp\/v2\/posts\/24222\/revisions"}],"predecessor-version":[{"id":24265,"href":"https:\/\/diazreus.com\/es\/wp-json\/wp\/v2\/posts\/24222\/revisions\/24265"}],"wp:featuredmedia":[{"embeddable":true,"href":"https:\/\/diazreus.com\/es\/wp-json\/wp\/v2\/media\/24264"}],"wp:attachment":[{"href":"https:\/\/diazreus.com\/es\/wp-json\/wp\/v2\/media?parent=24222"}],"wp:term":[{"taxonomy":"category","embeddable":true,"href":"https:\/\/diazreus.com\/es\/wp-json\/wp\/v2\/categories?post=24222"},{"taxonomy":"post_tag","embeddable":true,"href":"https:\/\/diazreus.com\/es\/wp-json\/wp\/v2\/tags?post=24222"}],"curies":[{"name":"wp","href":"https:\/\/api.w.org\/{rel}","templated":true}]}}