{"id":22908,"date":"2024-08-22T12:25:01","date_gmt":"2024-08-22T12:25:01","guid":{"rendered":"https:\/\/diazreus.com\/?p=22908"},"modified":"2024-08-22T12:28:45","modified_gmt":"2024-08-22T12:28:45","slug":"implicaciones-de-la-iniciativa-de-reforma-al-poder-judicial-en-mexico","status":"publish","type":"post","link":"https:\/\/diazreus.com\/es\/implicaciones-de-la-iniciativa-de-reforma-al-poder-judicial-en-mexico\/","title":{"rendered":"Implicaciones de la Iniciativa de Reforma al Poder Judicial en M\u00e9xico"},"content":{"rendered":"<p>Por <a href=\"https:\/\/diazreus.com\/es\/people\/hilel-e-silvera-tawil\/\">Hilel E. Silvera Tawil<\/a>, miembro de <a href=\"https:\/\/diazreus.com\/es\/drt-alliance-2\/\">Alianza DRT (DRT Alliance)<\/a> en M\u00e9xico.<\/p>\n<p>La iniciativa de reforma al Poder Judicial en M\u00e9xico presentada por el Ejecutivo Federal a la C\u00e1mara de Diputados el 5 de febrero de 2024, contempla cambios significativos en el sistema de impartici\u00f3n de justicia a nivel federal y estatal.<\/p>\n<p>En primer lugar, es menester recordar que, bajo el esquema vigente, regido por la Ley de Carrera Judicial del Poder Judicial de la Federaci\u00f3n, publicada en el Diario Oficial de la Federaci\u00f3n el 7 de junio de 2021, se establecieron nuevas reglas fundamentadas en un sistema meritocr\u00e1tico e igualitario. En dicho contexto, las personas son seleccionadas con base en un an\u00e1lisis cr\u00edtico de sus conocimientos, competencias y capacidades. Hoy en d\u00eda, existen concursos y cursos obligatorios para asegurar que los cargos de magistradas, magistrados, juezas o jueces sean ocupados por personas con el nivel de aptitud requerido, evitando as\u00ed criterios subjetivos de selecci\u00f3n.<\/p>\n<p>Por el contrario, la reforma propuesta sugiere que la elecci\u00f3n de las personas que deben ocupar los cargos de mayor relevancia jer\u00e1rquica en el sistema judicial de nuestro pa\u00eds, se realice mediante voto popular y esta reforma contempla replicar el mismo modelo en los 32 estados de M\u00e9xico. En este contexto, desaparecer\u00edan los concursos de oposici\u00f3n, lo cual podr\u00eda comprometer la legitimidad de la funci\u00f3n judicial y llevar a decisiones ineficaces que no resolver\u00edan los problemas de manera efectiva.<\/p>\n<p><a href=\"https:\/\/www.latincounsel.com\/?Noticias=Implicaciones_Iniciativa_Reforma_Poder_Judicial_Mexico&#038;lang=Spanish\">LEER M\u00c1S<\/a><\/p>\n","protected":false},"excerpt":{"rendered":"<p>Por Hilel E. Silvera Tawil, miembro de Alianza DRT (DRT Alliance) en M\u00e9xico. La iniciativa de reforma al Poder Judicial en M\u00e9xico presentada por el Ejecutivo Federal a la C\u00e1mara de Diputados el 5 de febrero de 2024, contempla cambios significativos en el sistema de impartici\u00f3n de justicia a nivel federal y estatal. En primer lugar, es menester recordar que, &#8230; <a href=\"https:\/\/diazreus.com\/es\/implicaciones-de-la-iniciativa-de-reforma-al-poder-judicial-en-mexico\/\" class=\"more-link\">Read More<\/a><\/p>\n","protected":false},"author":5,"featured_media":22906,"comment_status":"closed","ping_status":"open","sticky":false,"template":"","format":"standard","meta":{"_acf_changed":false,"rs_blank_template":"","rs_page_bg_color":"","slide_template_v7":"","inline_featured_image":false,"footnotes":""},"categories":[872,231],"tags":[],"class_list":["post-22908","post","type-post","status-publish","format-standard","has-post-thumbnail","hentry","category-articles-publications","category-articulos"],"acf":[],"yoast_head":"<!-- This site is optimized with the Yoast SEO plugin v27.5 - https:\/\/yoast.com\/product\/yoast-seo-wordpress\/ -->\n<title>Implicaciones de la Iniciativa de Reforma al Poder Judicial en M\u00e9xico - Diaz Reus<\/title>\n<meta name=\"robots\" content=\"index, follow, max-snippet:-1, max-image-preview:large, max-video-preview:-1\" \/>\n<link rel=\"canonical\" href=\"https:\/\/diazreus.com\/es\/implicaciones-de-la-iniciativa-de-reforma-al-poder-judicial-en-mexico\/\" \/>\n<meta property=\"og:locale\" content=\"es_ES\" \/>\n<meta property=\"og:type\" content=\"article\" \/>\n<meta property=\"og:title\" content=\"Implicaciones de la Iniciativa de Reforma al Poder Judicial en M\u00e9xico - Diaz Reus\" \/>\n<meta property=\"og:description\" content=\"Por Hilel E. Silvera Tawil, miembro de Alianza DRT (DRT Alliance) en M\u00e9xico. La iniciativa de reforma al Poder Judicial en M\u00e9xico presentada por el Ejecutivo Federal a la C\u00e1mara de Diputados el 5 de febrero de 2024, contempla cambios significativos en el sistema de impartici\u00f3n de justicia a nivel federal y estatal. En primer lugar, es menester recordar que, ... Read More\" \/>\n<meta property=\"og:url\" content=\"https:\/\/diazreus.com\/es\/implicaciones-de-la-iniciativa-de-reforma-al-poder-judicial-en-mexico\/\" \/>\n<meta property=\"og:site_name\" content=\"Diaz Reus\" \/>\n<meta property=\"article:published_time\" content=\"2024-08-22T12:25:01+00:00\" \/>\n<meta property=\"article:modified_time\" content=\"2024-08-22T12:28:45+00:00\" \/>\n<meta property=\"og:image\" content=\"https:\/\/diazreus.com\/wp-content\/uploads\/2024\/08\/Hilel-Latin-Counsel-2.jpg\" \/>\n\t<meta property=\"og:image:width\" content=\"960\" \/>\n\t<meta property=\"og:image:height\" content=\"640\" \/>\n\t<meta property=\"og:image:type\" content=\"image\/jpeg\" \/>\n<meta name=\"author\" content=\"mbattier@diazreus.com\" \/>\n<meta name=\"twitter:card\" content=\"summary_large_image\" \/>\n<meta name=\"twitter:label1\" content=\"Escrito por\" \/>\n\t<meta name=\"twitter:data1\" content=\"mbattier@diazreus.com\" \/>\n\t<meta name=\"twitter:label2\" content=\"Tiempo de lectura\" \/>\n\t<meta name=\"twitter:data2\" content=\"2 minutos\" \/>\n<script type=\"application\/ld+json\" class=\"yoast-schema-graph\">{\"@context\":\"https:\\\/\\\/schema.org\",\"@graph\":[{\"@type\":\"Article\",\"@id\":\"https:\\\/\\\/diazreus.com\\\/es\\\/implicaciones-de-la-iniciativa-de-reforma-al-poder-judicial-en-mexico\\\/#article\",\"isPartOf\":{\"@id\":\"https:\\\/\\\/diazreus.com\\\/es\\\/implicaciones-de-la-iniciativa-de-reforma-al-poder-judicial-en-mexico\\\/\"},\"author\":{\"name\":\"mbattier@diazreus.com\",\"@id\":\"https:\\\/\\\/diazreus.com\\\/es\\\/#\\\/schema\\\/person\\\/ac819f404d59c9664cc3132d90054303\"},\"headline\":\"Implicaciones de la Iniciativa de Reforma al Poder Judicial en M\u00e9xico\",\"datePublished\":\"2024-08-22T12:25:01+00:00\",\"dateModified\":\"2024-08-22T12:28:45+00:00\",\"mainEntityOfPage\":{\"@id\":\"https:\\\/\\\/diazreus.com\\\/es\\\/implicaciones-de-la-iniciativa-de-reforma-al-poder-judicial-en-mexico\\\/\"},\"wordCount\":265,\"image\":{\"@id\":\"https:\\\/\\\/diazreus.com\\\/es\\\/implicaciones-de-la-iniciativa-de-reforma-al-poder-judicial-en-mexico\\\/#primaryimage\"},\"thumbnailUrl\":\"https:\\\/\\\/diazreus.com\\\/wp-content\\\/uploads\\\/2024\\\/08\\\/Hilel-Latin-Counsel-2.jpg\",\"articleSection\":[\"Articles &amp; Publications\",\"Art\u00edculos\"],\"inLanguage\":\"es\"},{\"@type\":\"WebPage\",\"@id\":\"https:\\\/\\\/diazreus.com\\\/es\\\/implicaciones-de-la-iniciativa-de-reforma-al-poder-judicial-en-mexico\\\/\",\"url\":\"https:\\\/\\\/diazreus.com\\\/es\\\/implicaciones-de-la-iniciativa-de-reforma-al-poder-judicial-en-mexico\\\/\",\"name\":\"Implicaciones de la Iniciativa de Reforma al Poder Judicial en M\u00e9xico - Diaz Reus\",\"isPartOf\":{\"@id\":\"https:\\\/\\\/diazreus.com\\\/es\\\/#website\"},\"primaryImageOfPage\":{\"@id\":\"https:\\\/\\\/diazreus.com\\\/es\\\/implicaciones-de-la-iniciativa-de-reforma-al-poder-judicial-en-mexico\\\/#primaryimage\"},\"image\":{\"@id\":\"https:\\\/\\\/diazreus.com\\\/es\\\/implicaciones-de-la-iniciativa-de-reforma-al-poder-judicial-en-mexico\\\/#primaryimage\"},\"thumbnailUrl\":\"https:\\\/\\\/diazreus.com\\\/wp-content\\\/uploads\\\/2024\\\/08\\\/Hilel-Latin-Counsel-2.jpg\",\"datePublished\":\"2024-08-22T12:25:01+00:00\",\"dateModified\":\"2024-08-22T12:28:45+00:00\",\"author\":{\"@id\":\"https:\\\/\\\/diazreus.com\\\/es\\\/#\\\/schema\\\/person\\\/ac819f404d59c9664cc3132d90054303\"},\"breadcrumb\":{\"@id\":\"https:\\\/\\\/diazreus.com\\\/es\\\/implicaciones-de-la-iniciativa-de-reforma-al-poder-judicial-en-mexico\\\/#breadcrumb\"},\"inLanguage\":\"es\",\"potentialAction\":[{\"@type\":\"ReadAction\",\"target\":[\"https:\\\/\\\/diazreus.com\\\/es\\\/implicaciones-de-la-iniciativa-de-reforma-al-poder-judicial-en-mexico\\\/\"]}]},{\"@type\":\"ImageObject\",\"inLanguage\":\"es\",\"@id\":\"https:\\\/\\\/diazreus.com\\\/es\\\/implicaciones-de-la-iniciativa-de-reforma-al-poder-judicial-en-mexico\\\/#primaryimage\",\"url\":\"https:\\\/\\\/diazreus.com\\\/wp-content\\\/uploads\\\/2024\\\/08\\\/Hilel-Latin-Counsel-2.jpg\",\"contentUrl\":\"https:\\\/\\\/diazreus.com\\\/wp-content\\\/uploads\\\/2024\\\/08\\\/Hilel-Latin-Counsel-2.jpg\",\"width\":960,\"height\":640},{\"@type\":\"BreadcrumbList\",\"@id\":\"https:\\\/\\\/diazreus.com\\\/es\\\/implicaciones-de-la-iniciativa-de-reforma-al-poder-judicial-en-mexico\\\/#breadcrumb\",\"itemListElement\":[{\"@type\":\"ListItem\",\"position\":1,\"name\":\"Home\",\"item\":\"https:\\\/\\\/diazreus.com\\\/es\\\/home-espanol\\\/\"},{\"@type\":\"ListItem\",\"position\":2,\"name\":\"Implicaciones de la Iniciativa de Reforma al Poder Judicial en M\u00e9xico\"}]},{\"@type\":\"WebSite\",\"@id\":\"https:\\\/\\\/diazreus.com\\\/es\\\/#website\",\"url\":\"https:\\\/\\\/diazreus.com\\\/es\\\/\",\"name\":\"Diaz Reus\",\"description\":\"\",\"potentialAction\":[{\"@type\":\"SearchAction\",\"target\":{\"@type\":\"EntryPoint\",\"urlTemplate\":\"https:\\\/\\\/diazreus.com\\\/es\\\/?s={search_term_string}\"},\"query-input\":{\"@type\":\"PropertyValueSpecification\",\"valueRequired\":true,\"valueName\":\"search_term_string\"}}],\"inLanguage\":\"es\"},{\"@type\":\"Person\",\"@id\":\"https:\\\/\\\/diazreus.com\\\/es\\\/#\\\/schema\\\/person\\\/ac819f404d59c9664cc3132d90054303\",\"name\":\"mbattier@diazreus.com\",\"url\":\"https:\\\/\\\/diazreus.com\\\/es\\\/author\\\/mbattierdiazreus-com\\\/\"}]}<\/script>\n<!-- \/ Yoast SEO plugin. -->","yoast_head_json":{"title":"Implicaciones de la Iniciativa de Reforma al Poder Judicial en M\u00e9xico - Diaz Reus","robots":{"index":"index","follow":"follow","max-snippet":"max-snippet:-1","max-image-preview":"max-image-preview:large","max-video-preview":"max-video-preview:-1"},"canonical":"https:\/\/diazreus.com\/es\/implicaciones-de-la-iniciativa-de-reforma-al-poder-judicial-en-mexico\/","og_locale":"es_ES","og_type":"article","og_title":"Implicaciones de la Iniciativa de Reforma al Poder Judicial en M\u00e9xico - Diaz Reus","og_description":"Por Hilel E. Silvera Tawil, miembro de Alianza DRT (DRT Alliance) en M\u00e9xico. La iniciativa de reforma al Poder Judicial en M\u00e9xico presentada por el Ejecutivo Federal a la C\u00e1mara de Diputados el 5 de febrero de 2024, contempla cambios significativos en el sistema de impartici\u00f3n de justicia a nivel federal y estatal. En primer lugar, es menester recordar que, ... Read More","og_url":"https:\/\/diazreus.com\/es\/implicaciones-de-la-iniciativa-de-reforma-al-poder-judicial-en-mexico\/","og_site_name":"Diaz Reus","article_published_time":"2024-08-22T12:25:01+00:00","article_modified_time":"2024-08-22T12:28:45+00:00","og_image":[{"width":960,"height":640,"url":"https:\/\/diazreus.com\/wp-content\/uploads\/2024\/08\/Hilel-Latin-Counsel-2.jpg","type":"image\/jpeg"}],"author":"mbattier@diazreus.com","twitter_card":"summary_large_image","twitter_misc":{"Escrito por":"mbattier@diazreus.com","Tiempo de lectura":"2 minutos"},"schema":{"@context":"https:\/\/schema.org","@graph":[{"@type":"Article","@id":"https:\/\/diazreus.com\/es\/implicaciones-de-la-iniciativa-de-reforma-al-poder-judicial-en-mexico\/#article","isPartOf":{"@id":"https:\/\/diazreus.com\/es\/implicaciones-de-la-iniciativa-de-reforma-al-poder-judicial-en-mexico\/"},"author":{"name":"mbattier@diazreus.com","@id":"https:\/\/diazreus.com\/es\/#\/schema\/person\/ac819f404d59c9664cc3132d90054303"},"headline":"Implicaciones de la Iniciativa de Reforma al Poder Judicial en M\u00e9xico","datePublished":"2024-08-22T12:25:01+00:00","dateModified":"2024-08-22T12:28:45+00:00","mainEntityOfPage":{"@id":"https:\/\/diazreus.com\/es\/implicaciones-de-la-iniciativa-de-reforma-al-poder-judicial-en-mexico\/"},"wordCount":265,"image":{"@id":"https:\/\/diazreus.com\/es\/implicaciones-de-la-iniciativa-de-reforma-al-poder-judicial-en-mexico\/#primaryimage"},"thumbnailUrl":"https:\/\/diazreus.com\/wp-content\/uploads\/2024\/08\/Hilel-Latin-Counsel-2.jpg","articleSection":["Articles &amp; Publications","Art\u00edculos"],"inLanguage":"es"},{"@type":"WebPage","@id":"https:\/\/diazreus.com\/es\/implicaciones-de-la-iniciativa-de-reforma-al-poder-judicial-en-mexico\/","url":"https:\/\/diazreus.com\/es\/implicaciones-de-la-iniciativa-de-reforma-al-poder-judicial-en-mexico\/","name":"Implicaciones de la Iniciativa de Reforma al Poder Judicial en M\u00e9xico - Diaz Reus","isPartOf":{"@id":"https:\/\/diazreus.com\/es\/#website"},"primaryImageOfPage":{"@id":"https:\/\/diazreus.com\/es\/implicaciones-de-la-iniciativa-de-reforma-al-poder-judicial-en-mexico\/#primaryimage"},"image":{"@id":"https:\/\/diazreus.com\/es\/implicaciones-de-la-iniciativa-de-reforma-al-poder-judicial-en-mexico\/#primaryimage"},"thumbnailUrl":"https:\/\/diazreus.com\/wp-content\/uploads\/2024\/08\/Hilel-Latin-Counsel-2.jpg","datePublished":"2024-08-22T12:25:01+00:00","dateModified":"2024-08-22T12:28:45+00:00","author":{"@id":"https:\/\/diazreus.com\/es\/#\/schema\/person\/ac819f404d59c9664cc3132d90054303"},"breadcrumb":{"@id":"https:\/\/diazreus.com\/es\/implicaciones-de-la-iniciativa-de-reforma-al-poder-judicial-en-mexico\/#breadcrumb"},"inLanguage":"es","potentialAction":[{"@type":"ReadAction","target":["https:\/\/diazreus.com\/es\/implicaciones-de-la-iniciativa-de-reforma-al-poder-judicial-en-mexico\/"]}]},{"@type":"ImageObject","inLanguage":"es","@id":"https:\/\/diazreus.com\/es\/implicaciones-de-la-iniciativa-de-reforma-al-poder-judicial-en-mexico\/#primaryimage","url":"https:\/\/diazreus.com\/wp-content\/uploads\/2024\/08\/Hilel-Latin-Counsel-2.jpg","contentUrl":"https:\/\/diazreus.com\/wp-content\/uploads\/2024\/08\/Hilel-Latin-Counsel-2.jpg","width":960,"height":640},{"@type":"BreadcrumbList","@id":"https:\/\/diazreus.com\/es\/implicaciones-de-la-iniciativa-de-reforma-al-poder-judicial-en-mexico\/#breadcrumb","itemListElement":[{"@type":"ListItem","position":1,"name":"Home","item":"https:\/\/diazreus.com\/es\/home-espanol\/"},{"@type":"ListItem","position":2,"name":"Implicaciones de la Iniciativa de Reforma al Poder Judicial en M\u00e9xico"}]},{"@type":"WebSite","@id":"https:\/\/diazreus.com\/es\/#website","url":"https:\/\/diazreus.com\/es\/","name":"Diaz Reus","description":"","potentialAction":[{"@type":"SearchAction","target":{"@type":"EntryPoint","urlTemplate":"https:\/\/diazreus.com\/es\/?s={search_term_string}"},"query-input":{"@type":"PropertyValueSpecification","valueRequired":true,"valueName":"search_term_string"}}],"inLanguage":"es"},{"@type":"Person","@id":"https:\/\/diazreus.com\/es\/#\/schema\/person\/ac819f404d59c9664cc3132d90054303","name":"mbattier@diazreus.com","url":"https:\/\/diazreus.com\/es\/author\/mbattierdiazreus-com\/"}]}},"_links":{"self":[{"href":"https:\/\/diazreus.com\/es\/wp-json\/wp\/v2\/posts\/22908","targetHints":{"allow":["GET"]}}],"collection":[{"href":"https:\/\/diazreus.com\/es\/wp-json\/wp\/v2\/posts"}],"about":[{"href":"https:\/\/diazreus.com\/es\/wp-json\/wp\/v2\/types\/post"}],"author":[{"embeddable":true,"href":"https:\/\/diazreus.com\/es\/wp-json\/wp\/v2\/users\/5"}],"replies":[{"embeddable":true,"href":"https:\/\/diazreus.com\/es\/wp-json\/wp\/v2\/comments?post=22908"}],"version-history":[{"count":2,"href":"https:\/\/diazreus.com\/es\/wp-json\/wp\/v2\/posts\/22908\/revisions"}],"predecessor-version":[{"id":22914,"href":"https:\/\/diazreus.com\/es\/wp-json\/wp\/v2\/posts\/22908\/revisions\/22914"}],"wp:featuredmedia":[{"embeddable":true,"href":"https:\/\/diazreus.com\/es\/wp-json\/wp\/v2\/media\/22906"}],"wp:attachment":[{"href":"https:\/\/diazreus.com\/es\/wp-json\/wp\/v2\/media?parent=22908"}],"wp:term":[{"taxonomy":"category","embeddable":true,"href":"https:\/\/diazreus.com\/es\/wp-json\/wp\/v2\/categories?post=22908"},{"taxonomy":"post_tag","embeddable":true,"href":"https:\/\/diazreus.com\/es\/wp-json\/wp\/v2\/tags?post=22908"}],"curies":[{"name":"wp","href":"https:\/\/api.w.org\/{rel}","templated":true}]}}