{"id":21470,"date":"2023-09-28T17:07:44","date_gmt":"2023-09-28T17:07:44","guid":{"rendered":"https:\/\/diazreus.com\/?p=21470"},"modified":"2023-09-28T17:21:07","modified_gmt":"2023-09-28T17:21:07","slug":"jose-ignacio-arteaga-entre-los-diez-abogados-laboralistas-mas-influyentes-de-chile","status":"publish","type":"post","link":"https:\/\/diazreus.com\/es\/jose-ignacio-arteaga-entre-los-diez-abogados-laboralistas-mas-influyentes-de-chile\/","title":{"rendered":"Jos\u00e9 Ignacio Arteaga, Entre Los Diez Abogados Laboralistas M\u00e1s Influyentes De Chile"},"content":{"rendered":"<p>Enhorabuena a <a href=\"https:\/\/diazreus.com\/es\/people\/jose-ignacio-arteaga-2\/\">Jos\u00e9 Ignacio Arteaga Manieu<\/a>, Socio responsable del departamento de Derecho laboral de Abdala &#038; Cia., despacho miembro de la Alianza DRT (DRT Alliance) en Chile! Ha sido reconocido por la revista <a href=\"https:\/\/businesstoday.news\/top-10-most-influential-labour-employment-lawyers-in-chile-2023\/\">Business Today<\/a> como uno de los diez abogados m\u00e1s influyentes en Derecho laboral de Chile!<\/p>\n<p>Los directorios jur\u00eddicos internacionales Legal500, Chambers, Leaders League y Best Lawyers tambi\u00e9n reconocen al Sr. Arteaga entre los mejores abogados de Chile.<\/p>\n","protected":false},"excerpt":{"rendered":"<p>Enhorabuena a Jos\u00e9 Ignacio Arteaga Manieu, Socio responsable del departamento de Derecho laboral de Abdala &#038; Cia., despacho miembro de la Alianza DRT (DRT Alliance) en Chile! Ha sido reconocido por la revista Business Today como uno de los diez abogados m\u00e1s influyentes en Derecho laboral de Chile! Los directorios jur\u00eddicos internacionales Legal500, Chambers, Leaders League y Best Lawyers tambi\u00e9n &#8230; <a href=\"https:\/\/diazreus.com\/es\/jose-ignacio-arteaga-entre-los-diez-abogados-laboralistas-mas-influyentes-de-chile\/\" class=\"more-link\">Read More<\/a><\/p>\n","protected":false},"author":5,"featured_media":21466,"comment_status":"closed","ping_status":"open","sticky":false,"template":"","format":"standard","meta":{"_acf_changed":false,"rs_blank_template":"","rs_page_bg_color":"","slide_template_v7":"","inline_featured_image":false,"footnotes":""},"categories":[872,870,550],"tags":[],"class_list":["post-21470","post","type-post","status-publish","format-standard","has-post-thumbnail","hentry","category-articles-publications","category-news-events","category-eventos"],"acf":[],"yoast_head":"<!-- This site is optimized with the Yoast SEO plugin v27.4 - https:\/\/yoast.com\/product\/yoast-seo-wordpress\/ -->\n<title>Jos\u00e9 Ignacio Arteaga, Entre Los Diez Abogados Laboralistas M\u00e1s Influyentes De Chile - Diaz Reus<\/title>\n<meta name=\"robots\" content=\"index, follow, max-snippet:-1, max-image-preview:large, max-video-preview:-1\" \/>\n<link rel=\"canonical\" href=\"https:\/\/diazreus.com\/es\/jose-ignacio-arteaga-entre-los-diez-abogados-laboralistas-mas-influyentes-de-chile\/\" \/>\n<meta property=\"og:locale\" content=\"es_ES\" \/>\n<meta property=\"og:type\" content=\"article\" \/>\n<meta property=\"og:title\" content=\"Jos\u00e9 Ignacio Arteaga, Entre Los Diez Abogados Laboralistas M\u00e1s Influyentes De Chile - Diaz Reus\" \/>\n<meta property=\"og:description\" content=\"Enhorabuena a Jos\u00e9 Ignacio Arteaga Manieu, Socio responsable del departamento de Derecho laboral de Abdala &#038; Cia., despacho miembro de la Alianza DRT (DRT Alliance) en Chile! Ha sido reconocido por la revista Business Today como uno de los diez abogados m\u00e1s influyentes en Derecho laboral de Chile! Los directorios jur\u00eddicos internacionales Legal500, Chambers, Leaders League y Best Lawyers tambi\u00e9n ... Read More\" \/>\n<meta property=\"og:url\" content=\"https:\/\/diazreus.com\/es\/jose-ignacio-arteaga-entre-los-diez-abogados-laboralistas-mas-influyentes-de-chile\/\" \/>\n<meta property=\"og:site_name\" content=\"Diaz Reus\" \/>\n<meta property=\"article:published_time\" content=\"2023-09-28T17:07:44+00:00\" \/>\n<meta property=\"article:modified_time\" content=\"2023-09-28T17:21:07+00:00\" \/>\n<meta property=\"og:image\" content=\"https:\/\/diazreus.com\/wp-content\/uploads\/2023\/09\/JI-Arteaga-business-today.jpg\" \/>\n\t<meta property=\"og:image:width\" content=\"960\" \/>\n\t<meta property=\"og:image:height\" content=\"640\" \/>\n\t<meta property=\"og:image:type\" content=\"image\/jpeg\" \/>\n<meta name=\"author\" content=\"mbattier@diazreus.com\" \/>\n<meta name=\"twitter:card\" content=\"summary_large_image\" \/>\n<meta name=\"twitter:label1\" content=\"Escrito por\" \/>\n\t<meta name=\"twitter:data1\" content=\"mbattier@diazreus.com\" \/>\n\t<meta name=\"twitter:label2\" content=\"Tiempo de lectura\" \/>\n\t<meta name=\"twitter:data2\" content=\"1 minuto\" \/>\n<script type=\"application\/ld+json\" class=\"yoast-schema-graph\">{\"@context\":\"https:\\\/\\\/schema.org\",\"@graph\":[{\"@type\":\"Article\",\"@id\":\"https:\\\/\\\/diazreus.com\\\/es\\\/jose-ignacio-arteaga-entre-los-diez-abogados-laboralistas-mas-influyentes-de-chile\\\/#article\",\"isPartOf\":{\"@id\":\"https:\\\/\\\/diazreus.com\\\/es\\\/jose-ignacio-arteaga-entre-los-diez-abogados-laboralistas-mas-influyentes-de-chile\\\/\"},\"author\":{\"name\":\"mbattier@diazreus.com\",\"@id\":\"https:\\\/\\\/diazreus.com\\\/es\\\/#\\\/schema\\\/person\\\/ac819f404d59c9664cc3132d90054303\"},\"headline\":\"Jos\u00e9 Ignacio Arteaga, Entre Los Diez Abogados Laboralistas M\u00e1s Influyentes De Chile\",\"datePublished\":\"2023-09-28T17:07:44+00:00\",\"dateModified\":\"2023-09-28T17:21:07+00:00\",\"mainEntityOfPage\":{\"@id\":\"https:\\\/\\\/diazreus.com\\\/es\\\/jose-ignacio-arteaga-entre-los-diez-abogados-laboralistas-mas-influyentes-de-chile\\\/\"},\"wordCount\":85,\"image\":{\"@id\":\"https:\\\/\\\/diazreus.com\\\/es\\\/jose-ignacio-arteaga-entre-los-diez-abogados-laboralistas-mas-influyentes-de-chile\\\/#primaryimage\"},\"thumbnailUrl\":\"https:\\\/\\\/diazreus.com\\\/wp-content\\\/uploads\\\/2023\\\/09\\\/JI-Arteaga-business-today.jpg\",\"articleSection\":[\"Articles &amp; Publications\",\"News &amp; Events\",\"Eventos\"],\"inLanguage\":\"es\"},{\"@type\":\"WebPage\",\"@id\":\"https:\\\/\\\/diazreus.com\\\/es\\\/jose-ignacio-arteaga-entre-los-diez-abogados-laboralistas-mas-influyentes-de-chile\\\/\",\"url\":\"https:\\\/\\\/diazreus.com\\\/es\\\/jose-ignacio-arteaga-entre-los-diez-abogados-laboralistas-mas-influyentes-de-chile\\\/\",\"name\":\"Jos\u00e9 Ignacio Arteaga, Entre Los Diez Abogados Laboralistas M\u00e1s Influyentes De Chile - Diaz Reus\",\"isPartOf\":{\"@id\":\"https:\\\/\\\/diazreus.com\\\/es\\\/#website\"},\"primaryImageOfPage\":{\"@id\":\"https:\\\/\\\/diazreus.com\\\/es\\\/jose-ignacio-arteaga-entre-los-diez-abogados-laboralistas-mas-influyentes-de-chile\\\/#primaryimage\"},\"image\":{\"@id\":\"https:\\\/\\\/diazreus.com\\\/es\\\/jose-ignacio-arteaga-entre-los-diez-abogados-laboralistas-mas-influyentes-de-chile\\\/#primaryimage\"},\"thumbnailUrl\":\"https:\\\/\\\/diazreus.com\\\/wp-content\\\/uploads\\\/2023\\\/09\\\/JI-Arteaga-business-today.jpg\",\"datePublished\":\"2023-09-28T17:07:44+00:00\",\"dateModified\":\"2023-09-28T17:21:07+00:00\",\"author\":{\"@id\":\"https:\\\/\\\/diazreus.com\\\/es\\\/#\\\/schema\\\/person\\\/ac819f404d59c9664cc3132d90054303\"},\"breadcrumb\":{\"@id\":\"https:\\\/\\\/diazreus.com\\\/es\\\/jose-ignacio-arteaga-entre-los-diez-abogados-laboralistas-mas-influyentes-de-chile\\\/#breadcrumb\"},\"inLanguage\":\"es\",\"potentialAction\":[{\"@type\":\"ReadAction\",\"target\":[\"https:\\\/\\\/diazreus.com\\\/es\\\/jose-ignacio-arteaga-entre-los-diez-abogados-laboralistas-mas-influyentes-de-chile\\\/\"]}]},{\"@type\":\"ImageObject\",\"inLanguage\":\"es\",\"@id\":\"https:\\\/\\\/diazreus.com\\\/es\\\/jose-ignacio-arteaga-entre-los-diez-abogados-laboralistas-mas-influyentes-de-chile\\\/#primaryimage\",\"url\":\"https:\\\/\\\/diazreus.com\\\/wp-content\\\/uploads\\\/2023\\\/09\\\/JI-Arteaga-business-today.jpg\",\"contentUrl\":\"https:\\\/\\\/diazreus.com\\\/wp-content\\\/uploads\\\/2023\\\/09\\\/JI-Arteaga-business-today.jpg\",\"width\":960,\"height\":640},{\"@type\":\"BreadcrumbList\",\"@id\":\"https:\\\/\\\/diazreus.com\\\/es\\\/jose-ignacio-arteaga-entre-los-diez-abogados-laboralistas-mas-influyentes-de-chile\\\/#breadcrumb\",\"itemListElement\":[{\"@type\":\"ListItem\",\"position\":1,\"name\":\"Home\",\"item\":\"https:\\\/\\\/diazreus.com\\\/es\\\/home-espanol\\\/\"},{\"@type\":\"ListItem\",\"position\":2,\"name\":\"Jos\u00e9 Ignacio Arteaga, Entre Los Diez Abogados Laboralistas M\u00e1s Influyentes De Chile\"}]},{\"@type\":\"WebSite\",\"@id\":\"https:\\\/\\\/diazreus.com\\\/es\\\/#website\",\"url\":\"https:\\\/\\\/diazreus.com\\\/es\\\/\",\"name\":\"Diaz Reus\",\"description\":\"\",\"potentialAction\":[{\"@type\":\"SearchAction\",\"target\":{\"@type\":\"EntryPoint\",\"urlTemplate\":\"https:\\\/\\\/diazreus.com\\\/es\\\/?s={search_term_string}\"},\"query-input\":{\"@type\":\"PropertyValueSpecification\",\"valueRequired\":true,\"valueName\":\"search_term_string\"}}],\"inLanguage\":\"es\"},{\"@type\":\"Person\",\"@id\":\"https:\\\/\\\/diazreus.com\\\/es\\\/#\\\/schema\\\/person\\\/ac819f404d59c9664cc3132d90054303\",\"name\":\"mbattier@diazreus.com\",\"url\":\"https:\\\/\\\/diazreus.com\\\/es\\\/author\\\/mbattierdiazreus-com\\\/\"}]}<\/script>\n<!-- \/ Yoast SEO plugin. -->","yoast_head_json":{"title":"Jos\u00e9 Ignacio Arteaga, Entre Los Diez Abogados Laboralistas M\u00e1s Influyentes De Chile - Diaz Reus","robots":{"index":"index","follow":"follow","max-snippet":"max-snippet:-1","max-image-preview":"max-image-preview:large","max-video-preview":"max-video-preview:-1"},"canonical":"https:\/\/diazreus.com\/es\/jose-ignacio-arteaga-entre-los-diez-abogados-laboralistas-mas-influyentes-de-chile\/","og_locale":"es_ES","og_type":"article","og_title":"Jos\u00e9 Ignacio Arteaga, Entre Los Diez Abogados Laboralistas M\u00e1s Influyentes De Chile - Diaz Reus","og_description":"Enhorabuena a Jos\u00e9 Ignacio Arteaga Manieu, Socio responsable del departamento de Derecho laboral de Abdala &#038; Cia., despacho miembro de la Alianza DRT (DRT Alliance) en Chile! Ha sido reconocido por la revista Business Today como uno de los diez abogados m\u00e1s influyentes en Derecho laboral de Chile! Los directorios jur\u00eddicos internacionales Legal500, Chambers, Leaders League y Best Lawyers tambi\u00e9n ... Read More","og_url":"https:\/\/diazreus.com\/es\/jose-ignacio-arteaga-entre-los-diez-abogados-laboralistas-mas-influyentes-de-chile\/","og_site_name":"Diaz Reus","article_published_time":"2023-09-28T17:07:44+00:00","article_modified_time":"2023-09-28T17:21:07+00:00","og_image":[{"width":960,"height":640,"url":"https:\/\/diazreus.com\/wp-content\/uploads\/2023\/09\/JI-Arteaga-business-today.jpg","type":"image\/jpeg"}],"author":"mbattier@diazreus.com","twitter_card":"summary_large_image","twitter_misc":{"Escrito por":"mbattier@diazreus.com","Tiempo de lectura":"1 minuto"},"schema":{"@context":"https:\/\/schema.org","@graph":[{"@type":"Article","@id":"https:\/\/diazreus.com\/es\/jose-ignacio-arteaga-entre-los-diez-abogados-laboralistas-mas-influyentes-de-chile\/#article","isPartOf":{"@id":"https:\/\/diazreus.com\/es\/jose-ignacio-arteaga-entre-los-diez-abogados-laboralistas-mas-influyentes-de-chile\/"},"author":{"name":"mbattier@diazreus.com","@id":"https:\/\/diazreus.com\/es\/#\/schema\/person\/ac819f404d59c9664cc3132d90054303"},"headline":"Jos\u00e9 Ignacio Arteaga, Entre Los Diez Abogados Laboralistas M\u00e1s Influyentes De Chile","datePublished":"2023-09-28T17:07:44+00:00","dateModified":"2023-09-28T17:21:07+00:00","mainEntityOfPage":{"@id":"https:\/\/diazreus.com\/es\/jose-ignacio-arteaga-entre-los-diez-abogados-laboralistas-mas-influyentes-de-chile\/"},"wordCount":85,"image":{"@id":"https:\/\/diazreus.com\/es\/jose-ignacio-arteaga-entre-los-diez-abogados-laboralistas-mas-influyentes-de-chile\/#primaryimage"},"thumbnailUrl":"https:\/\/diazreus.com\/wp-content\/uploads\/2023\/09\/JI-Arteaga-business-today.jpg","articleSection":["Articles &amp; Publications","News &amp; Events","Eventos"],"inLanguage":"es"},{"@type":"WebPage","@id":"https:\/\/diazreus.com\/es\/jose-ignacio-arteaga-entre-los-diez-abogados-laboralistas-mas-influyentes-de-chile\/","url":"https:\/\/diazreus.com\/es\/jose-ignacio-arteaga-entre-los-diez-abogados-laboralistas-mas-influyentes-de-chile\/","name":"Jos\u00e9 Ignacio Arteaga, Entre Los Diez Abogados Laboralistas M\u00e1s Influyentes De Chile - Diaz Reus","isPartOf":{"@id":"https:\/\/diazreus.com\/es\/#website"},"primaryImageOfPage":{"@id":"https:\/\/diazreus.com\/es\/jose-ignacio-arteaga-entre-los-diez-abogados-laboralistas-mas-influyentes-de-chile\/#primaryimage"},"image":{"@id":"https:\/\/diazreus.com\/es\/jose-ignacio-arteaga-entre-los-diez-abogados-laboralistas-mas-influyentes-de-chile\/#primaryimage"},"thumbnailUrl":"https:\/\/diazreus.com\/wp-content\/uploads\/2023\/09\/JI-Arteaga-business-today.jpg","datePublished":"2023-09-28T17:07:44+00:00","dateModified":"2023-09-28T17:21:07+00:00","author":{"@id":"https:\/\/diazreus.com\/es\/#\/schema\/person\/ac819f404d59c9664cc3132d90054303"},"breadcrumb":{"@id":"https:\/\/diazreus.com\/es\/jose-ignacio-arteaga-entre-los-diez-abogados-laboralistas-mas-influyentes-de-chile\/#breadcrumb"},"inLanguage":"es","potentialAction":[{"@type":"ReadAction","target":["https:\/\/diazreus.com\/es\/jose-ignacio-arteaga-entre-los-diez-abogados-laboralistas-mas-influyentes-de-chile\/"]}]},{"@type":"ImageObject","inLanguage":"es","@id":"https:\/\/diazreus.com\/es\/jose-ignacio-arteaga-entre-los-diez-abogados-laboralistas-mas-influyentes-de-chile\/#primaryimage","url":"https:\/\/diazreus.com\/wp-content\/uploads\/2023\/09\/JI-Arteaga-business-today.jpg","contentUrl":"https:\/\/diazreus.com\/wp-content\/uploads\/2023\/09\/JI-Arteaga-business-today.jpg","width":960,"height":640},{"@type":"BreadcrumbList","@id":"https:\/\/diazreus.com\/es\/jose-ignacio-arteaga-entre-los-diez-abogados-laboralistas-mas-influyentes-de-chile\/#breadcrumb","itemListElement":[{"@type":"ListItem","position":1,"name":"Home","item":"https:\/\/diazreus.com\/es\/home-espanol\/"},{"@type":"ListItem","position":2,"name":"Jos\u00e9 Ignacio Arteaga, Entre Los Diez Abogados Laboralistas M\u00e1s Influyentes De Chile"}]},{"@type":"WebSite","@id":"https:\/\/diazreus.com\/es\/#website","url":"https:\/\/diazreus.com\/es\/","name":"Diaz Reus","description":"","potentialAction":[{"@type":"SearchAction","target":{"@type":"EntryPoint","urlTemplate":"https:\/\/diazreus.com\/es\/?s={search_term_string}"},"query-input":{"@type":"PropertyValueSpecification","valueRequired":true,"valueName":"search_term_string"}}],"inLanguage":"es"},{"@type":"Person","@id":"https:\/\/diazreus.com\/es\/#\/schema\/person\/ac819f404d59c9664cc3132d90054303","name":"mbattier@diazreus.com","url":"https:\/\/diazreus.com\/es\/author\/mbattierdiazreus-com\/"}]}},"_links":{"self":[{"href":"https:\/\/diazreus.com\/es\/wp-json\/wp\/v2\/posts\/21470","targetHints":{"allow":["GET"]}}],"collection":[{"href":"https:\/\/diazreus.com\/es\/wp-json\/wp\/v2\/posts"}],"about":[{"href":"https:\/\/diazreus.com\/es\/wp-json\/wp\/v2\/types\/post"}],"author":[{"embeddable":true,"href":"https:\/\/diazreus.com\/es\/wp-json\/wp\/v2\/users\/5"}],"replies":[{"embeddable":true,"href":"https:\/\/diazreus.com\/es\/wp-json\/wp\/v2\/comments?post=21470"}],"version-history":[{"count":2,"href":"https:\/\/diazreus.com\/es\/wp-json\/wp\/v2\/posts\/21470\/revisions"}],"predecessor-version":[{"id":21472,"href":"https:\/\/diazreus.com\/es\/wp-json\/wp\/v2\/posts\/21470\/revisions\/21472"}],"wp:featuredmedia":[{"embeddable":true,"href":"https:\/\/diazreus.com\/es\/wp-json\/wp\/v2\/media\/21466"}],"wp:attachment":[{"href":"https:\/\/diazreus.com\/es\/wp-json\/wp\/v2\/media?parent=21470"}],"wp:term":[{"taxonomy":"category","embeddable":true,"href":"https:\/\/diazreus.com\/es\/wp-json\/wp\/v2\/categories?post=21470"},{"taxonomy":"post_tag","embeddable":true,"href":"https:\/\/diazreus.com\/es\/wp-json\/wp\/v2\/tags?post=21470"}],"curies":[{"name":"wp","href":"https:\/\/api.w.org\/{rel}","templated":true}]}}