{"id":21365,"date":"2023-08-28T13:06:17","date_gmt":"2023-08-28T13:06:17","guid":{"rendered":"https:\/\/diazreus.com\/?p=21365"},"modified":"2023-08-28T14:02:53","modified_gmt":"2023-08-28T14:02:53","slug":"diaz-reus-y-sus-miembros-de-la-alianza-drt-reconocidos-por-chambers-latin-america-2024","status":"publish","type":"post","link":"https:\/\/diazreus.com\/es\/diaz-reus-y-sus-miembros-de-la-alianza-drt-reconocidos-por-chambers-latin-america-2024\/","title":{"rendered":"D\u00edaz Reus y sus miembros de la Alianza DRT reconocidos por Chambers Latin America 2024"},"content":{"rendered":"<p>El equipo de delitos de cuello o guante blanco de Diaz Reus International Law Firm y <a href=\"https:\/\/diazreus.com\/es\/people\/michael-diaz-jr-2\/\">Michael Diaz, Jr.<\/a> han sido clasificados en Corporate Crime &#038; Investigations (International Counsel) por el famoso directorio legal internacional Chambers Latin America, edici\u00f3n 2024.<\/p>\n<p>Chambers comenta que \u00abDiaz Reus tiene una fuerte experiencia en trabajos complejos y sofisticados, especialmente en recuperaci\u00f3n internacional de activos y asuntos transfronterizos. Michael D\u00edaz se mantiene activo representando a individuos en procesos penales en tribunales estadounidenses y latinoamericanos relacionados con investigaciones y sanciones por corrupci\u00f3n, con experiencia adicional en investigaciones de FCPA. Un cliente comenta: \u00abMichael Diaz es altamente receptivo, y proporciona seguimientos y consejos l\u00f3gicos, bien fundados y sofisticados\u00bb.<\/p>\n<p>Otras firmas de abogados, miembros de la Alianza DRT, tambi\u00e9n han sido clasificadas por Chambers Latin America 2024:<br \/>\n&#8211; Chile: Abdala &#038; Cia.: Laboral &#038; Empleo (<a href=\"https:\/\/diazreus.com\/es\/people\/jose-ignacio-arteaga-2\/\">Jos\u00e9 Ignacio Arteaga Manieu<\/a>); corporativo \/ M&#038;A (<a href=\"https:\/\/diazreus.com\/es\/people\/ricardo-abdala-2\/\">Ricardo Abdala Hirane<\/a>)<br \/>\n&#8211; Guatemala: A.D. Sosa Soto: Corporativo \/ Fusiones y Adquisiciones (Juan Sebasti\u00e1n Soto); Resoluci\u00f3n de Disputas (Daniel Marroqu\u00edn); Propiedad Intelectual (Hania Kruck, Juan Sebasti\u00e1n Soto); Energ\u00eda y Recursos Naturales (Carlos Rafael Pellecer); Bienes Ra\u00edces (Jos\u00e9 Javier Sosa y Rita P\u00e9ez); Impuestos (Juan Pablo Ortiz).<br \/>\n&#8211; Per\u00fa: Aramburu, Casta\u00f1eda, Boero Abogados: Resoluci\u00f3n de conflictos, \u00e1rbitros m\u00e1s solicitados: Manuel Diego Arambur\u00fa Yzaga<\/p>\n<p>D\u00edaz Reus International Law Firm opera en los cinco continentes, a trav\u00e9s de 36 oficinas en centros de negocios clave, ofreciendo una pr\u00e1ctica global centrada en procedimientos paralelos nacionales e internacionales y transacciones comerciales. El bufete, sus fundadores y socios clave son expertos de renombre mundial certificados en Derecho Internacional, Litigaci\u00f3n y Arbitraje Internacional y Derecho de Inmigraci\u00f3n y Nacionalidad. Global Investigations Review (GIR) nos reconoce como uno de los 100 mejores bufetes de abogados del mundo en asuntos penales delicados relacionados con investigaciones sobre corrupci\u00f3n gubernamental y extranjera, incluido el blanqueo de dinero, sanciones comerciales y de la OFAC, disputas sobre inmunidad soberana extranjera (FSIA) y asuntos de recuperaci\u00f3n de activos globales. El bufete tambi\u00e9n cuenta con el reconocimiento mundial de Legal500, Chambers &#038; Partners, Leaders League, Law360, Latinvex y muchos m\u00e1s.<\/p>\n<p>La <a href=\"https:\/\/diazreus.com\/es\/drt-alliance-2\/\">Alianza DRT<\/a> (DRT Alliance) es una red global de despachos de abogados que proporciona a los clientes un acceso sin fisuras a los servicios jur\u00eddicos en los principales centros de negocios en los EE.UU., Canad\u00e1, Am\u00e9rica Latina, Europa Oriental y Occidental, Asia, \u00c1frica y Oriente Medio. Tanto si forman parte del bufete central de D\u00edaz, Reus &#038; Targ, LLP en Miami, Florida, como si son de propiedad y gesti\u00f3n independientes, cada miembro de la Alianza DRT ha sido minuciosamente examinado por ofrecer talento y experiencia jur\u00eddica de la m\u00e1xima calidad, compartiendo los mismos valores, visi\u00f3n estrat\u00e9gica y dedicaci\u00f3n al servicio al cliente.<\/p>\n","protected":false},"excerpt":{"rendered":"<p>El equipo de delitos de cuello o guante blanco de Diaz Reus International Law Firm y Michael Diaz, Jr. han sido clasificados en Corporate Crime &#038; Investigations (International Counsel) por el famoso directorio legal internacional Chambers Latin America, edici\u00f3n 2024. Chambers comenta que \u00abDiaz Reus tiene una fuerte experiencia en trabajos complejos y sofisticados, especialmente en recuperaci\u00f3n internacional de activos &#8230; <a href=\"https:\/\/diazreus.com\/es\/diaz-reus-y-sus-miembros-de-la-alianza-drt-reconocidos-por-chambers-latin-america-2024\/\" class=\"more-link\">Read More<\/a><\/p>\n","protected":false},"author":5,"featured_media":21332,"comment_status":"closed","ping_status":"open","sticky":false,"template":"","format":"standard","meta":{"_acf_changed":false,"rs_blank_template":"","rs_page_bg_color":"","slide_template_v7":"","inline_featured_image":false,"footnotes":""},"categories":[872,870,550,1],"tags":[],"class_list":["post-21365","post","type-post","status-publish","format-standard","has-post-thumbnail","hentry","category-articles-publications","category-news-events","category-eventos","category-uncategorized"],"acf":[],"yoast_head":"<!-- This site is optimized with the Yoast SEO plugin v27.5 - https:\/\/yoast.com\/product\/yoast-seo-wordpress\/ -->\n<title>D\u00edaz Reus y sus miembros de la Alianza DRT reconocidos por Chambers Latin America 2024 - Diaz Reus<\/title>\n<meta name=\"robots\" content=\"index, follow, max-snippet:-1, max-image-preview:large, max-video-preview:-1\" \/>\n<link rel=\"canonical\" href=\"https:\/\/diazreus.com\/es\/diaz-reus-y-sus-miembros-de-la-alianza-drt-reconocidos-por-chambers-latin-america-2024\/\" \/>\n<meta property=\"og:locale\" content=\"es_ES\" \/>\n<meta property=\"og:type\" content=\"article\" \/>\n<meta property=\"og:title\" content=\"D\u00edaz Reus y sus miembros de la Alianza DRT reconocidos por Chambers Latin America 2024 - Diaz Reus\" \/>\n<meta property=\"og:description\" content=\"El equipo de delitos de cuello o guante blanco de Diaz Reus International Law Firm y Michael Diaz, Jr. han sido clasificados en Corporate Crime &#038; Investigations (International Counsel) por el famoso directorio legal internacional Chambers Latin America, edici\u00f3n 2024. Chambers comenta que \u00abDiaz Reus tiene una fuerte experiencia en trabajos complejos y sofisticados, especialmente en recuperaci\u00f3n internacional de activos ... Read More\" \/>\n<meta property=\"og:url\" content=\"https:\/\/diazreus.com\/es\/diaz-reus-y-sus-miembros-de-la-alianza-drt-reconocidos-por-chambers-latin-america-2024\/\" \/>\n<meta property=\"og:site_name\" content=\"Diaz Reus\" \/>\n<meta property=\"article:published_time\" content=\"2023-08-28T13:06:17+00:00\" \/>\n<meta property=\"article:modified_time\" content=\"2023-08-28T14:02:53+00:00\" \/>\n<meta property=\"og:image\" content=\"https:\/\/diazreus.com\/wp-content\/uploads\/2023\/08\/Chambers-LATAM-2024.jpg\" \/>\n\t<meta property=\"og:image:width\" content=\"1141\" \/>\n\t<meta property=\"og:image:height\" content=\"856\" \/>\n\t<meta property=\"og:image:type\" content=\"image\/jpeg\" \/>\n<meta name=\"author\" content=\"mbattier@diazreus.com\" \/>\n<meta name=\"twitter:card\" content=\"summary_large_image\" \/>\n<meta name=\"twitter:label1\" content=\"Escrito por\" \/>\n\t<meta name=\"twitter:data1\" content=\"mbattier@diazreus.com\" \/>\n\t<meta name=\"twitter:label2\" content=\"Tiempo de lectura\" \/>\n\t<meta name=\"twitter:data2\" content=\"1 minuto\" \/>\n<script type=\"application\/ld+json\" class=\"yoast-schema-graph\">{\"@context\":\"https:\\\/\\\/schema.org\",\"@graph\":[{\"@type\":\"Article\",\"@id\":\"https:\\\/\\\/diazreus.com\\\/es\\\/diaz-reus-y-sus-miembros-de-la-alianza-drt-reconocidos-por-chambers-latin-america-2024\\\/#article\",\"isPartOf\":{\"@id\":\"https:\\\/\\\/diazreus.com\\\/es\\\/diaz-reus-y-sus-miembros-de-la-alianza-drt-reconocidos-por-chambers-latin-america-2024\\\/\"},\"author\":{\"name\":\"mbattier@diazreus.com\",\"@id\":\"https:\\\/\\\/diazreus.com\\\/es\\\/#\\\/schema\\\/person\\\/ac819f404d59c9664cc3132d90054303\"},\"headline\":\"D\u00edaz Reus y sus miembros de la Alianza DRT reconocidos por Chambers Latin America 2024\",\"datePublished\":\"2023-08-28T13:06:17+00:00\",\"dateModified\":\"2023-08-28T14:02:53+00:00\",\"mainEntityOfPage\":{\"@id\":\"https:\\\/\\\/diazreus.com\\\/es\\\/diaz-reus-y-sus-miembros-de-la-alianza-drt-reconocidos-por-chambers-latin-america-2024\\\/\"},\"wordCount\":484,\"image\":{\"@id\":\"https:\\\/\\\/diazreus.com\\\/es\\\/diaz-reus-y-sus-miembros-de-la-alianza-drt-reconocidos-por-chambers-latin-america-2024\\\/#primaryimage\"},\"thumbnailUrl\":\"https:\\\/\\\/diazreus.com\\\/wp-content\\\/uploads\\\/2023\\\/08\\\/Chambers-LATAM-2024.jpg\",\"articleSection\":[\"Articles &amp; Publications\",\"News &amp; Events\",\"Eventos\",\"Sin categoria\"],\"inLanguage\":\"es\"},{\"@type\":\"WebPage\",\"@id\":\"https:\\\/\\\/diazreus.com\\\/es\\\/diaz-reus-y-sus-miembros-de-la-alianza-drt-reconocidos-por-chambers-latin-america-2024\\\/\",\"url\":\"https:\\\/\\\/diazreus.com\\\/es\\\/diaz-reus-y-sus-miembros-de-la-alianza-drt-reconocidos-por-chambers-latin-america-2024\\\/\",\"name\":\"D\u00edaz Reus y sus miembros de la Alianza DRT reconocidos por Chambers Latin America 2024 - Diaz Reus\",\"isPartOf\":{\"@id\":\"https:\\\/\\\/diazreus.com\\\/es\\\/#website\"},\"primaryImageOfPage\":{\"@id\":\"https:\\\/\\\/diazreus.com\\\/es\\\/diaz-reus-y-sus-miembros-de-la-alianza-drt-reconocidos-por-chambers-latin-america-2024\\\/#primaryimage\"},\"image\":{\"@id\":\"https:\\\/\\\/diazreus.com\\\/es\\\/diaz-reus-y-sus-miembros-de-la-alianza-drt-reconocidos-por-chambers-latin-america-2024\\\/#primaryimage\"},\"thumbnailUrl\":\"https:\\\/\\\/diazreus.com\\\/wp-content\\\/uploads\\\/2023\\\/08\\\/Chambers-LATAM-2024.jpg\",\"datePublished\":\"2023-08-28T13:06:17+00:00\",\"dateModified\":\"2023-08-28T14:02:53+00:00\",\"author\":{\"@id\":\"https:\\\/\\\/diazreus.com\\\/es\\\/#\\\/schema\\\/person\\\/ac819f404d59c9664cc3132d90054303\"},\"breadcrumb\":{\"@id\":\"https:\\\/\\\/diazreus.com\\\/es\\\/diaz-reus-y-sus-miembros-de-la-alianza-drt-reconocidos-por-chambers-latin-america-2024\\\/#breadcrumb\"},\"inLanguage\":\"es\",\"potentialAction\":[{\"@type\":\"ReadAction\",\"target\":[\"https:\\\/\\\/diazreus.com\\\/es\\\/diaz-reus-y-sus-miembros-de-la-alianza-drt-reconocidos-por-chambers-latin-america-2024\\\/\"]}]},{\"@type\":\"ImageObject\",\"inLanguage\":\"es\",\"@id\":\"https:\\\/\\\/diazreus.com\\\/es\\\/diaz-reus-y-sus-miembros-de-la-alianza-drt-reconocidos-por-chambers-latin-america-2024\\\/#primaryimage\",\"url\":\"https:\\\/\\\/diazreus.com\\\/wp-content\\\/uploads\\\/2023\\\/08\\\/Chambers-LATAM-2024.jpg\",\"contentUrl\":\"https:\\\/\\\/diazreus.com\\\/wp-content\\\/uploads\\\/2023\\\/08\\\/Chambers-LATAM-2024.jpg\",\"width\":1141,\"height\":856},{\"@type\":\"BreadcrumbList\",\"@id\":\"https:\\\/\\\/diazreus.com\\\/es\\\/diaz-reus-y-sus-miembros-de-la-alianza-drt-reconocidos-por-chambers-latin-america-2024\\\/#breadcrumb\",\"itemListElement\":[{\"@type\":\"ListItem\",\"position\":1,\"name\":\"Home\",\"item\":\"https:\\\/\\\/diazreus.com\\\/es\\\/home-espanol\\\/\"},{\"@type\":\"ListItem\",\"position\":2,\"name\":\"D\u00edaz Reus y sus miembros de la Alianza DRT reconocidos por Chambers Latin America 2024\"}]},{\"@type\":\"WebSite\",\"@id\":\"https:\\\/\\\/diazreus.com\\\/es\\\/#website\",\"url\":\"https:\\\/\\\/diazreus.com\\\/es\\\/\",\"name\":\"Diaz Reus\",\"description\":\"\",\"potentialAction\":[{\"@type\":\"SearchAction\",\"target\":{\"@type\":\"EntryPoint\",\"urlTemplate\":\"https:\\\/\\\/diazreus.com\\\/es\\\/?s={search_term_string}\"},\"query-input\":{\"@type\":\"PropertyValueSpecification\",\"valueRequired\":true,\"valueName\":\"search_term_string\"}}],\"inLanguage\":\"es\"},{\"@type\":\"Person\",\"@id\":\"https:\\\/\\\/diazreus.com\\\/es\\\/#\\\/schema\\\/person\\\/ac819f404d59c9664cc3132d90054303\",\"name\":\"mbattier@diazreus.com\",\"url\":\"https:\\\/\\\/diazreus.com\\\/es\\\/author\\\/mbattierdiazreus-com\\\/\"}]}<\/script>\n<!-- \/ Yoast SEO plugin. -->","yoast_head_json":{"title":"D\u00edaz Reus y sus miembros de la Alianza DRT reconocidos por Chambers Latin America 2024 - Diaz Reus","robots":{"index":"index","follow":"follow","max-snippet":"max-snippet:-1","max-image-preview":"max-image-preview:large","max-video-preview":"max-video-preview:-1"},"canonical":"https:\/\/diazreus.com\/es\/diaz-reus-y-sus-miembros-de-la-alianza-drt-reconocidos-por-chambers-latin-america-2024\/","og_locale":"es_ES","og_type":"article","og_title":"D\u00edaz Reus y sus miembros de la Alianza DRT reconocidos por Chambers Latin America 2024 - Diaz Reus","og_description":"El equipo de delitos de cuello o guante blanco de Diaz Reus International Law Firm y Michael Diaz, Jr. han sido clasificados en Corporate Crime &#038; Investigations (International Counsel) por el famoso directorio legal internacional Chambers Latin America, edici\u00f3n 2024. Chambers comenta que \u00abDiaz Reus tiene una fuerte experiencia en trabajos complejos y sofisticados, especialmente en recuperaci\u00f3n internacional de activos ... Read More","og_url":"https:\/\/diazreus.com\/es\/diaz-reus-y-sus-miembros-de-la-alianza-drt-reconocidos-por-chambers-latin-america-2024\/","og_site_name":"Diaz Reus","article_published_time":"2023-08-28T13:06:17+00:00","article_modified_time":"2023-08-28T14:02:53+00:00","og_image":[{"width":1141,"height":856,"url":"https:\/\/diazreus.com\/wp-content\/uploads\/2023\/08\/Chambers-LATAM-2024.jpg","type":"image\/jpeg"}],"author":"mbattier@diazreus.com","twitter_card":"summary_large_image","twitter_misc":{"Escrito por":"mbattier@diazreus.com","Tiempo de lectura":"1 minuto"},"schema":{"@context":"https:\/\/schema.org","@graph":[{"@type":"Article","@id":"https:\/\/diazreus.com\/es\/diaz-reus-y-sus-miembros-de-la-alianza-drt-reconocidos-por-chambers-latin-america-2024\/#article","isPartOf":{"@id":"https:\/\/diazreus.com\/es\/diaz-reus-y-sus-miembros-de-la-alianza-drt-reconocidos-por-chambers-latin-america-2024\/"},"author":{"name":"mbattier@diazreus.com","@id":"https:\/\/diazreus.com\/es\/#\/schema\/person\/ac819f404d59c9664cc3132d90054303"},"headline":"D\u00edaz Reus y sus miembros de la Alianza DRT reconocidos por Chambers Latin America 2024","datePublished":"2023-08-28T13:06:17+00:00","dateModified":"2023-08-28T14:02:53+00:00","mainEntityOfPage":{"@id":"https:\/\/diazreus.com\/es\/diaz-reus-y-sus-miembros-de-la-alianza-drt-reconocidos-por-chambers-latin-america-2024\/"},"wordCount":484,"image":{"@id":"https:\/\/diazreus.com\/es\/diaz-reus-y-sus-miembros-de-la-alianza-drt-reconocidos-por-chambers-latin-america-2024\/#primaryimage"},"thumbnailUrl":"https:\/\/diazreus.com\/wp-content\/uploads\/2023\/08\/Chambers-LATAM-2024.jpg","articleSection":["Articles &amp; Publications","News &amp; Events","Eventos","Sin categoria"],"inLanguage":"es"},{"@type":"WebPage","@id":"https:\/\/diazreus.com\/es\/diaz-reus-y-sus-miembros-de-la-alianza-drt-reconocidos-por-chambers-latin-america-2024\/","url":"https:\/\/diazreus.com\/es\/diaz-reus-y-sus-miembros-de-la-alianza-drt-reconocidos-por-chambers-latin-america-2024\/","name":"D\u00edaz Reus y sus miembros de la Alianza DRT reconocidos por Chambers Latin America 2024 - Diaz Reus","isPartOf":{"@id":"https:\/\/diazreus.com\/es\/#website"},"primaryImageOfPage":{"@id":"https:\/\/diazreus.com\/es\/diaz-reus-y-sus-miembros-de-la-alianza-drt-reconocidos-por-chambers-latin-america-2024\/#primaryimage"},"image":{"@id":"https:\/\/diazreus.com\/es\/diaz-reus-y-sus-miembros-de-la-alianza-drt-reconocidos-por-chambers-latin-america-2024\/#primaryimage"},"thumbnailUrl":"https:\/\/diazreus.com\/wp-content\/uploads\/2023\/08\/Chambers-LATAM-2024.jpg","datePublished":"2023-08-28T13:06:17+00:00","dateModified":"2023-08-28T14:02:53+00:00","author":{"@id":"https:\/\/diazreus.com\/es\/#\/schema\/person\/ac819f404d59c9664cc3132d90054303"},"breadcrumb":{"@id":"https:\/\/diazreus.com\/es\/diaz-reus-y-sus-miembros-de-la-alianza-drt-reconocidos-por-chambers-latin-america-2024\/#breadcrumb"},"inLanguage":"es","potentialAction":[{"@type":"ReadAction","target":["https:\/\/diazreus.com\/es\/diaz-reus-y-sus-miembros-de-la-alianza-drt-reconocidos-por-chambers-latin-america-2024\/"]}]},{"@type":"ImageObject","inLanguage":"es","@id":"https:\/\/diazreus.com\/es\/diaz-reus-y-sus-miembros-de-la-alianza-drt-reconocidos-por-chambers-latin-america-2024\/#primaryimage","url":"https:\/\/diazreus.com\/wp-content\/uploads\/2023\/08\/Chambers-LATAM-2024.jpg","contentUrl":"https:\/\/diazreus.com\/wp-content\/uploads\/2023\/08\/Chambers-LATAM-2024.jpg","width":1141,"height":856},{"@type":"BreadcrumbList","@id":"https:\/\/diazreus.com\/es\/diaz-reus-y-sus-miembros-de-la-alianza-drt-reconocidos-por-chambers-latin-america-2024\/#breadcrumb","itemListElement":[{"@type":"ListItem","position":1,"name":"Home","item":"https:\/\/diazreus.com\/es\/home-espanol\/"},{"@type":"ListItem","position":2,"name":"D\u00edaz Reus y sus miembros de la Alianza DRT reconocidos por Chambers Latin America 2024"}]},{"@type":"WebSite","@id":"https:\/\/diazreus.com\/es\/#website","url":"https:\/\/diazreus.com\/es\/","name":"Diaz Reus","description":"","potentialAction":[{"@type":"SearchAction","target":{"@type":"EntryPoint","urlTemplate":"https:\/\/diazreus.com\/es\/?s={search_term_string}"},"query-input":{"@type":"PropertyValueSpecification","valueRequired":true,"valueName":"search_term_string"}}],"inLanguage":"es"},{"@type":"Person","@id":"https:\/\/diazreus.com\/es\/#\/schema\/person\/ac819f404d59c9664cc3132d90054303","name":"mbattier@diazreus.com","url":"https:\/\/diazreus.com\/es\/author\/mbattierdiazreus-com\/"}]}},"_links":{"self":[{"href":"https:\/\/diazreus.com\/es\/wp-json\/wp\/v2\/posts\/21365","targetHints":{"allow":["GET"]}}],"collection":[{"href":"https:\/\/diazreus.com\/es\/wp-json\/wp\/v2\/posts"}],"about":[{"href":"https:\/\/diazreus.com\/es\/wp-json\/wp\/v2\/types\/post"}],"author":[{"embeddable":true,"href":"https:\/\/diazreus.com\/es\/wp-json\/wp\/v2\/users\/5"}],"replies":[{"embeddable":true,"href":"https:\/\/diazreus.com\/es\/wp-json\/wp\/v2\/comments?post=21365"}],"version-history":[{"count":3,"href":"https:\/\/diazreus.com\/es\/wp-json\/wp\/v2\/posts\/21365\/revisions"}],"predecessor-version":[{"id":21370,"href":"https:\/\/diazreus.com\/es\/wp-json\/wp\/v2\/posts\/21365\/revisions\/21370"}],"wp:featuredmedia":[{"embeddable":true,"href":"https:\/\/diazreus.com\/es\/wp-json\/wp\/v2\/media\/21332"}],"wp:attachment":[{"href":"https:\/\/diazreus.com\/es\/wp-json\/wp\/v2\/media?parent=21365"}],"wp:term":[{"taxonomy":"category","embeddable":true,"href":"https:\/\/diazreus.com\/es\/wp-json\/wp\/v2\/categories?post=21365"},{"taxonomy":"post_tag","embeddable":true,"href":"https:\/\/diazreus.com\/es\/wp-json\/wp\/v2\/tags?post=21365"}],"curies":[{"name":"wp","href":"https:\/\/api.w.org\/{rel}","templated":true}]}}