{"id":20936,"date":"2023-05-08T16:44:03","date_gmt":"2023-05-08T16:44:03","guid":{"rendered":"https:\/\/diazreus.com\/?p=20936"},"modified":"2023-05-08T16:49:57","modified_gmt":"2023-05-08T16:49:57","slug":"jorge-schmidt-incorporacion-lateral-senior-refuerza-las-capacidades-latinoamericanas-de-diaz-reus","status":"publish","type":"post","link":"https:\/\/diazreus.com\/es\/jorge-schmidt-incorporacion-lateral-senior-refuerza-las-capacidades-latinoamericanas-de-diaz-reus\/","title":{"rendered":"Jorge Schmidt, Incorporaci\u00f3n Lateral Senior, Refuerza las Capacidades Latinoamericanas de Diaz Reus"},"content":{"rendered":"<p>Miami, 8 de mayo de 2023 &#8211; Diaz Reus International Law Firm se complace en anunciar que <a href=\"https:\/\/diazreus.com\/es\/people\/jorge-schmidt\/\">Jorge Schmidt<\/a> se ha unido a su sede como Of Counsel.<\/p>\n<p>\u00abNo conozco mejor lugar en Miami con la mezcla de casos y talento sobre la cual hacer crecer una pr\u00e1ctica multijurisdiccional enfocada en M\u00e9xico y Latinoam\u00e9rica\u00bb, dijo Jorge.  \u00abEs una gran plataforma desde la que aplicar mi experiencia en derecho, finanzas y gesti\u00f3n empresarial\u00bb.<br \/>\n\u00abLos logros acad\u00e9micos de Jorge, junto con su experiencia jur\u00eddica y financiera, y su bagaje cultural encajan a la perfecci\u00f3n en la firma y ofrecen un beneficio significativo a nuestros clientes a medida que les ayudamos a sortear los espinosos retos transfronterizos. Es una pieza clave de nuestra estrategia de crecimiento, especialmente en las delicadas, complejas y, a menudo, destacadas investigaciones regulatorias o penales que nuestra firma gestiona para clientes de todo el mundo\u00bb, dijo <a href=\"https:\/\/diazreus.com\/es\/people\/michael-diaz-jr-2\/\">Michael D\u00edaz Jr.<\/a>, socio director global de D\u00edaz Reus. \u00abLa experiencia de Jorge en operaciones especiales tambi\u00e9n demuestra su compromiso con la excelencia y el servicio\u00bb.<\/p>\n<p>Jorge es un distinguido abogado con una excepcional formaci\u00f3n acad\u00e9mica, habiendo recibido el t\u00edtulo de Juris Doctor magna cum laude por la Facultad de Derecho de la Universidad de Miami en 2004, y un Master en Finanzas por la Universidad Johns Hopkins en 2022. Sus representaciones han incluido asuntos que involucran a m\u00e1s de una docena de jurisdicciones, incluyendo pr\u00e1cticamente todos los pa\u00edses de Am\u00e9rica Latina. Ha representado a empresas de la lista Fortune 500, grandes empresas multinacionales y fondos de inversi\u00f3n, gobiernos extranjeros, individuos y familias de alto patrimonio neto, funcionarios gubernamentales y altos ejecutivos.<\/p>\n<p>Su lengua materna es el espa\u00f1ol y est\u00e1 inscrito en el Colegio de Abogados de Florida. Sirvi\u00f3 en el 20\u00ba Grupo de Fuerzas Especiales de la Guardia Nacional del Ej\u00e9rcito de Florida y posey\u00f3 una habilitaci\u00f3n de seguridad TS\/SCI.<\/p>\n<p><a href=\"https:\/\/diazreus.com\/es\/\">Diaz Reus International Law Firm (DRT)<\/a> opera en los cinco continentes, a trav\u00e9s de 33 oficinas en centros de negocios clave, ofreciendo una pr\u00e1ctica global centrada en procedimientos y transacciones paralelas nacionales y transnacionales en las siguientes \u00e1reas generales inmunidad soberana, comercio, finanzas; fraude, litigio civil y arbitraje; identificaci\u00f3n, localizaci\u00f3n, rastreo y recuperaci\u00f3n de activos; criptomonedas; delitos de cuello blanco, investigaciones regulatorias y penales, y defensa en asuntos de corrupci\u00f3n, soborno, antilavado de dinero, OFAC, CAATSA, Nacionales Especialmente Designados, la Ley Magnitsky, la Ley de Pr\u00e1cticas Corruptas en el Extranjero, la Ley de Secreto Bancario, e investigaciones pol\u00edticamente sensibles, incluyendo la recuperaci\u00f3n de la condici\u00f3n de inmigrante de EE. UU. y visados. La firma tiene su sede en Miami, Florida.<\/p>\n<p>Contacto de medios: <a href=\"https:\/\/diazreus.com\/es\/people\/marta-colomar-garcia-2\/\">Marta Colomar-Garcia<\/a>, Socia Directora Administrativa \u2013 mcolomar@diazreus.com<\/p>\n","protected":false},"excerpt":{"rendered":"<p>Miami, 8 de mayo de 2023 &#8211; Diaz Reus International Law Firm se complace en anunciar que Jorge Schmidt se ha unido a su sede como Of Counsel. \u00abNo conozco mejor lugar en Miami con la mezcla de casos y talento sobre la cual hacer crecer una pr\u00e1ctica multijurisdiccional enfocada en M\u00e9xico y Latinoam\u00e9rica\u00bb, dijo Jorge. \u00abEs una gran plataforma &#8230; <a href=\"https:\/\/diazreus.com\/es\/jorge-schmidt-incorporacion-lateral-senior-refuerza-las-capacidades-latinoamericanas-de-diaz-reus\/\" class=\"more-link\">Read More<\/a><\/p>\n","protected":false},"author":5,"featured_media":20929,"comment_status":"closed","ping_status":"open","sticky":false,"template":"","format":"standard","meta":{"_acf_changed":false,"rs_blank_template":"","rs_page_bg_color":"","slide_template_v7":"","inline_featured_image":false,"footnotes":""},"categories":[872,870,550],"tags":[],"class_list":["post-20936","post","type-post","status-publish","format-standard","has-post-thumbnail","hentry","category-articles-publications","category-news-events","category-eventos"],"acf":[],"yoast_head":"<!-- This site is optimized with the Yoast SEO plugin v27.5 - https:\/\/yoast.com\/product\/yoast-seo-wordpress\/ -->\n<title>Jorge Schmidt, Incorporaci\u00f3n Lateral Senior, Refuerza las Capacidades Latinoamericanas de Diaz Reus - Diaz Reus<\/title>\n<meta name=\"robots\" content=\"index, follow, max-snippet:-1, max-image-preview:large, max-video-preview:-1\" \/>\n<link rel=\"canonical\" href=\"https:\/\/diazreus.com\/es\/jorge-schmidt-incorporacion-lateral-senior-refuerza-las-capacidades-latinoamericanas-de-diaz-reus\/\" \/>\n<meta property=\"og:locale\" content=\"es_ES\" \/>\n<meta property=\"og:type\" content=\"article\" \/>\n<meta property=\"og:title\" content=\"Jorge Schmidt, Incorporaci\u00f3n Lateral Senior, Refuerza las Capacidades Latinoamericanas de Diaz Reus - Diaz Reus\" \/>\n<meta property=\"og:description\" content=\"Miami, 8 de mayo de 2023 &#8211; Diaz Reus International Law Firm se complace en anunciar que Jorge Schmidt se ha unido a su sede como Of Counsel. \u00abNo conozco mejor lugar en Miami con la mezcla de casos y talento sobre la cual hacer crecer una pr\u00e1ctica multijurisdiccional enfocada en M\u00e9xico y Latinoam\u00e9rica\u00bb, dijo Jorge. \u00abEs una gran plataforma ... Read More\" \/>\n<meta property=\"og:url\" content=\"https:\/\/diazreus.com\/es\/jorge-schmidt-incorporacion-lateral-senior-refuerza-las-capacidades-latinoamericanas-de-diaz-reus\/\" \/>\n<meta property=\"og:site_name\" content=\"Diaz Reus\" \/>\n<meta property=\"article:published_time\" content=\"2023-05-08T16:44:03+00:00\" \/>\n<meta property=\"article:modified_time\" content=\"2023-05-08T16:49:57+00:00\" \/>\n<meta property=\"og:image\" content=\"https:\/\/diazreus.com\/wp-content\/uploads\/2023\/04\/Jorge-Schmidt.jpg\" \/>\n\t<meta property=\"og:image:width\" content=\"1169\" \/>\n\t<meta property=\"og:image:height\" content=\"961\" \/>\n\t<meta property=\"og:image:type\" content=\"image\/jpeg\" \/>\n<meta name=\"author\" content=\"mbattier@diazreus.com\" \/>\n<meta name=\"twitter:card\" content=\"summary_large_image\" \/>\n<meta name=\"twitter:label1\" content=\"Escrito por\" \/>\n\t<meta name=\"twitter:data1\" content=\"mbattier@diazreus.com\" \/>\n\t<meta name=\"twitter:label2\" content=\"Tiempo de lectura\" \/>\n\t<meta name=\"twitter:data2\" content=\"2 minutos\" \/>\n<script type=\"application\/ld+json\" class=\"yoast-schema-graph\">{\"@context\":\"https:\\\/\\\/schema.org\",\"@graph\":[{\"@type\":\"Article\",\"@id\":\"https:\\\/\\\/diazreus.com\\\/es\\\/jorge-schmidt-incorporacion-lateral-senior-refuerza-las-capacidades-latinoamericanas-de-diaz-reus\\\/#article\",\"isPartOf\":{\"@id\":\"https:\\\/\\\/diazreus.com\\\/es\\\/jorge-schmidt-incorporacion-lateral-senior-refuerza-las-capacidades-latinoamericanas-de-diaz-reus\\\/\"},\"author\":{\"name\":\"mbattier@diazreus.com\",\"@id\":\"https:\\\/\\\/diazreus.com\\\/es\\\/#\\\/schema\\\/person\\\/ac819f404d59c9664cc3132d90054303\"},\"headline\":\"Jorge Schmidt, Incorporaci\u00f3n Lateral Senior, Refuerza las Capacidades Latinoamericanas de Diaz Reus\",\"datePublished\":\"2023-05-08T16:44:03+00:00\",\"dateModified\":\"2023-05-08T16:49:57+00:00\",\"mainEntityOfPage\":{\"@id\":\"https:\\\/\\\/diazreus.com\\\/es\\\/jorge-schmidt-incorporacion-lateral-senior-refuerza-las-capacidades-latinoamericanas-de-diaz-reus\\\/\"},\"wordCount\":477,\"image\":{\"@id\":\"https:\\\/\\\/diazreus.com\\\/es\\\/jorge-schmidt-incorporacion-lateral-senior-refuerza-las-capacidades-latinoamericanas-de-diaz-reus\\\/#primaryimage\"},\"thumbnailUrl\":\"https:\\\/\\\/diazreus.com\\\/wp-content\\\/uploads\\\/2023\\\/04\\\/Jorge-Schmidt.jpg\",\"articleSection\":[\"Articles &amp; Publications\",\"News &amp; Events\",\"Eventos\"],\"inLanguage\":\"es\"},{\"@type\":\"WebPage\",\"@id\":\"https:\\\/\\\/diazreus.com\\\/es\\\/jorge-schmidt-incorporacion-lateral-senior-refuerza-las-capacidades-latinoamericanas-de-diaz-reus\\\/\",\"url\":\"https:\\\/\\\/diazreus.com\\\/es\\\/jorge-schmidt-incorporacion-lateral-senior-refuerza-las-capacidades-latinoamericanas-de-diaz-reus\\\/\",\"name\":\"Jorge Schmidt, Incorporaci\u00f3n Lateral Senior, Refuerza las Capacidades Latinoamericanas de Diaz Reus - Diaz Reus\",\"isPartOf\":{\"@id\":\"https:\\\/\\\/diazreus.com\\\/es\\\/#website\"},\"primaryImageOfPage\":{\"@id\":\"https:\\\/\\\/diazreus.com\\\/es\\\/jorge-schmidt-incorporacion-lateral-senior-refuerza-las-capacidades-latinoamericanas-de-diaz-reus\\\/#primaryimage\"},\"image\":{\"@id\":\"https:\\\/\\\/diazreus.com\\\/es\\\/jorge-schmidt-incorporacion-lateral-senior-refuerza-las-capacidades-latinoamericanas-de-diaz-reus\\\/#primaryimage\"},\"thumbnailUrl\":\"https:\\\/\\\/diazreus.com\\\/wp-content\\\/uploads\\\/2023\\\/04\\\/Jorge-Schmidt.jpg\",\"datePublished\":\"2023-05-08T16:44:03+00:00\",\"dateModified\":\"2023-05-08T16:49:57+00:00\",\"author\":{\"@id\":\"https:\\\/\\\/diazreus.com\\\/es\\\/#\\\/schema\\\/person\\\/ac819f404d59c9664cc3132d90054303\"},\"breadcrumb\":{\"@id\":\"https:\\\/\\\/diazreus.com\\\/es\\\/jorge-schmidt-incorporacion-lateral-senior-refuerza-las-capacidades-latinoamericanas-de-diaz-reus\\\/#breadcrumb\"},\"inLanguage\":\"es\",\"potentialAction\":[{\"@type\":\"ReadAction\",\"target\":[\"https:\\\/\\\/diazreus.com\\\/es\\\/jorge-schmidt-incorporacion-lateral-senior-refuerza-las-capacidades-latinoamericanas-de-diaz-reus\\\/\"]}]},{\"@type\":\"ImageObject\",\"inLanguage\":\"es\",\"@id\":\"https:\\\/\\\/diazreus.com\\\/es\\\/jorge-schmidt-incorporacion-lateral-senior-refuerza-las-capacidades-latinoamericanas-de-diaz-reus\\\/#primaryimage\",\"url\":\"https:\\\/\\\/diazreus.com\\\/wp-content\\\/uploads\\\/2023\\\/04\\\/Jorge-Schmidt.jpg\",\"contentUrl\":\"https:\\\/\\\/diazreus.com\\\/wp-content\\\/uploads\\\/2023\\\/04\\\/Jorge-Schmidt.jpg\",\"width\":1169,\"height\":961},{\"@type\":\"BreadcrumbList\",\"@id\":\"https:\\\/\\\/diazreus.com\\\/es\\\/jorge-schmidt-incorporacion-lateral-senior-refuerza-las-capacidades-latinoamericanas-de-diaz-reus\\\/#breadcrumb\",\"itemListElement\":[{\"@type\":\"ListItem\",\"position\":1,\"name\":\"Home\",\"item\":\"https:\\\/\\\/diazreus.com\\\/es\\\/home-espanol\\\/\"},{\"@type\":\"ListItem\",\"position\":2,\"name\":\"Jorge Schmidt, Incorporaci\u00f3n Lateral Senior, Refuerza las Capacidades Latinoamericanas de Diaz Reus\"}]},{\"@type\":\"WebSite\",\"@id\":\"https:\\\/\\\/diazreus.com\\\/es\\\/#website\",\"url\":\"https:\\\/\\\/diazreus.com\\\/es\\\/\",\"name\":\"Diaz Reus\",\"description\":\"\",\"potentialAction\":[{\"@type\":\"SearchAction\",\"target\":{\"@type\":\"EntryPoint\",\"urlTemplate\":\"https:\\\/\\\/diazreus.com\\\/es\\\/?s={search_term_string}\"},\"query-input\":{\"@type\":\"PropertyValueSpecification\",\"valueRequired\":true,\"valueName\":\"search_term_string\"}}],\"inLanguage\":\"es\"},{\"@type\":\"Person\",\"@id\":\"https:\\\/\\\/diazreus.com\\\/es\\\/#\\\/schema\\\/person\\\/ac819f404d59c9664cc3132d90054303\",\"name\":\"mbattier@diazreus.com\",\"url\":\"https:\\\/\\\/diazreus.com\\\/es\\\/author\\\/mbattierdiazreus-com\\\/\"}]}<\/script>\n<!-- \/ Yoast SEO plugin. -->","yoast_head_json":{"title":"Jorge Schmidt, Incorporaci\u00f3n Lateral Senior, Refuerza las Capacidades Latinoamericanas de Diaz Reus - Diaz Reus","robots":{"index":"index","follow":"follow","max-snippet":"max-snippet:-1","max-image-preview":"max-image-preview:large","max-video-preview":"max-video-preview:-1"},"canonical":"https:\/\/diazreus.com\/es\/jorge-schmidt-incorporacion-lateral-senior-refuerza-las-capacidades-latinoamericanas-de-diaz-reus\/","og_locale":"es_ES","og_type":"article","og_title":"Jorge Schmidt, Incorporaci\u00f3n Lateral Senior, Refuerza las Capacidades Latinoamericanas de Diaz Reus - Diaz Reus","og_description":"Miami, 8 de mayo de 2023 &#8211; Diaz Reus International Law Firm se complace en anunciar que Jorge Schmidt se ha unido a su sede como Of Counsel. \u00abNo conozco mejor lugar en Miami con la mezcla de casos y talento sobre la cual hacer crecer una pr\u00e1ctica multijurisdiccional enfocada en M\u00e9xico y Latinoam\u00e9rica\u00bb, dijo Jorge. \u00abEs una gran plataforma ... Read More","og_url":"https:\/\/diazreus.com\/es\/jorge-schmidt-incorporacion-lateral-senior-refuerza-las-capacidades-latinoamericanas-de-diaz-reus\/","og_site_name":"Diaz Reus","article_published_time":"2023-05-08T16:44:03+00:00","article_modified_time":"2023-05-08T16:49:57+00:00","og_image":[{"width":1169,"height":961,"url":"https:\/\/diazreus.com\/wp-content\/uploads\/2023\/04\/Jorge-Schmidt.jpg","type":"image\/jpeg"}],"author":"mbattier@diazreus.com","twitter_card":"summary_large_image","twitter_misc":{"Escrito por":"mbattier@diazreus.com","Tiempo de lectura":"2 minutos"},"schema":{"@context":"https:\/\/schema.org","@graph":[{"@type":"Article","@id":"https:\/\/diazreus.com\/es\/jorge-schmidt-incorporacion-lateral-senior-refuerza-las-capacidades-latinoamericanas-de-diaz-reus\/#article","isPartOf":{"@id":"https:\/\/diazreus.com\/es\/jorge-schmidt-incorporacion-lateral-senior-refuerza-las-capacidades-latinoamericanas-de-diaz-reus\/"},"author":{"name":"mbattier@diazreus.com","@id":"https:\/\/diazreus.com\/es\/#\/schema\/person\/ac819f404d59c9664cc3132d90054303"},"headline":"Jorge Schmidt, Incorporaci\u00f3n Lateral Senior, Refuerza las Capacidades Latinoamericanas de Diaz Reus","datePublished":"2023-05-08T16:44:03+00:00","dateModified":"2023-05-08T16:49:57+00:00","mainEntityOfPage":{"@id":"https:\/\/diazreus.com\/es\/jorge-schmidt-incorporacion-lateral-senior-refuerza-las-capacidades-latinoamericanas-de-diaz-reus\/"},"wordCount":477,"image":{"@id":"https:\/\/diazreus.com\/es\/jorge-schmidt-incorporacion-lateral-senior-refuerza-las-capacidades-latinoamericanas-de-diaz-reus\/#primaryimage"},"thumbnailUrl":"https:\/\/diazreus.com\/wp-content\/uploads\/2023\/04\/Jorge-Schmidt.jpg","articleSection":["Articles &amp; Publications","News &amp; Events","Eventos"],"inLanguage":"es"},{"@type":"WebPage","@id":"https:\/\/diazreus.com\/es\/jorge-schmidt-incorporacion-lateral-senior-refuerza-las-capacidades-latinoamericanas-de-diaz-reus\/","url":"https:\/\/diazreus.com\/es\/jorge-schmidt-incorporacion-lateral-senior-refuerza-las-capacidades-latinoamericanas-de-diaz-reus\/","name":"Jorge Schmidt, Incorporaci\u00f3n Lateral Senior, Refuerza las Capacidades Latinoamericanas de Diaz Reus - Diaz Reus","isPartOf":{"@id":"https:\/\/diazreus.com\/es\/#website"},"primaryImageOfPage":{"@id":"https:\/\/diazreus.com\/es\/jorge-schmidt-incorporacion-lateral-senior-refuerza-las-capacidades-latinoamericanas-de-diaz-reus\/#primaryimage"},"image":{"@id":"https:\/\/diazreus.com\/es\/jorge-schmidt-incorporacion-lateral-senior-refuerza-las-capacidades-latinoamericanas-de-diaz-reus\/#primaryimage"},"thumbnailUrl":"https:\/\/diazreus.com\/wp-content\/uploads\/2023\/04\/Jorge-Schmidt.jpg","datePublished":"2023-05-08T16:44:03+00:00","dateModified":"2023-05-08T16:49:57+00:00","author":{"@id":"https:\/\/diazreus.com\/es\/#\/schema\/person\/ac819f404d59c9664cc3132d90054303"},"breadcrumb":{"@id":"https:\/\/diazreus.com\/es\/jorge-schmidt-incorporacion-lateral-senior-refuerza-las-capacidades-latinoamericanas-de-diaz-reus\/#breadcrumb"},"inLanguage":"es","potentialAction":[{"@type":"ReadAction","target":["https:\/\/diazreus.com\/es\/jorge-schmidt-incorporacion-lateral-senior-refuerza-las-capacidades-latinoamericanas-de-diaz-reus\/"]}]},{"@type":"ImageObject","inLanguage":"es","@id":"https:\/\/diazreus.com\/es\/jorge-schmidt-incorporacion-lateral-senior-refuerza-las-capacidades-latinoamericanas-de-diaz-reus\/#primaryimage","url":"https:\/\/diazreus.com\/wp-content\/uploads\/2023\/04\/Jorge-Schmidt.jpg","contentUrl":"https:\/\/diazreus.com\/wp-content\/uploads\/2023\/04\/Jorge-Schmidt.jpg","width":1169,"height":961},{"@type":"BreadcrumbList","@id":"https:\/\/diazreus.com\/es\/jorge-schmidt-incorporacion-lateral-senior-refuerza-las-capacidades-latinoamericanas-de-diaz-reus\/#breadcrumb","itemListElement":[{"@type":"ListItem","position":1,"name":"Home","item":"https:\/\/diazreus.com\/es\/home-espanol\/"},{"@type":"ListItem","position":2,"name":"Jorge Schmidt, Incorporaci\u00f3n Lateral Senior, Refuerza las Capacidades Latinoamericanas de Diaz Reus"}]},{"@type":"WebSite","@id":"https:\/\/diazreus.com\/es\/#website","url":"https:\/\/diazreus.com\/es\/","name":"Diaz Reus","description":"","potentialAction":[{"@type":"SearchAction","target":{"@type":"EntryPoint","urlTemplate":"https:\/\/diazreus.com\/es\/?s={search_term_string}"},"query-input":{"@type":"PropertyValueSpecification","valueRequired":true,"valueName":"search_term_string"}}],"inLanguage":"es"},{"@type":"Person","@id":"https:\/\/diazreus.com\/es\/#\/schema\/person\/ac819f404d59c9664cc3132d90054303","name":"mbattier@diazreus.com","url":"https:\/\/diazreus.com\/es\/author\/mbattierdiazreus-com\/"}]}},"_links":{"self":[{"href":"https:\/\/diazreus.com\/es\/wp-json\/wp\/v2\/posts\/20936","targetHints":{"allow":["GET"]}}],"collection":[{"href":"https:\/\/diazreus.com\/es\/wp-json\/wp\/v2\/posts"}],"about":[{"href":"https:\/\/diazreus.com\/es\/wp-json\/wp\/v2\/types\/post"}],"author":[{"embeddable":true,"href":"https:\/\/diazreus.com\/es\/wp-json\/wp\/v2\/users\/5"}],"replies":[{"embeddable":true,"href":"https:\/\/diazreus.com\/es\/wp-json\/wp\/v2\/comments?post=20936"}],"version-history":[{"count":2,"href":"https:\/\/diazreus.com\/es\/wp-json\/wp\/v2\/posts\/20936\/revisions"}],"predecessor-version":[{"id":20939,"href":"https:\/\/diazreus.com\/es\/wp-json\/wp\/v2\/posts\/20936\/revisions\/20939"}],"wp:featuredmedia":[{"embeddable":true,"href":"https:\/\/diazreus.com\/es\/wp-json\/wp\/v2\/media\/20929"}],"wp:attachment":[{"href":"https:\/\/diazreus.com\/es\/wp-json\/wp\/v2\/media?parent=20936"}],"wp:term":[{"taxonomy":"category","embeddable":true,"href":"https:\/\/diazreus.com\/es\/wp-json\/wp\/v2\/categories?post=20936"},{"taxonomy":"post_tag","embeddable":true,"href":"https:\/\/diazreus.com\/es\/wp-json\/wp\/v2\/tags?post=20936"}],"curies":[{"name":"wp","href":"https:\/\/api.w.org\/{rel}","templated":true}]}}