{"id":20318,"date":"2022-10-25T14:16:09","date_gmt":"2022-10-25T14:16:09","guid":{"rendered":"https:\/\/diazreus.com\/?p=20318"},"modified":"2022-10-25T14:54:32","modified_gmt":"2022-10-25T14:54:32","slug":"diaz-reus-colombia-reconocida-por-the-legal500-latin-america-2023","status":"publish","type":"post","link":"https:\/\/diazreus.com\/es\/diaz-reus-colombia-reconocida-por-the-legal500-latin-america-2023\/","title":{"rendered":"D\u00edaz Reus Colombia reconocida por The Legal500 Latin America 2023"},"content":{"rendered":"<p>La oficina de Bogot\u00e1 (Colombia) de <a href=\"https:\/\/diazreus.com\/es\/\">D\u00edaz Reus International Law Firm<\/a>, as\u00ed como sus abogados, han sido reconocidos por la gu\u00eda internacional <a href=\"https:\/\/www.legal500.com\/latin-america\/\">The Legal 500 Latin America 2023<\/a>, cap\u00edtulo Colombia, en las \u00e1reas de Cumplimiento y Delitos de Cuello o Guante Blanco, y Corporativo \/ Fusiones y Adquisiciones.<\/p>\n<p>En el \u00e1rea de Cumplimiento y Delitos de Cuello o Guante Blanco, <a href=\"https:\/\/diazreus.com\/es\/people\/marcelo-buendia-velez\/\">Marcelo Buend\u00eda<\/a> ha sido nombrado Rising Star, y <a href=\"https:\/\/diazreus.com\/es\/people\/marcela-cristina-blanco-2\/\">Marcela Blanco<\/a>, <a href=\"https:\/\/diazreus.com\/es\/people\/javier-coronado-diaz-2\/\">Javier Coronado<\/a> y <a href=\"https:\/\/diazreus.com\/es\/people\/michael-diaz-jr-2\/\">Michael Diaz, Jr.<\/a> abogados recomendados.<\/p>\n<p>Algunos de los clientes entrevistadoscomentaron lo siguiente: <\/p>\n<p>\u201c<a href=\"https:\/\/diazreus.com\/es\/people\/javier-coronado-diaz-2\/\">Javier Coronado<\/a> es un excelente abogado. Presenta los casos y los conceptos con una claridad impresionante y su profesionalidad es excepcional. Es un abogado que transmite confianza por su conocimiento de la materia\u201d.<\/p>\n<p>\u201cLa contrataci\u00f3n del asociado <a href=\"https:\/\/diazreus.com\/es\/people\/marcelo-buendia-velez\/\">Marcelo Buend\u00eda V\u00e9lez<\/a> en Colombia ha dado mayor alcance a los servicios de la firma en el \u00e1rea de litigios, especialmente por su experiencia previa en la Fiscal\u00eda General de la Naci\u00f3n.\u201d<\/p>\n<p>\u201c<a href=\"https:\/\/diazreus.com\/es\/people\/marcela-cristina-blanco-2\/\">Marcela Blanco<\/a>, <a href=\"https:\/\/diazreus.com\/es\/people\/marcelo-buendia-velez\/\">Marcelo Buend\u00eda V\u00e9lez<\/a> y <a href=\"https:\/\/diazreus.com\/es\/people\/javier-coronado-diaz-2\/\">Javier Coronado<\/a> se distinguen por su servicio centrado en el cliente combinado con una fuerte profesionalidad.\u201d<\/p>\n<p>\u201cApreciamos la disponibilidad de los abogados; su profesionalismo y dedicaci\u00f3n hacen que sea agradable trabajar con ellos.\u201d<\/p>\n<p>\u201cD\u00edaz Reus ofrece un apoyo cercano al cliente a trav\u00e9s de un servicio personalizado y dirigido por los socios. Adem\u00e1s, forma parte de una red internacional de oficinas, lo que permite al equipo ofrecer soluciones globales para satisfacer las necesidades de sus clientes.\u201d<\/p>\n<p>\u201cEn materia de cumplimiento y derecho penal, es muy fuerte por su gran capacidad y cobertura internacional en materia de due diligence e investigaciones.\u201d<\/p>\n<p>Por otra parte, <a href=\"https:\/\/diazreus.com\/es\/people\/marcela-cristina-blanco-2\/\">Marcela Blanco<\/a>, <a href=\"https:\/\/diazreus.com\/es\/people\/marcelo-buendia-velez\/\">Marcelo Buend\u00eda<\/a>, <a href=\"https:\/\/diazreus.com\/es\/people\/javier-coronado-diaz-2\/\">Javier Coronado<\/a>, <a href=\"https:\/\/diazreus.com\/es\/people\/michael-diaz-jr-2\/\">Michael Diaz Jr.<\/a>, <a href=\"https:\/\/diazreus.com\/es\/people\/marta-colomar-garcia-2\/\">Marta Colomar-Garc\u00eda<\/a> son recomendados en Coroporativo \/ Fusiones &#038; Adquisiciones.<\/p>\n<p>Los clientes comentan:<\/p>\n<p>\u201cLo que hace diferente a D\u00edaz Reus es que tiene la experiencia de un gran bufete, pero obtienes todas las ventajas de un bufete boutique: los clientes tienen acceso a los socios y a otros abogados de forma muy r\u00e1pida y eficiente.\u201d<\/p>\n<p>\u201cDestacamos el grado de confianza que tenemos en <a href=\"https:\/\/diazreus.com\/es\/people\/marcela-cristina-blanco-2\/\">Marcela Blanco<\/a>. Ha demostrado un manejo competente de nuestra informaci\u00f3n y del patrimonio de la empresa. Tiene un gran conocimiento t\u00e9cnico y los problemas se resuelven de forma eficiente.\u201d<\/p>\n","protected":false},"excerpt":{"rendered":"<p>La oficina de Bogot\u00e1 (Colombia) de D\u00edaz Reus International Law Firm, as\u00ed como sus abogados, han sido reconocidos por la gu\u00eda internacional The Legal 500 Latin America 2023, cap\u00edtulo Colombia, en las \u00e1reas de Cumplimiento y Delitos de Cuello o Guante Blanco, y Corporativo \/ Fusiones y Adquisiciones. En el \u00e1rea de Cumplimiento y Delitos de Cuello o Guante Blanco, &#8230; <a href=\"https:\/\/diazreus.com\/es\/diaz-reus-colombia-reconocida-por-the-legal500-latin-america-2023\/\" class=\"more-link\">Read More<\/a><\/p>\n","protected":false},"author":5,"featured_media":20315,"comment_status":"closed","ping_status":"open","sticky":false,"template":"","format":"standard","meta":{"_acf_changed":false,"rs_blank_template":"","rs_page_bg_color":"","slide_template_v7":"","inline_featured_image":false,"footnotes":""},"categories":[870,550],"tags":[],"class_list":["post-20318","post","type-post","status-publish","format-standard","has-post-thumbnail","hentry","category-news-events","category-eventos"],"acf":[],"yoast_head":"<!-- This site is optimized with the Yoast SEO plugin v27.5 - https:\/\/yoast.com\/product\/yoast-seo-wordpress\/ -->\n<title>D\u00edaz Reus Colombia reconocida por The Legal500 Latin America 2023 - Diaz Reus<\/title>\n<meta name=\"robots\" content=\"index, follow, max-snippet:-1, max-image-preview:large, max-video-preview:-1\" \/>\n<link rel=\"canonical\" href=\"https:\/\/diazreus.com\/es\/diaz-reus-colombia-reconocida-por-the-legal500-latin-america-2023\/\" \/>\n<meta property=\"og:locale\" content=\"es_ES\" \/>\n<meta property=\"og:type\" content=\"article\" \/>\n<meta property=\"og:title\" content=\"D\u00edaz Reus Colombia reconocida por The Legal500 Latin America 2023 - Diaz Reus\" \/>\n<meta property=\"og:description\" content=\"La oficina de Bogot\u00e1 (Colombia) de D\u00edaz Reus International Law Firm, as\u00ed como sus abogados, han sido reconocidos por la gu\u00eda internacional The Legal 500 Latin America 2023, cap\u00edtulo Colombia, en las \u00e1reas de Cumplimiento y Delitos de Cuello o Guante Blanco, y Corporativo \/ Fusiones y Adquisiciones. En el \u00e1rea de Cumplimiento y Delitos de Cuello o Guante Blanco, ... Read More\" \/>\n<meta property=\"og:url\" content=\"https:\/\/diazreus.com\/es\/diaz-reus-colombia-reconocida-por-the-legal500-latin-america-2023\/\" \/>\n<meta property=\"og:site_name\" content=\"Diaz Reus\" \/>\n<meta property=\"article:published_time\" content=\"2022-10-25T14:16:09+00:00\" \/>\n<meta property=\"article:modified_time\" content=\"2022-10-25T14:54:32+00:00\" \/>\n<meta property=\"og:image\" content=\"https:\/\/diazreus.com\/wp-content\/uploads\/2022\/10\/drtcolombia.jpg\" \/>\n\t<meta property=\"og:image:width\" content=\"960\" \/>\n\t<meta property=\"og:image:height\" content=\"640\" \/>\n\t<meta property=\"og:image:type\" content=\"image\/jpeg\" \/>\n<meta name=\"author\" content=\"mbattier@diazreus.com\" \/>\n<meta name=\"twitter:card\" content=\"summary_large_image\" \/>\n<meta name=\"twitter:label1\" content=\"Escrito por\" \/>\n\t<meta name=\"twitter:data1\" content=\"mbattier@diazreus.com\" \/>\n\t<meta name=\"twitter:label2\" content=\"Tiempo de lectura\" \/>\n\t<meta name=\"twitter:data2\" content=\"2 minutos\" \/>\n<script type=\"application\/ld+json\" class=\"yoast-schema-graph\">{\"@context\":\"https:\\\/\\\/schema.org\",\"@graph\":[{\"@type\":\"Article\",\"@id\":\"https:\\\/\\\/diazreus.com\\\/es\\\/diaz-reus-colombia-reconocida-por-the-legal500-latin-america-2023\\\/#article\",\"isPartOf\":{\"@id\":\"https:\\\/\\\/diazreus.com\\\/es\\\/diaz-reus-colombia-reconocida-por-the-legal500-latin-america-2023\\\/\"},\"author\":{\"name\":\"mbattier@diazreus.com\",\"@id\":\"https:\\\/\\\/diazreus.com\\\/es\\\/#\\\/schema\\\/person\\\/ac819f404d59c9664cc3132d90054303\"},\"headline\":\"D\u00edaz Reus Colombia reconocida por The Legal500 Latin America 2023\",\"datePublished\":\"2022-10-25T14:16:09+00:00\",\"dateModified\":\"2022-10-25T14:54:32+00:00\",\"mainEntityOfPage\":{\"@id\":\"https:\\\/\\\/diazreus.com\\\/es\\\/diaz-reus-colombia-reconocida-por-the-legal500-latin-america-2023\\\/\"},\"wordCount\":390,\"image\":{\"@id\":\"https:\\\/\\\/diazreus.com\\\/es\\\/diaz-reus-colombia-reconocida-por-the-legal500-latin-america-2023\\\/#primaryimage\"},\"thumbnailUrl\":\"https:\\\/\\\/diazreus.com\\\/wp-content\\\/uploads\\\/2022\\\/10\\\/drtcolombia.jpg\",\"articleSection\":[\"News &amp; Events\",\"Eventos\"],\"inLanguage\":\"es\"},{\"@type\":\"WebPage\",\"@id\":\"https:\\\/\\\/diazreus.com\\\/es\\\/diaz-reus-colombia-reconocida-por-the-legal500-latin-america-2023\\\/\",\"url\":\"https:\\\/\\\/diazreus.com\\\/es\\\/diaz-reus-colombia-reconocida-por-the-legal500-latin-america-2023\\\/\",\"name\":\"D\u00edaz Reus Colombia reconocida por The Legal500 Latin America 2023 - Diaz Reus\",\"isPartOf\":{\"@id\":\"https:\\\/\\\/diazreus.com\\\/es\\\/#website\"},\"primaryImageOfPage\":{\"@id\":\"https:\\\/\\\/diazreus.com\\\/es\\\/diaz-reus-colombia-reconocida-por-the-legal500-latin-america-2023\\\/#primaryimage\"},\"image\":{\"@id\":\"https:\\\/\\\/diazreus.com\\\/es\\\/diaz-reus-colombia-reconocida-por-the-legal500-latin-america-2023\\\/#primaryimage\"},\"thumbnailUrl\":\"https:\\\/\\\/diazreus.com\\\/wp-content\\\/uploads\\\/2022\\\/10\\\/drtcolombia.jpg\",\"datePublished\":\"2022-10-25T14:16:09+00:00\",\"dateModified\":\"2022-10-25T14:54:32+00:00\",\"author\":{\"@id\":\"https:\\\/\\\/diazreus.com\\\/es\\\/#\\\/schema\\\/person\\\/ac819f404d59c9664cc3132d90054303\"},\"breadcrumb\":{\"@id\":\"https:\\\/\\\/diazreus.com\\\/es\\\/diaz-reus-colombia-reconocida-por-the-legal500-latin-america-2023\\\/#breadcrumb\"},\"inLanguage\":\"es\",\"potentialAction\":[{\"@type\":\"ReadAction\",\"target\":[\"https:\\\/\\\/diazreus.com\\\/es\\\/diaz-reus-colombia-reconocida-por-the-legal500-latin-america-2023\\\/\"]}]},{\"@type\":\"ImageObject\",\"inLanguage\":\"es\",\"@id\":\"https:\\\/\\\/diazreus.com\\\/es\\\/diaz-reus-colombia-reconocida-por-the-legal500-latin-america-2023\\\/#primaryimage\",\"url\":\"https:\\\/\\\/diazreus.com\\\/wp-content\\\/uploads\\\/2022\\\/10\\\/drtcolombia.jpg\",\"contentUrl\":\"https:\\\/\\\/diazreus.com\\\/wp-content\\\/uploads\\\/2022\\\/10\\\/drtcolombia.jpg\",\"width\":960,\"height\":640},{\"@type\":\"BreadcrumbList\",\"@id\":\"https:\\\/\\\/diazreus.com\\\/es\\\/diaz-reus-colombia-reconocida-por-the-legal500-latin-america-2023\\\/#breadcrumb\",\"itemListElement\":[{\"@type\":\"ListItem\",\"position\":1,\"name\":\"Home\",\"item\":\"https:\\\/\\\/diazreus.com\\\/es\\\/home-espanol\\\/\"},{\"@type\":\"ListItem\",\"position\":2,\"name\":\"D\u00edaz Reus Colombia reconocida por The Legal500 Latin America 2023\"}]},{\"@type\":\"WebSite\",\"@id\":\"https:\\\/\\\/diazreus.com\\\/es\\\/#website\",\"url\":\"https:\\\/\\\/diazreus.com\\\/es\\\/\",\"name\":\"Diaz Reus\",\"description\":\"\",\"potentialAction\":[{\"@type\":\"SearchAction\",\"target\":{\"@type\":\"EntryPoint\",\"urlTemplate\":\"https:\\\/\\\/diazreus.com\\\/es\\\/?s={search_term_string}\"},\"query-input\":{\"@type\":\"PropertyValueSpecification\",\"valueRequired\":true,\"valueName\":\"search_term_string\"}}],\"inLanguage\":\"es\"},{\"@type\":\"Person\",\"@id\":\"https:\\\/\\\/diazreus.com\\\/es\\\/#\\\/schema\\\/person\\\/ac819f404d59c9664cc3132d90054303\",\"name\":\"mbattier@diazreus.com\",\"url\":\"https:\\\/\\\/diazreus.com\\\/es\\\/author\\\/mbattierdiazreus-com\\\/\"}]}<\/script>\n<!-- \/ Yoast SEO plugin. -->","yoast_head_json":{"title":"D\u00edaz Reus Colombia reconocida por The Legal500 Latin America 2023 - Diaz Reus","robots":{"index":"index","follow":"follow","max-snippet":"max-snippet:-1","max-image-preview":"max-image-preview:large","max-video-preview":"max-video-preview:-1"},"canonical":"https:\/\/diazreus.com\/es\/diaz-reus-colombia-reconocida-por-the-legal500-latin-america-2023\/","og_locale":"es_ES","og_type":"article","og_title":"D\u00edaz Reus Colombia reconocida por The Legal500 Latin America 2023 - Diaz Reus","og_description":"La oficina de Bogot\u00e1 (Colombia) de D\u00edaz Reus International Law Firm, as\u00ed como sus abogados, han sido reconocidos por la gu\u00eda internacional The Legal 500 Latin America 2023, cap\u00edtulo Colombia, en las \u00e1reas de Cumplimiento y Delitos de Cuello o Guante Blanco, y Corporativo \/ Fusiones y Adquisiciones. En el \u00e1rea de Cumplimiento y Delitos de Cuello o Guante Blanco, ... Read More","og_url":"https:\/\/diazreus.com\/es\/diaz-reus-colombia-reconocida-por-the-legal500-latin-america-2023\/","og_site_name":"Diaz Reus","article_published_time":"2022-10-25T14:16:09+00:00","article_modified_time":"2022-10-25T14:54:32+00:00","og_image":[{"width":960,"height":640,"url":"https:\/\/diazreus.com\/wp-content\/uploads\/2022\/10\/drtcolombia.jpg","type":"image\/jpeg"}],"author":"mbattier@diazreus.com","twitter_card":"summary_large_image","twitter_misc":{"Escrito por":"mbattier@diazreus.com","Tiempo de lectura":"2 minutos"},"schema":{"@context":"https:\/\/schema.org","@graph":[{"@type":"Article","@id":"https:\/\/diazreus.com\/es\/diaz-reus-colombia-reconocida-por-the-legal500-latin-america-2023\/#article","isPartOf":{"@id":"https:\/\/diazreus.com\/es\/diaz-reus-colombia-reconocida-por-the-legal500-latin-america-2023\/"},"author":{"name":"mbattier@diazreus.com","@id":"https:\/\/diazreus.com\/es\/#\/schema\/person\/ac819f404d59c9664cc3132d90054303"},"headline":"D\u00edaz Reus Colombia reconocida por The Legal500 Latin America 2023","datePublished":"2022-10-25T14:16:09+00:00","dateModified":"2022-10-25T14:54:32+00:00","mainEntityOfPage":{"@id":"https:\/\/diazreus.com\/es\/diaz-reus-colombia-reconocida-por-the-legal500-latin-america-2023\/"},"wordCount":390,"image":{"@id":"https:\/\/diazreus.com\/es\/diaz-reus-colombia-reconocida-por-the-legal500-latin-america-2023\/#primaryimage"},"thumbnailUrl":"https:\/\/diazreus.com\/wp-content\/uploads\/2022\/10\/drtcolombia.jpg","articleSection":["News &amp; Events","Eventos"],"inLanguage":"es"},{"@type":"WebPage","@id":"https:\/\/diazreus.com\/es\/diaz-reus-colombia-reconocida-por-the-legal500-latin-america-2023\/","url":"https:\/\/diazreus.com\/es\/diaz-reus-colombia-reconocida-por-the-legal500-latin-america-2023\/","name":"D\u00edaz Reus Colombia reconocida por The Legal500 Latin America 2023 - Diaz Reus","isPartOf":{"@id":"https:\/\/diazreus.com\/es\/#website"},"primaryImageOfPage":{"@id":"https:\/\/diazreus.com\/es\/diaz-reus-colombia-reconocida-por-the-legal500-latin-america-2023\/#primaryimage"},"image":{"@id":"https:\/\/diazreus.com\/es\/diaz-reus-colombia-reconocida-por-the-legal500-latin-america-2023\/#primaryimage"},"thumbnailUrl":"https:\/\/diazreus.com\/wp-content\/uploads\/2022\/10\/drtcolombia.jpg","datePublished":"2022-10-25T14:16:09+00:00","dateModified":"2022-10-25T14:54:32+00:00","author":{"@id":"https:\/\/diazreus.com\/es\/#\/schema\/person\/ac819f404d59c9664cc3132d90054303"},"breadcrumb":{"@id":"https:\/\/diazreus.com\/es\/diaz-reus-colombia-reconocida-por-the-legal500-latin-america-2023\/#breadcrumb"},"inLanguage":"es","potentialAction":[{"@type":"ReadAction","target":["https:\/\/diazreus.com\/es\/diaz-reus-colombia-reconocida-por-the-legal500-latin-america-2023\/"]}]},{"@type":"ImageObject","inLanguage":"es","@id":"https:\/\/diazreus.com\/es\/diaz-reus-colombia-reconocida-por-the-legal500-latin-america-2023\/#primaryimage","url":"https:\/\/diazreus.com\/wp-content\/uploads\/2022\/10\/drtcolombia.jpg","contentUrl":"https:\/\/diazreus.com\/wp-content\/uploads\/2022\/10\/drtcolombia.jpg","width":960,"height":640},{"@type":"BreadcrumbList","@id":"https:\/\/diazreus.com\/es\/diaz-reus-colombia-reconocida-por-the-legal500-latin-america-2023\/#breadcrumb","itemListElement":[{"@type":"ListItem","position":1,"name":"Home","item":"https:\/\/diazreus.com\/es\/home-espanol\/"},{"@type":"ListItem","position":2,"name":"D\u00edaz Reus Colombia reconocida por The Legal500 Latin America 2023"}]},{"@type":"WebSite","@id":"https:\/\/diazreus.com\/es\/#website","url":"https:\/\/diazreus.com\/es\/","name":"Diaz Reus","description":"","potentialAction":[{"@type":"SearchAction","target":{"@type":"EntryPoint","urlTemplate":"https:\/\/diazreus.com\/es\/?s={search_term_string}"},"query-input":{"@type":"PropertyValueSpecification","valueRequired":true,"valueName":"search_term_string"}}],"inLanguage":"es"},{"@type":"Person","@id":"https:\/\/diazreus.com\/es\/#\/schema\/person\/ac819f404d59c9664cc3132d90054303","name":"mbattier@diazreus.com","url":"https:\/\/diazreus.com\/es\/author\/mbattierdiazreus-com\/"}]}},"_links":{"self":[{"href":"https:\/\/diazreus.com\/es\/wp-json\/wp\/v2\/posts\/20318","targetHints":{"allow":["GET"]}}],"collection":[{"href":"https:\/\/diazreus.com\/es\/wp-json\/wp\/v2\/posts"}],"about":[{"href":"https:\/\/diazreus.com\/es\/wp-json\/wp\/v2\/types\/post"}],"author":[{"embeddable":true,"href":"https:\/\/diazreus.com\/es\/wp-json\/wp\/v2\/users\/5"}],"replies":[{"embeddable":true,"href":"https:\/\/diazreus.com\/es\/wp-json\/wp\/v2\/comments?post=20318"}],"version-history":[{"count":2,"href":"https:\/\/diazreus.com\/es\/wp-json\/wp\/v2\/posts\/20318\/revisions"}],"predecessor-version":[{"id":20324,"href":"https:\/\/diazreus.com\/es\/wp-json\/wp\/v2\/posts\/20318\/revisions\/20324"}],"wp:featuredmedia":[{"embeddable":true,"href":"https:\/\/diazreus.com\/es\/wp-json\/wp\/v2\/media\/20315"}],"wp:attachment":[{"href":"https:\/\/diazreus.com\/es\/wp-json\/wp\/v2\/media?parent=20318"}],"wp:term":[{"taxonomy":"category","embeddable":true,"href":"https:\/\/diazreus.com\/es\/wp-json\/wp\/v2\/categories?post=20318"},{"taxonomy":"post_tag","embeddable":true,"href":"https:\/\/diazreus.com\/es\/wp-json\/wp\/v2\/tags?post=20318"}],"curies":[{"name":"wp","href":"https:\/\/api.w.org\/{rel}","templated":true}]}}