{"id":18172,"date":"2021-05-31T16:35:32","date_gmt":"2021-05-31T16:35:32","guid":{"rendered":"https:\/\/diazreus.com\/punto-a-favor-del-arbitraje-sentencia-15-de-febrero-del-constitucional\/"},"modified":"2021-05-31T18:08:07","modified_gmt":"2021-05-31T18:08:07","slug":"punto-a-favor-del-arbitraje-sentencia-15-de-febrero-del-constitucional","status":"publish","type":"post","link":"https:\/\/diazreus.com\/es\/punto-a-favor-del-arbitraje-sentencia-15-de-febrero-del-constitucional\/","title":{"rendered":"Punto a favor del arbitraje: Sentencia 15 de febrero del Constitucional"},"content":{"rendered":"<p>Por <a href=\"https:\/\/diazreus.com\/es\/dt_team\/tomas-villatoro-2\/\">Tom\u00e1s Villatoro<\/a>, Socio de Ius + Aequitas, miembro de la alianza DRT (DRT Alliance) en Espa\u00f1a.<\/p>\n<p>El pasado 15 de febrero de 2021 el <strong>Tribunal Constitucional<\/strong> ha estimado el recurso de amparo que se interpuso contra la <strong>sentencia n\u00ba 1\/2018 de la de la Sala de lo Civil y Penal del Tribunal Superior de Justicia de Madrid<\/strong>, que anul\u00f3 un laudo dictado en un arbitraje en equidad, al considerar que aqu\u00e9l no hab\u00eda sido suficientemente motivado por el \u00e1rbitro.<\/p>\n<p>En la reciente sentencia, la Sala Primera del <strong>Tribunal Constitucional<\/strong> logra trazar de manera clara, precisa y determinante los l\u00edmites de los \u00f3rganos judiciales a la hora de resolver acerca de la nulidad de un <strong>laudo arbitral<\/strong>, especialmente en aquellos casos en los que se pretende invocar la infracci\u00f3n del orden p\u00fablico por falta de motivaci\u00f3n de los laudos.<\/p>\n<p>De la lectura de esta sentencia se pueden extraer principalmente y a grandes rasgos dos conclusiones:<\/p>\n<ol>\n<li>Que la aplicaci\u00f3n a los <strong>laudos del canon constitucional<\/strong> de la arbitrariedad aplicable a la motivaci\u00f3n de las resoluciones judiciales ex. Art. 24 <a href=\"https:\/\/global.economistjurist.es\/BDI\/legislacion\/legislaciongeneral\/emergentelegislacion.php?id=1473914\">CE<\/a> no es correcta;<\/li>\n<li>Que la motivaci\u00f3n del laudo no es cuesti\u00f3n de orden p\u00fablico, especialmente en el <strong>arbitraje de equidad<\/strong>.<\/li>\n<\/ol>\n<p>A continuaci\u00f3n, procedemos a analizar la sentencia y desgranar as\u00ed los t\u00e9rminos constitucionales del deber de motivaci\u00f3n y congruencia que deben respetar los laudos arbitrales, as\u00ed como la influencia y vinculaci\u00f3n de estos deberes con el orden p\u00fablico, de acuerdo con el razonamiento seguido por el Tribunal Constitucional.<\/p>\n<p><a href=\"http:\/\/https%3A%2F%2Fwww.economistjurist.es%2Farticulos-juridicos-destacados%2Fpunto-a-favor-del-arbitraje-sentencia-15-de-febrero-del-constitucional%2F\">Leer m\u00e1s<\/a><\/p>\n","protected":false},"excerpt":{"rendered":"<p>[:en]Por Tom\u00e1s Villatoro, Socio de Ius + Aequitas, miembro de la alianza DRT (DRT Alliance) en Espa\u00f1a.<br \/>\nEl pasado 15 de febrero de 2021 el Tribunal Constitucional ha estimado el recurso de amparo que se interpuso contra la sentencia n\u00ba 1\/2018 de la de la Sala de lo Civil y Penal del Tribunal Superior de Justicia de Madrid, que anul\u00f3 un laudo dictado en un arbitraje en equidad, al considerar que aqu\u00e9l no hab\u00eda sido suficientemente motivado por el \u00e1rbitro.[:es]Por Tom\u00e1s Villatoro, Socio de Ius + Aequitas, miembro de la alianza DRT (DRT Alliance) en Espa\u00f1a.<br \/>\nEl pasado 15 de febrero de 2021 el Tribunal Constitucional ha estimado el recurso de amparo que se interpuso contra la sentencia n\u00ba 1\/2018 de la de la Sala de lo Civil y Penal del Tribunal Superior de Justicia de Madrid, que anul\u00f3 un laudo dictado en un arbitraje en equidad, al considerar que aqu\u00e9l no hab\u00eda sido suficientemente motivado por el \u00e1rbitro.[:ru]Por Tom\u00e1s Villatoro, Socio de Ius + Aequitas, miembro de la alianza DRT (DRT Alliance) en Espa\u00f1a. El pasado 15 de febrero de 2021 el Tribunal Constitucional ha estimado el recurso de amparo que se interpuso contra la sentencia n\u00ba 1\/2018 de la de la Sala de lo Civil y Penal del Tribunal Superior de Justicia de Madrid, que anul\u00f3 un laudo dictado en un arbitraje en equidad, al considerar que aqu\u00e9l no hab\u00eda sido suficientemente motivado por el \u00e1rbitro.[:]<\/p>\n","protected":false},"author":4,"featured_media":11149,"comment_status":"closed","ping_status":"open","sticky":false,"template":"","format":"standard","meta":{"_acf_changed":false,"rs_blank_template":"","rs_page_bg_color":"","slide_template_v7":"","inline_featured_image":false,"footnotes":""},"categories":[231],"tags":[],"class_list":["post-18172","post","type-post","status-publish","format-standard","has-post-thumbnail","hentry","category-articulos"],"acf":[],"yoast_head":"<!-- This site is optimized with the Yoast SEO plugin v27.5 - https:\/\/yoast.com\/product\/yoast-seo-wordpress\/ -->\n<title>Punto a favor del arbitraje: Sentencia 15 de febrero del Constitucional - Diaz Reus<\/title>\n<meta name=\"robots\" content=\"index, follow, max-snippet:-1, max-image-preview:large, max-video-preview:-1\" \/>\n<link rel=\"canonical\" href=\"https:\/\/diazreus.com\/es\/punto-a-favor-del-arbitraje-sentencia-15-de-febrero-del-constitucional\/\" \/>\n<meta property=\"og:locale\" content=\"es_ES\" \/>\n<meta property=\"og:type\" content=\"article\" \/>\n<meta property=\"og:title\" content=\"Punto a favor del arbitraje: Sentencia 15 de febrero del Constitucional - Diaz Reus\" \/>\n<meta property=\"og:description\" content=\"[:en]Por Tom\u00e1s Villatoro, Socio de Ius + Aequitas, miembro de la alianza DRT (DRT Alliance) en Espa\u00f1a. El pasado 15 de febrero de 2021 el Tribunal Constitucional ha estimado el recurso de amparo que se interpuso contra la sentencia n\u00ba 1\/2018 de la de la Sala de lo Civil y Penal del Tribunal Superior de Justicia de Madrid, que anul\u00f3 un laudo dictado en un arbitraje en equidad, al considerar que aqu\u00e9l no hab\u00eda sido suficientemente motivado por el \u00e1rbitro.[:es]Por Tom\u00e1s Villatoro, Socio de Ius + Aequitas, miembro de la alianza DRT (DRT Alliance) en Espa\u00f1a. El pasado 15 de febrero de 2021 el Tribunal Constitucional ha estimado el recurso de amparo que se interpuso contra la sentencia n\u00ba 1\/2018 de la de la Sala de lo Civil y Penal del Tribunal Superior de Justicia de Madrid, que anul\u00f3 un laudo dictado en un arbitraje en equidad, al considerar que aqu\u00e9l no hab\u00eda sido suficientemente motivado por el \u00e1rbitro.[:ru]Por Tom\u00e1s Villatoro, Socio de Ius + Aequitas, miembro de la alianza DRT (DRT Alliance) en Espa\u00f1a. El pasado 15 de febrero de 2021 el Tribunal Constitucional ha estimado el recurso de amparo que se interpuso contra la sentencia n\u00ba 1\/2018 de la de la Sala de lo Civil y Penal del Tribunal Superior de Justicia de Madrid, que anul\u00f3 un laudo dictado en un arbitraje en equidad, al considerar que aqu\u00e9l no hab\u00eda sido suficientemente motivado por el \u00e1rbitro.[:]\" \/>\n<meta property=\"og:url\" content=\"https:\/\/diazreus.com\/es\/punto-a-favor-del-arbitraje-sentencia-15-de-febrero-del-constitucional\/\" \/>\n<meta property=\"og:site_name\" content=\"Diaz Reus\" \/>\n<meta property=\"article:published_time\" content=\"2021-05-31T16:35:32+00:00\" \/>\n<meta property=\"article:modified_time\" content=\"2021-05-31T18:08:07+00:00\" \/>\n<meta property=\"og:image\" content=\"https:\/\/diazreus.com\/wp-content\/uploads\/2021\/03\/Economist-Jurist.jpeg\" \/>\n\t<meta property=\"og:image:width\" content=\"960\" \/>\n\t<meta property=\"og:image:height\" content=\"640\" \/>\n\t<meta property=\"og:image:type\" content=\"image\/jpeg\" \/>\n<meta name=\"author\" content=\"Kris Sanchez\" \/>\n<meta name=\"twitter:card\" content=\"summary_large_image\" \/>\n<meta name=\"twitter:label1\" content=\"Escrito por\" \/>\n\t<meta name=\"twitter:data1\" content=\"Kris Sanchez\" \/>\n\t<meta name=\"twitter:label2\" content=\"Tiempo de lectura\" \/>\n\t<meta name=\"twitter:data2\" content=\"1 minuto\" \/>\n<script type=\"application\/ld+json\" class=\"yoast-schema-graph\">{\"@context\":\"https:\\\/\\\/schema.org\",\"@graph\":[{\"@type\":\"Article\",\"@id\":\"https:\\\/\\\/diazreus.com\\\/es\\\/punto-a-favor-del-arbitraje-sentencia-15-de-febrero-del-constitucional\\\/#article\",\"isPartOf\":{\"@id\":\"https:\\\/\\\/diazreus.com\\\/es\\\/punto-a-favor-del-arbitraje-sentencia-15-de-febrero-del-constitucional\\\/\"},\"author\":{\"name\":\"Kris Sanchez\",\"@id\":\"https:\\\/\\\/diazreus.com\\\/es\\\/#\\\/schema\\\/person\\\/e7ed1aca6422f51395551c0335a93700\"},\"headline\":\"Punto a favor del arbitraje: Sentencia 15 de febrero del Constitucional\",\"datePublished\":\"2021-05-31T16:35:32+00:00\",\"dateModified\":\"2021-05-31T18:08:07+00:00\",\"mainEntityOfPage\":{\"@id\":\"https:\\\/\\\/diazreus.com\\\/es\\\/punto-a-favor-del-arbitraje-sentencia-15-de-febrero-del-constitucional\\\/\"},\"wordCount\":273,\"image\":{\"@id\":\"https:\\\/\\\/diazreus.com\\\/es\\\/punto-a-favor-del-arbitraje-sentencia-15-de-febrero-del-constitucional\\\/#primaryimage\"},\"thumbnailUrl\":\"https:\\\/\\\/diazreus.com\\\/wp-content\\\/uploads\\\/2021\\\/03\\\/Economist-Jurist.jpeg\",\"articleSection\":[\"Art\u00edculos\"],\"inLanguage\":\"es\"},{\"@type\":\"WebPage\",\"@id\":\"https:\\\/\\\/diazreus.com\\\/es\\\/punto-a-favor-del-arbitraje-sentencia-15-de-febrero-del-constitucional\\\/\",\"url\":\"https:\\\/\\\/diazreus.com\\\/es\\\/punto-a-favor-del-arbitraje-sentencia-15-de-febrero-del-constitucional\\\/\",\"name\":\"Punto a favor del arbitraje: Sentencia 15 de febrero del Constitucional - Diaz Reus\",\"isPartOf\":{\"@id\":\"https:\\\/\\\/diazreus.com\\\/es\\\/#website\"},\"primaryImageOfPage\":{\"@id\":\"https:\\\/\\\/diazreus.com\\\/es\\\/punto-a-favor-del-arbitraje-sentencia-15-de-febrero-del-constitucional\\\/#primaryimage\"},\"image\":{\"@id\":\"https:\\\/\\\/diazreus.com\\\/es\\\/punto-a-favor-del-arbitraje-sentencia-15-de-febrero-del-constitucional\\\/#primaryimage\"},\"thumbnailUrl\":\"https:\\\/\\\/diazreus.com\\\/wp-content\\\/uploads\\\/2021\\\/03\\\/Economist-Jurist.jpeg\",\"datePublished\":\"2021-05-31T16:35:32+00:00\",\"dateModified\":\"2021-05-31T18:08:07+00:00\",\"author\":{\"@id\":\"https:\\\/\\\/diazreus.com\\\/es\\\/#\\\/schema\\\/person\\\/e7ed1aca6422f51395551c0335a93700\"},\"breadcrumb\":{\"@id\":\"https:\\\/\\\/diazreus.com\\\/es\\\/punto-a-favor-del-arbitraje-sentencia-15-de-febrero-del-constitucional\\\/#breadcrumb\"},\"inLanguage\":\"es\",\"potentialAction\":[{\"@type\":\"ReadAction\",\"target\":[\"https:\\\/\\\/diazreus.com\\\/es\\\/punto-a-favor-del-arbitraje-sentencia-15-de-febrero-del-constitucional\\\/\"]}]},{\"@type\":\"ImageObject\",\"inLanguage\":\"es\",\"@id\":\"https:\\\/\\\/diazreus.com\\\/es\\\/punto-a-favor-del-arbitraje-sentencia-15-de-febrero-del-constitucional\\\/#primaryimage\",\"url\":\"https:\\\/\\\/diazreus.com\\\/wp-content\\\/uploads\\\/2021\\\/03\\\/Economist-Jurist.jpeg\",\"contentUrl\":\"https:\\\/\\\/diazreus.com\\\/wp-content\\\/uploads\\\/2021\\\/03\\\/Economist-Jurist.jpeg\",\"width\":960,\"height\":640},{\"@type\":\"BreadcrumbList\",\"@id\":\"https:\\\/\\\/diazreus.com\\\/es\\\/punto-a-favor-del-arbitraje-sentencia-15-de-febrero-del-constitucional\\\/#breadcrumb\",\"itemListElement\":[{\"@type\":\"ListItem\",\"position\":1,\"name\":\"Home\",\"item\":\"https:\\\/\\\/diazreus.com\\\/es\\\/home-espanol\\\/\"},{\"@type\":\"ListItem\",\"position\":2,\"name\":\"Punto a favor del arbitraje: Sentencia 15 de febrero del Constitucional\"}]},{\"@type\":\"WebSite\",\"@id\":\"https:\\\/\\\/diazreus.com\\\/es\\\/#website\",\"url\":\"https:\\\/\\\/diazreus.com\\\/es\\\/\",\"name\":\"Diaz Reus\",\"description\":\"\",\"potentialAction\":[{\"@type\":\"SearchAction\",\"target\":{\"@type\":\"EntryPoint\",\"urlTemplate\":\"https:\\\/\\\/diazreus.com\\\/es\\\/?s={search_term_string}\"},\"query-input\":{\"@type\":\"PropertyValueSpecification\",\"valueRequired\":true,\"valueName\":\"search_term_string\"}}],\"inLanguage\":\"es\"},{\"@type\":\"Person\",\"@id\":\"https:\\\/\\\/diazreus.com\\\/es\\\/#\\\/schema\\\/person\\\/e7ed1aca6422f51395551c0335a93700\",\"name\":\"Kris Sanchez\",\"url\":\"https:\\\/\\\/diazreus.com\\\/es\\\/author\\\/kris-sanchez\\\/\"}]}<\/script>\n<!-- \/ Yoast SEO plugin. -->","yoast_head_json":{"title":"Punto a favor del arbitraje: Sentencia 15 de febrero del Constitucional - Diaz Reus","robots":{"index":"index","follow":"follow","max-snippet":"max-snippet:-1","max-image-preview":"max-image-preview:large","max-video-preview":"max-video-preview:-1"},"canonical":"https:\/\/diazreus.com\/es\/punto-a-favor-del-arbitraje-sentencia-15-de-febrero-del-constitucional\/","og_locale":"es_ES","og_type":"article","og_title":"Punto a favor del arbitraje: Sentencia 15 de febrero del Constitucional - Diaz Reus","og_description":"[:en]Por Tom\u00e1s Villatoro, Socio de Ius + Aequitas, miembro de la alianza DRT (DRT Alliance) en Espa\u00f1a. El pasado 15 de febrero de 2021 el Tribunal Constitucional ha estimado el recurso de amparo que se interpuso contra la sentencia n\u00ba 1\/2018 de la de la Sala de lo Civil y Penal del Tribunal Superior de Justicia de Madrid, que anul\u00f3 un laudo dictado en un arbitraje en equidad, al considerar que aqu\u00e9l no hab\u00eda sido suficientemente motivado por el \u00e1rbitro.[:es]Por Tom\u00e1s Villatoro, Socio de Ius + Aequitas, miembro de la alianza DRT (DRT Alliance) en Espa\u00f1a. El pasado 15 de febrero de 2021 el Tribunal Constitucional ha estimado el recurso de amparo que se interpuso contra la sentencia n\u00ba 1\/2018 de la de la Sala de lo Civil y Penal del Tribunal Superior de Justicia de Madrid, que anul\u00f3 un laudo dictado en un arbitraje en equidad, al considerar que aqu\u00e9l no hab\u00eda sido suficientemente motivado por el \u00e1rbitro.[:ru]Por Tom\u00e1s Villatoro, Socio de Ius + Aequitas, miembro de la alianza DRT (DRT Alliance) en Espa\u00f1a. El pasado 15 de febrero de 2021 el Tribunal Constitucional ha estimado el recurso de amparo que se interpuso contra la sentencia n\u00ba 1\/2018 de la de la Sala de lo Civil y Penal del Tribunal Superior de Justicia de Madrid, que anul\u00f3 un laudo dictado en un arbitraje en equidad, al considerar que aqu\u00e9l no hab\u00eda sido suficientemente motivado por el \u00e1rbitro.[:]","og_url":"https:\/\/diazreus.com\/es\/punto-a-favor-del-arbitraje-sentencia-15-de-febrero-del-constitucional\/","og_site_name":"Diaz Reus","article_published_time":"2021-05-31T16:35:32+00:00","article_modified_time":"2021-05-31T18:08:07+00:00","og_image":[{"width":960,"height":640,"url":"https:\/\/diazreus.com\/wp-content\/uploads\/2021\/03\/Economist-Jurist.jpeg","type":"image\/jpeg"}],"author":"Kris Sanchez","twitter_card":"summary_large_image","twitter_misc":{"Escrito por":"Kris Sanchez","Tiempo de lectura":"1 minuto"},"schema":{"@context":"https:\/\/schema.org","@graph":[{"@type":"Article","@id":"https:\/\/diazreus.com\/es\/punto-a-favor-del-arbitraje-sentencia-15-de-febrero-del-constitucional\/#article","isPartOf":{"@id":"https:\/\/diazreus.com\/es\/punto-a-favor-del-arbitraje-sentencia-15-de-febrero-del-constitucional\/"},"author":{"name":"Kris Sanchez","@id":"https:\/\/diazreus.com\/es\/#\/schema\/person\/e7ed1aca6422f51395551c0335a93700"},"headline":"Punto a favor del arbitraje: Sentencia 15 de febrero del Constitucional","datePublished":"2021-05-31T16:35:32+00:00","dateModified":"2021-05-31T18:08:07+00:00","mainEntityOfPage":{"@id":"https:\/\/diazreus.com\/es\/punto-a-favor-del-arbitraje-sentencia-15-de-febrero-del-constitucional\/"},"wordCount":273,"image":{"@id":"https:\/\/diazreus.com\/es\/punto-a-favor-del-arbitraje-sentencia-15-de-febrero-del-constitucional\/#primaryimage"},"thumbnailUrl":"https:\/\/diazreus.com\/wp-content\/uploads\/2021\/03\/Economist-Jurist.jpeg","articleSection":["Art\u00edculos"],"inLanguage":"es"},{"@type":"WebPage","@id":"https:\/\/diazreus.com\/es\/punto-a-favor-del-arbitraje-sentencia-15-de-febrero-del-constitucional\/","url":"https:\/\/diazreus.com\/es\/punto-a-favor-del-arbitraje-sentencia-15-de-febrero-del-constitucional\/","name":"Punto a favor del arbitraje: Sentencia 15 de febrero del Constitucional - Diaz Reus","isPartOf":{"@id":"https:\/\/diazreus.com\/es\/#website"},"primaryImageOfPage":{"@id":"https:\/\/diazreus.com\/es\/punto-a-favor-del-arbitraje-sentencia-15-de-febrero-del-constitucional\/#primaryimage"},"image":{"@id":"https:\/\/diazreus.com\/es\/punto-a-favor-del-arbitraje-sentencia-15-de-febrero-del-constitucional\/#primaryimage"},"thumbnailUrl":"https:\/\/diazreus.com\/wp-content\/uploads\/2021\/03\/Economist-Jurist.jpeg","datePublished":"2021-05-31T16:35:32+00:00","dateModified":"2021-05-31T18:08:07+00:00","author":{"@id":"https:\/\/diazreus.com\/es\/#\/schema\/person\/e7ed1aca6422f51395551c0335a93700"},"breadcrumb":{"@id":"https:\/\/diazreus.com\/es\/punto-a-favor-del-arbitraje-sentencia-15-de-febrero-del-constitucional\/#breadcrumb"},"inLanguage":"es","potentialAction":[{"@type":"ReadAction","target":["https:\/\/diazreus.com\/es\/punto-a-favor-del-arbitraje-sentencia-15-de-febrero-del-constitucional\/"]}]},{"@type":"ImageObject","inLanguage":"es","@id":"https:\/\/diazreus.com\/es\/punto-a-favor-del-arbitraje-sentencia-15-de-febrero-del-constitucional\/#primaryimage","url":"https:\/\/diazreus.com\/wp-content\/uploads\/2021\/03\/Economist-Jurist.jpeg","contentUrl":"https:\/\/diazreus.com\/wp-content\/uploads\/2021\/03\/Economist-Jurist.jpeg","width":960,"height":640},{"@type":"BreadcrumbList","@id":"https:\/\/diazreus.com\/es\/punto-a-favor-del-arbitraje-sentencia-15-de-febrero-del-constitucional\/#breadcrumb","itemListElement":[{"@type":"ListItem","position":1,"name":"Home","item":"https:\/\/diazreus.com\/es\/home-espanol\/"},{"@type":"ListItem","position":2,"name":"Punto a favor del arbitraje: Sentencia 15 de febrero del Constitucional"}]},{"@type":"WebSite","@id":"https:\/\/diazreus.com\/es\/#website","url":"https:\/\/diazreus.com\/es\/","name":"Diaz Reus","description":"","potentialAction":[{"@type":"SearchAction","target":{"@type":"EntryPoint","urlTemplate":"https:\/\/diazreus.com\/es\/?s={search_term_string}"},"query-input":{"@type":"PropertyValueSpecification","valueRequired":true,"valueName":"search_term_string"}}],"inLanguage":"es"},{"@type":"Person","@id":"https:\/\/diazreus.com\/es\/#\/schema\/person\/e7ed1aca6422f51395551c0335a93700","name":"Kris Sanchez","url":"https:\/\/diazreus.com\/es\/author\/kris-sanchez\/"}]}},"_links":{"self":[{"href":"https:\/\/diazreus.com\/es\/wp-json\/wp\/v2\/posts\/18172","targetHints":{"allow":["GET"]}}],"collection":[{"href":"https:\/\/diazreus.com\/es\/wp-json\/wp\/v2\/posts"}],"about":[{"href":"https:\/\/diazreus.com\/es\/wp-json\/wp\/v2\/types\/post"}],"author":[{"embeddable":true,"href":"https:\/\/diazreus.com\/es\/wp-json\/wp\/v2\/users\/4"}],"replies":[{"embeddable":true,"href":"https:\/\/diazreus.com\/es\/wp-json\/wp\/v2\/comments?post=18172"}],"version-history":[{"count":2,"href":"https:\/\/diazreus.com\/es\/wp-json\/wp\/v2\/posts\/18172\/revisions"}],"predecessor-version":[{"id":18286,"href":"https:\/\/diazreus.com\/es\/wp-json\/wp\/v2\/posts\/18172\/revisions\/18286"}],"wp:featuredmedia":[{"embeddable":true,"href":"https:\/\/diazreus.com\/es\/wp-json\/wp\/v2\/media\/11149"}],"wp:attachment":[{"href":"https:\/\/diazreus.com\/es\/wp-json\/wp\/v2\/media?parent=18172"}],"wp:term":[{"taxonomy":"category","embeddable":true,"href":"https:\/\/diazreus.com\/es\/wp-json\/wp\/v2\/categories?post=18172"},{"taxonomy":"post_tag","embeddable":true,"href":"https:\/\/diazreus.com\/es\/wp-json\/wp\/v2\/tags?post=18172"}],"curies":[{"name":"wp","href":"https:\/\/api.w.org\/{rel}","templated":true}]}}